{"id":32913,"date":"2026-03-11T13:48:06","date_gmt":"2026-03-11T16:48:06","guid":{"rendered":"https:\/\/diariotribuna.com.br\/?p=32913"},"modified":"2026-03-11T13:48:06","modified_gmt":"2026-03-11T16:48:06","slug":"edital-da-4a-maratona-faemg-jovem-ja-esta-disponivel","status":"publish","type":"post","link":"https:\/\/diariotribuna.com.br\/?p=32913","title":{"rendered":"Edital da 4\u00aa Maratona Faemg Jovem j\u00e1 est\u00e1 dispon\u00edvel\u00a0"},"content":{"rendered":"<p>\u201cO meu neg\u00f3cio \u00e9 agro\u201d \u00e9 o tema da nova edi\u00e7\u00e3o da Maratona Faemg Jovem, iniciativa do Sistema Faemg Senar que mobiliza jovens mineiros em torno de desafios voltados \u00e0 inova\u00e7\u00e3o, lideran\u00e7a e desenvolvimento do agroneg\u00f3cio.<br \/>\u00a0<br \/>Neste ano, a competi\u00e7\u00e3o segue refor\u00e7ando o protagonismo da juventude na constru\u00e7\u00e3o do presente e do futuro do setor agropecu\u00e1rio em Minas Gerais. A proposta \u00e9 estimular a participa\u00e7\u00e3o de jovens que j\u00e1 atuam ou t\u00eam interesse no agroneg\u00f3cio, incentivando a cria\u00e7\u00e3o de solu\u00e7\u00f5es, projetos e iniciativas que fortale\u00e7am o campo e ampliem as oportunidades de desenvolvimento nas comunidades rurais.<br \/>\u00a0<br \/>Para participar do programa, \u00e9 necess\u00e1rio ter entre 18 e 30 anos, residir em Minas Gerais e possuir escolaridade m\u00ednima de ensino m\u00e9dio completo. A maratona \u00e9 aberta a produtores rurais, filhos de produtores, estudantes, profissionais e pessoas interessadas no agro. Os participantes tamb\u00e9m devem ter disponibilidade para participar de atividades presenciais e a dist\u00e2ncia, conforme previsto no edital.<br \/>\u00a0<br \/>Durante a competi\u00e7\u00e3o, os jovens ir\u00e3o se organizar em equipes vinculadas aos Sindicatos dos Produtores Rurais (SPR) de suas regi\u00f5es, e ao longo da jornada, os times enfrentar\u00e3o desafios voltados \u00e0 realidade do agroneg\u00f3cio, com avalia\u00e7\u00e3o baseada na execu\u00e7\u00e3o das propostas e no impacto das iniciativas desenvolvidas.<br \/>\u00a0<br \/><a href=\"https:\/\/www.faemg.org.br\/Content\/uploads\/noticias\/ElUu1772740640264.pdf\">O edital com todas as regras, prazos e orienta\u00e7\u00f5es est\u00e1 dispon\u00edvel no site do Sistema Faemg Senar.<\/a><\/p>\n<p>\u00a0<\/p>","protected":false},"excerpt":{"rendered":"<p>\u201cO meu neg\u00f3cio \u00e9 agro\u201d \u00e9 o tema da nova edi\u00e7\u00e3o da Maratona Faemg Jovem, iniciativa do Sistema Faemg Senar que mobiliza jovens mineiros em torno de desafios voltados \u00e0 inova\u00e7\u00e3o, lideran\u00e7a e desenvolvimento do agroneg\u00f3cio.\u00a0Neste ano, a competi\u00e7\u00e3o segue refor\u00e7ando o protagonismo da juventude na constru\u00e7\u00e3o do presente e do futuro do setor agropecu\u00e1rio [&hellip;]<\/p>\n","protected":false},"author":0,"featured_media":32914,"comment_status":"open","ping_status":"open","sticky":false,"template":"","format":"standard","meta":{"rop_custom_images_group":[],"rop_custom_messages_group":[],"rop_publish_now":"initial","rop_publish_now_accounts":[],"rop_publish_now_history":[],"rop_publish_now_status":"pending","footnotes":""},"categories":[6745],"tags":[],"class_list":["post-32913","post","type-post","status-publish","format-standard","has-post-thumbnail","hentry","category-coluna-sindijori"],"_links":{"self":[{"href":"https:\/\/diariotribuna.com.br\/index.php?rest_route=\/wp\/v2\/posts\/32913"}],"collection":[{"href":"https:\/\/diariotribuna.com.br\/index.php?rest_route=\/wp\/v2\/posts"}],"about":[{"href":"https:\/\/diariotribuna.com.br\/index.php?rest_route=\/wp\/v2\/types\/post"}],"replies":[{"embeddable":true,"href":"https:\/\/diariotribuna.com.br\/index.php?rest_route=%2Fwp%2Fv2%2Fcomments&post=32913"}],"version-history":[{"count":0,"href":"https:\/\/diariotribuna.com.br\/index.php?rest_route=\/wp\/v2\/posts\/32913\/revisions"}],"wp:featuredmedia":[{"embeddable":true,"href":"https:\/\/diariotribuna.com.br\/index.php?rest_route=\/wp\/v2\/media\/32914"}],"wp:attachment":[{"href":"https:\/\/diariotribuna.com.br\/index.php?rest_route=%2Fwp%2Fv2%2Fmedia&parent=32913"}],"wp:term":[{"taxonomy":"category","embeddable":true,"href":"https:\/\/diariotribuna.com.br\/index.php?rest_route=%2Fwp%2Fv2%2Fcategories&post=32913"},{"taxonomy":"post_tag","embeddable":true,"href":"https:\/\/diariotribuna.com.br\/index.php?rest_route=%2Fwp%2Fv2%2Ftags&post=32913"}],"curies":[{"name":"wp","href":"https:\/\/api.w.org\/{rel}","templated":true}]}}