{"id":32915,"date":"2026-03-10T11:26:45","date_gmt":"2026-03-10T14:26:45","guid":{"rendered":"https:\/\/diariotribuna.com.br\/?p=32915"},"modified":"2026-03-10T11:26:45","modified_gmt":"2026-03-10T14:26:45","slug":"oab-mg-entregou-ao-conselho-federal-proposta-de-codigo-de-etica-para-ministros-do-stf","status":"publish","type":"post","link":"https:\/\/diariotribuna.com.br\/?p=32915","title":{"rendered":"OAB-MG entregou ao Conselho Federal proposta de C\u00f3digo de \u00c9tica para Ministros do STF\u00a0"},"content":{"rendered":"<p>O presidente da Ordem dos Advogados do Brasil, se\u00e7\u00e3o Minas Gerais (OAB-MG), Gustavo Chalfun, entregou nesta segunda-feira (9), em Bras\u00edlia, uma proposta de Emenda ao Regimento Interno do Supremo Tribunal Federal (STF). O documento, que instituiu normas de conduta funcional aplic\u00e1veis aos Ministros da Corte, foi encaminhado formalmente ao presidente do Conselho Federal da OAB, Dr. Jos\u00e9 Alberto Ribeiro Simonetti Cabral.<br \/>O of\u00edcio mineiro registrou respeito \u00e0 iniciativa anterior da Seccional de S\u00e3o Paulo, reconhecendo a relev\u00e2ncia daquele texto para a advocacia. Inspirada por esse passo, a Comiss\u00e3o de Juristas Not\u00e1veis da OAB-MG buscou contribuir com o tema e prop\u00f4s um aprofundamento normativo focado nos desafios da jurisdi\u00e7\u00e3o constitucional.<br \/>O documento da OAB-MG indicou o consenso acad\u00eamico de que o julgamento humano n\u00e3o \u00e9 imune a vieses cognitivos, heur\u00edsticas e influ\u00eancias contextuais, mesmo quando exercido com t\u00e9cnica e boa-f\u00e9. A proposta sugeriu a incorpora\u00e7\u00e3o das normas de conduta diretamente ao Regimento Interno do STF, com o objetivo de reduzir riscos estruturais de enviesamento decis\u00f3rio. Segundo o texto, a medida buscou conferir densidade normativa, estabilidade institucional e efic\u00e1cia operacional.<br \/>O desenvolvimento da proposta utilizou como refer\u00eancias t\u00e9cnicas o Code of Conduct for Justices of the Supreme Court of the United States (2023) e o C\u00f3digo de Conduta dos Ju\u00edzes do Tribunal Constitucional Federal da Alemanha (2018). O of\u00edcio informou que a emenda n\u00e3o pretendeu inovar em mat\u00e9ria constitucional ou interferir na independ\u00eancia funcional dos Ministros, mas sim regulamentar deveres vinculados ao exerc\u00edcio da jurisdi\u00e7\u00e3o.<br \/>A Comiss\u00e3o de Juristas Not\u00e1veis da OAB-MG respons\u00e1vel pela elabora\u00e7\u00e3o do texto foi composta por Caio Vieira de Mello, Carlos M\u00e1rio da Silva Velloso, Cristiana Fortini, Dierle Nunes, Flaviane de Magalh\u00e3es Barros, Gustavo Chalfun, Hermes Visches Guerrero, Humberto Theodoro J\u00fanior, Jos\u00e9 Edgard Penna Amorim Siqueira, Juliana Faria de Cordeiro, Lorena Bastianetto, Marcelo Leonardo, Misabel Derzi, N\u00fabia de Paula, Paulo Roberto de Gouv\u00eaa Medina, Ronaldo Br\u00eatas de Carvalho Dias, Valter Lobato e Wilba L\u00facia Maia Bernardes.<\/p>\n<p>\u00a0<\/p>","protected":false},"excerpt":{"rendered":"<p>O presidente da Ordem dos Advogados do Brasil, se\u00e7\u00e3o Minas Gerais (OAB-MG), Gustavo Chalfun, entregou nesta segunda-feira (9), em Bras\u00edlia, uma proposta de Emenda ao Regimento Interno do Supremo Tribunal Federal (STF). O documento, que instituiu normas de conduta funcional aplic\u00e1veis aos Ministros da Corte, foi encaminhado formalmente ao presidente do Conselho Federal da OAB, [&hellip;]<\/p>\n","protected":false},"author":0,"featured_media":32916,"comment_status":"open","ping_status":"open","sticky":false,"template":"","format":"standard","meta":{"rop_custom_images_group":[],"rop_custom_messages_group":[],"rop_publish_now":"initial","rop_publish_now_accounts":[],"rop_publish_now_history":[],"rop_publish_now_status":"pending","footnotes":""},"categories":[6745],"tags":[],"class_list":["post-32915","post","type-post","status-publish","format-standard","has-post-thumbnail","hentry","category-coluna-sindijori"],"_links":{"self":[{"href":"https:\/\/diariotribuna.com.br\/index.php?rest_route=\/wp\/v2\/posts\/32915"}],"collection":[{"href":"https:\/\/diariotribuna.com.br\/index.php?rest_route=\/wp\/v2\/posts"}],"about":[{"href":"https:\/\/diariotribuna.com.br\/index.php?rest_route=\/wp\/v2\/types\/post"}],"replies":[{"embeddable":true,"href":"https:\/\/diariotribuna.com.br\/index.php?rest_route=%2Fwp%2Fv2%2Fcomments&post=32915"}],"version-history":[{"count":0,"href":"https:\/\/diariotribuna.com.br\/index.php?rest_route=\/wp\/v2\/posts\/32915\/revisions"}],"wp:featuredmedia":[{"embeddable":true,"href":"https:\/\/diariotribuna.com.br\/index.php?rest_route=\/wp\/v2\/media\/32916"}],"wp:attachment":[{"href":"https:\/\/diariotribuna.com.br\/index.php?rest_route=%2Fwp%2Fv2%2Fmedia&parent=32915"}],"wp:term":[{"taxonomy":"category","embeddable":true,"href":"https:\/\/diariotribuna.com.br\/index.php?rest_route=%2Fwp%2Fv2%2Fcategories&post=32915"},{"taxonomy":"post_tag","embeddable":true,"href":"https:\/\/diariotribuna.com.br\/index.php?rest_route=%2Fwp%2Fv2%2Ftags&post=32915"}],"curies":[{"name":"wp","href":"https:\/\/api.w.org\/{rel}","templated":true}]}}