{"id":32917,"date":"2026-03-07T10:48:54","date_gmt":"2026-03-07T13:48:54","guid":{"rendered":"https:\/\/diariotribuna.com.br\/?p=32917"},"modified":"2026-03-07T10:48:54","modified_gmt":"2026-03-07T13:48:54","slug":"chuvas-na-zona-da-mata-produtores-de-uba-contabilizam-os-prejuizos","status":"publish","type":"post","link":"https:\/\/diariotribuna.com.br\/?p=32917","title":{"rendered":"Chuvas na Zona da Mata: produtores de Ub\u00e1 contabilizam os preju\u00edzos\u00a0"},"content":{"rendered":"<p><span>FAEMG SENAR &#8211; Divulga\u00e7\u00e3o<\/span><\/p>\n<p>Luiz Fernando olha com desgosto para a \u00e1rea onde, h\u00e1 dez dias, havia duas mil covas de banana. A chuva da noite de 23 de fevereiro encheu rapidamente o c\u00f3rrego Miragaia, que passa dentro da propriedade, e a for\u00e7a da \u00e1gua derrubou todo o bananal e outras planta\u00e7\u00f5es do produtor.<\/p>\n<p><em>\u00a0&#8211; Encheu tudo, parecia um mar, e vinha forte como uma onda, relembra.<\/em><\/p>\n<p>A t\u00e9cnica de campo Karina Soares, que atende Luiz Fernando pelo programa de<strong> Assist\u00eancia T\u00e9cnica e Gerencial (ATeG) <\/strong>do Sistema Faemg Senar, tamb\u00e9m n\u00e3o esconde a tristeza ao ver a situa\u00e7\u00e3o do s\u00edtio.<\/p>\n<p><em>\u00a0&#8211; Luiz Fernando \u00e9 um produtor muito empenhado. Em oito meses de trabalho conjunto, conseguimos mudar muita coisa. Quando cheguei aqui e vi que toda a aduba\u00e7\u00e3o que fizemos, o estoque de nutrientes, tanto da banana quanto do quiabo e jil\u00f3, foi tudo levado, \u00e9 desolador.<\/em><\/p>\n<p>Karina voltou \u00e0 propriedade nessa quarta-feira (4\/3) junto com o gerente do Escrit\u00f3rio Regional do Sistema Faemg Senar em Juiz de Fora, Emerson Sim\u00e3o, e o assistente de desenvolvimento rural do Sindicato de Produtores Rurais de Ub\u00e1, Everton Gon\u00e7alves.<\/p>\n<p>Luiz Fernando \u00e9 um dos produtores rurais de Ub\u00e1 atingidos pelas consequ\u00eancias da chuva na regi\u00e3o. Em poucas horas, segundo a prefeitura municipal, choveu cerca de 91 mil\u00edmetros. As propriedades \u00e0s margens dos c\u00f3rregos Miragaia e Alfenas, que formam o rio Ub\u00e1, foram as que mais sofreram.<\/p>\n<p>A for\u00e7a da \u00e1gua levou planta\u00e7\u00f5es, exp\u00f4s ra\u00edzes, destruiu pontes de concreto e interditou vias. De acordo com levantamento da prefeitura de Ub\u00e1, at\u00e9 quarta-feira, 31 pontes haviam sido danificadas. No total, cerca de 650 quil\u00f4metros de estradas dever\u00e3o ser desobstru\u00eddos ou receber nova camada de cascalho.<\/p>\n<p>Por causa das interdi\u00e7\u00f5es, o escoamento da produ\u00e7\u00e3o que foi poss\u00edvel aproveitar est\u00e1 dificultado. Em uma das pontes levadas pela chuva, moradores da regi\u00e3o improvisaram uma pinguela, por onde s\u00f3 \u00e9 poss\u00edvel passar a p\u00e9 ou de moto.<\/p>\n<p>Os produtores levam a colheita de carro at\u00e9 esse ponto do rio, atravessam com as caixas nas costas e carregam a camionete do outro lado para seguir at\u00e9 a cidade.<\/p>\n<p>Messias Le\u00f4ncio conta que a planta\u00e7\u00e3o de abobrinha, pepino, berinjela e piment\u00e3o foi totalmente destru\u00edda pela \u00e1gua, al\u00e9m de algumas m\u00e1quinas.<\/p>\n<p><em>\u00a0&#8211; Gra\u00e7as a Deus, n\u00e3o teve casa destru\u00edda, s\u00f3 em duas que a \u00e1gua entrou, e os animais tamb\u00e9m n\u00e3o foram levados, mas o que tinha de horta foi embora com a chuva.<\/em><\/p>\n<p>Ele ainda n\u00e3o sabe calcular o preju\u00edzo total, mas estima que havia cerca de quatro hectares plantados.<\/p>\n<p>Um dos amigos que ajudavam na travessia dos produtos de Messias era Bruno Romanholi, produtor de leite. Na fazenda dele, a chuva destruiu cercas, o motor de irriga\u00e7\u00e3o e causou preju\u00edzos agravados pela falta de energia el\u00e9trica.<\/p>\n<p>O escoamento dos 450 litros de leite produzidos por dia, que antes era feito por caminh\u00e3o, agora precisa ser distribu\u00eddo em tambores transportados por pequenas carretas.<\/p>\n<p><em>\u00a0&#8211; Ainda n\u00e3o tivemos tempo de calcular as perdas. Meu av\u00f4 tem 80 anos e disse que nunca viu uma enchente como essa na regi\u00e3o, conta.<\/em><\/p>\n<p><strong>Dificuldade de comercializa\u00e7\u00e3o<\/strong><\/p>\n<p>Outra dificuldade enfrentada pelos produtores rurais da regi\u00e3o de Ub\u00e1 \u00e9 a falta de local para comercializa\u00e7\u00e3o dos produtos. O galp\u00e3o no centro da cidade onde funcionava a feira livre municipal foi coberto de lama. Refrigeradores e mobili\u00e1rio foram perdidos, al\u00e9m da dificuldade de acesso.<\/p>\n<p>Nessa quarta-feira (4\/3), funcion\u00e1rios da prefeitura realizavam a limpeza com um caminh\u00e3o-pipa, mas ainda n\u00e3o h\u00e1 previs\u00e3o para a retomada das atividades.<\/p>\n<p>Com as aulas nas escolas municipais e estaduais suspensas, as compras realizadas pelo <strong>Programa Nacional de Alimenta\u00e7\u00e3o Escolar (Pnae)<\/strong> tamb\u00e9m ficaram sem destino.<\/p>\n<p>Por isso, a t\u00e9cnica de campo Karina Soares faz um apelo \u00e0 popula\u00e7\u00e3o.<\/p>\n<p><em>\u00a0&#8211; Vamos valorizar os produtos da regi\u00e3o, dar prioridade para comprar de produtores locais.<\/em><\/p>\n<p><strong>Apoio institucional aos produtores<\/strong><\/p>\n<p>O gerente regional Emerson Sim\u00e3o informou que o Sistema Faemg Senar e os sindicatos rurais est\u00e3o atuando na representa\u00e7\u00e3o dos produtores afetados junto ao poder p\u00fablico e \u00e0s institui\u00e7\u00f5es de cr\u00e9dito.<\/p>\n<p><em>\u00a0&#8211; Vamos auxiliar aqueles que t\u00eam financiamento em aberto para negociar as d\u00edvidas da melhor forma e pedir a reconstru\u00e7\u00e3o das estruturas das pontes e dos acessos o mais r\u00e1pido poss\u00edvel.<\/em><\/p>\n<p>Em um segundo momento, explica Emerson, a inten\u00e7\u00e3o \u00e9 fortalecer os produtores com cursos e com o apoio do <strong>ATeG<\/strong>, levando mais t\u00e9cnica e tecnologia para aumentar a produtividade.<\/p>\n<p><em>\u00a0&#8211; \u00a0Isso \u00e9 primordial para a manuten\u00e7\u00e3o dos produtores no campo, conclui.<\/em><\/p>\n<p>\u00a0<\/p>","protected":false},"excerpt":{"rendered":"<p>FAEMG SENAR &#8211; Divulga\u00e7\u00e3o Luiz Fernando olha com desgosto para a \u00e1rea onde, h\u00e1 dez dias, havia duas mil covas de banana. A chuva da noite de 23 de fevereiro encheu rapidamente o c\u00f3rrego Miragaia, que passa dentro da propriedade, e a for\u00e7a da \u00e1gua derrubou todo o bananal e outras planta\u00e7\u00f5es do produtor. \u00a0&#8211; [&hellip;]<\/p>\n","protected":false},"author":0,"featured_media":32918,"comment_status":"open","ping_status":"open","sticky":false,"template":"","format":"standard","meta":{"rop_custom_images_group":[],"rop_custom_messages_group":[],"rop_publish_now":"initial","rop_publish_now_accounts":[],"rop_publish_now_history":[],"rop_publish_now_status":"pending","footnotes":""},"categories":[6745],"tags":[],"class_list":["post-32917","post","type-post","status-publish","format-standard","has-post-thumbnail","hentry","category-coluna-sindijori"],"_links":{"self":[{"href":"https:\/\/diariotribuna.com.br\/index.php?rest_route=\/wp\/v2\/posts\/32917"}],"collection":[{"href":"https:\/\/diariotribuna.com.br\/index.php?rest_route=\/wp\/v2\/posts"}],"about":[{"href":"https:\/\/diariotribuna.com.br\/index.php?rest_route=\/wp\/v2\/types\/post"}],"replies":[{"embeddable":true,"href":"https:\/\/diariotribuna.com.br\/index.php?rest_route=%2Fwp%2Fv2%2Fcomments&post=32917"}],"version-history":[{"count":0,"href":"https:\/\/diariotribuna.com.br\/index.php?rest_route=\/wp\/v2\/posts\/32917\/revisions"}],"wp:featuredmedia":[{"embeddable":true,"href":"https:\/\/diariotribuna.com.br\/index.php?rest_route=\/wp\/v2\/media\/32918"}],"wp:attachment":[{"href":"https:\/\/diariotribuna.com.br\/index.php?rest_route=%2Fwp%2Fv2%2Fmedia&parent=32917"}],"wp:term":[{"taxonomy":"category","embeddable":true,"href":"https:\/\/diariotribuna.com.br\/index.php?rest_route=%2Fwp%2Fv2%2Fcategories&post=32917"},{"taxonomy":"post_tag","embeddable":true,"href":"https:\/\/diariotribuna.com.br\/index.php?rest_route=%2Fwp%2Fv2%2Ftags&post=32917"}],"curies":[{"name":"wp","href":"https:\/\/api.w.org\/{rel}","templated":true}]}}