{"id":32947,"date":"2026-03-13T12:10:45","date_gmt":"2026-03-13T15:10:45","guid":{"rendered":"https:\/\/diariotribuna.com.br\/?p=32947"},"modified":"2026-03-13T12:10:45","modified_gmt":"2026-03-13T15:10:45","slug":"farmaceutica-anuncia-investimento-de-765-milhoes","status":"publish","type":"post","link":"https:\/\/diariotribuna.com.br\/?p=32947","title":{"rendered":"Farmac\u00eautica anuncia investimento de 765 milh\u00f5es\u00a0"},"content":{"rendered":"<p><em><span>Foto: Karoline Barreto \/ Imprensa MG<\/span><\/em><\/p>\n<p><strong><span>COLUNA MG<\/span><\/strong><br \/><span>Principais destaques dos jornais e portais integrantes da rede Sindijori MG\u00a0<\/span><br \/><span><a href=\"https:\/\/www.sindijorimg.com.br\/\">www.sindijorimg.com.br<\/a><\/span><\/p>\n<p><span>\u00a0<\/span><br \/><strong><span>Farmac\u00eautica anuncia investimento de 765 milh\u00f5es<\/span><\/strong><br \/><span>A Farmac\u00eautica Hypofarma anunciou um novo investimento da empresa no Estado. Apoiado pelo Governo de Minas, o projeto prev\u00ea a constru\u00e7\u00e3o de uma nova unidade industrial em Montes Claros, no Norte de Minas, com investimento estimado em R$ 765 milh\u00f5es. A iniciativa marca uma nova etapa da expans\u00e3o da companhia em Minas no setor farmac\u00eautico, que mant\u00e9m duas unidades produtivas em funcionamento no estado: uma em Ribeir\u00e3o das Neves, na Regi\u00e3o Metropolitana de Belo Horizonte, e outra em Governador Valadares. (Gazeta Norte Mineira)<\/span><br \/><span><a href=\"https:\/\/gazetanm.com.br\/norte-de-minas-governo-de-minas-anuncia-investimento-de-r-765-milhoes-da-farmaceutica-hypofarma\/\">https:\/\/gazetanm.com.br\/norte-de-minas-governo-de-minas-anuncia-investimento-de-r-765-milhoes-da-farmaceutica-hypofarma\/<\/a><\/span><\/p>\n<p><span><\/span><\/p>\n<p><strong><span>Associa\u00e7\u00e3o apoia jornalista<\/span><\/strong><br \/><span>A Associa\u00e7\u00e3o Brasileira de Jornalistas Independentes e Afiliados \u2013 Ajoia Brasil, atrav\u00e9s de nota, manifestou seu veemente rep\u00fadio \u00e0s medidas adotadas pelo ministro Alexandre de Moraes no epis\u00f3dio envolvendo a investiga\u00e7\u00e3o jornal\u00edstica que revelou questionamentos sobre o uso de ve\u00edculo oficial ligado ao ministro Fl\u00e1vio Dino. A decis\u00e3o que resultou em busca e apreens\u00e3o, sem suficiente fundamenta\u00e7\u00e3o, contra o jornalista Lu\u00eds Pablo, e que, incompreensivelmente, atinge terceiros por simples presen\u00e7a no mesmo ambiente de sua resid\u00eancia, determinada pelo ministro, causa profunda preocupa\u00e7\u00e3o entre profissionais da imprensa. (Minas Conex\u00e3o)<\/span><br \/><span><a href=\"https:\/\/minasconexao.com.br\/desagravo-publico-da-ajoia-brasil-contra-atos-do-ministro-alexandre-de-moraes-que-ferem-a-liberdade-de-imprensa\/\">https:\/\/minasconexao.com.br\/desagravo-publico-da-ajoia-brasil-contra-atos-do-ministro-alexandre-de-moraes-que-ferem-a-liberdade-de-imprensa\/<\/a><\/span><\/p>\n<p><span><\/span><\/p>\n<p><strong><span>Santana troca festa por ponte<\/span><\/strong><br \/><span>A Prefeitura de Santana do Para\u00edso anunciou o cancelamento das festividades de anivers\u00e1rio da cidade neste ano. Os recursos que seriam utilizados na realiza\u00e7\u00e3o do evento ser\u00e3o destinados \u00e0 constru\u00e7\u00e3o de uma nova ponte no bairro S\u00e3o Jos\u00e9.A decis\u00e3o foi tomada ap\u00f3s as fortes chuvas registradas na madrugada desta quinta-feira (12), que provocaram o transbordamento de c\u00f3rregos e atingiram cerca de 40 fam\u00edlias, principalmente na regi\u00e3o central do munic\u00edpio. De acordo com dados do pluvi\u00f4metro municipal, foram registrados 118,2 mil\u00edmetros de chuva em aproximadamente tr\u00eas horas, volume considerado elevado para um curto per\u00edodo. (Jornal Classivale)<\/span><br \/><span><a href=\"https:\/\/jornalclassivale.com.br\/noticia\/5396\/santana-do-paraiso-cancela-festa-de-aniversario-da-cidade-e-destina-recursos-para-construcao-de-ponte\">https:\/\/jornalclassivale.com.br\/noticia\/5396\/santana-do-paraiso-cancela-festa-de-aniversario-da-cidade-e-destina-recursos-para-construcao-de-ponte<\/a><\/span><\/p>\n<p><span><\/span><\/p>\n<p><strong><span>Charretes com animais proibidas em Po\u00e7os<\/span><\/strong><br \/><span>A Prefeitura de Po\u00e7os de Caldas publicou nesta quinta-feira o Decreto que estabelece a proibi\u00e7\u00e3o do tr\u00e2nsito de ve\u00edculos de tra\u00e7\u00e3o animal em determinadas vias do munic\u00edpio, especialmente em \u00e1reas de maior circula\u00e7\u00e3o urbana. A medida foi assinada pelo prefeito Paulo Ney de Castro J\u00fanior e pelo secret\u00e1rio municipal de Seguran\u00e7a P\u00fablica e Mobilidade Urbana, Rafael Tadeu Conde Maria. O decreto foi editado com base nas disposi\u00e7\u00f5es do C\u00f3digo de Tr\u00e2nsito Brasileiro, que atribui aos munic\u00edpios a compet\u00eancia para regulamentar o tr\u00e2nsito nas vias urbanas e garantir a seguran\u00e7a e a fluidez da circula\u00e7\u00e3o. (Jornal Mantiqueira)<\/span><br \/><span><a href=\"https:\/\/www.jornalmantiqueira.com.br\/2026\/03\/12\/decreto-proibe-circulacao-de-veiculos-de-tracao-animal-no-centro-e-em-avenidas-de-pocos\/\">https:\/\/www.jornalmantiqueira.com.br\/2026\/03\/12\/decreto-proibe-circulacao-de-veiculos-de-tracao-animal-no-centro-e-em-avenidas-de-pocos\/<\/a><\/span><\/p>\n<p><span><\/span><\/p>\n<p><strong><span>Estrada que liga Brumadinho \u00e0 BR-381 duplicada<\/span><\/strong><br \/><span>O Governo de Minas publicou, nesta quinta-feira (12), por meio do Departamento de Estradas de Rodagem de Minas Gerais (DER-MG), o edital para as obras de duplica\u00e7\u00e3o da MG-155, estrada que liga Brumadinho \u00e0 BR-381 (Fern\u00e3o Dias), em Betim, na Regi\u00e3o Metropolitana de Belo Horizonte. Nesta etapa, o projeto prev\u00ea a duplica\u00e7\u00e3o do trecho entre a rodovia federal e o munic\u00edpio de M\u00e1rio Campos. O investimento estimado \u00e9 de cerca de R$ 200 milh\u00f5es, com recursos provenientes do Acordo Judicial de Repara\u00e7\u00e3o de Brumadinho. (Por Dentro de Minas)<\/span><br \/><span><a href=\"https:\/\/pordentrodeminas.com.br\/\">https:\/\/pordentrodeminas.com.br<\/a><\/span><\/p>\n<p><span><\/span><\/p>\n<p><strong><span>Projeto do hospital avan\u00e7a em Arax\u00e1<\/span><\/strong><br \/><span>A Prefeitura de Arax\u00e1 avan\u00e7ou em mais uma etapa estrat\u00e9gica para a implanta\u00e7\u00e3o do Hospital Municipal. Em reuni\u00e3o realizada nesta sexta-feira (13), representantes do munic\u00edpio, da Companhia Brasileira de Metalurgia e Minera\u00e7\u00e3o e da Companhia de Desenvolvimento de Minas Gerais discutiram os pr\u00f3ximos passos para viabilizar a constru\u00e7\u00e3o da nova unidade de sa\u00fade, considerada uma das obras estruturantes mais importantes para o fortalecimento da rede p\u00fablica de atendimento no munic\u00edpio. (Clarim Net)<\/span><br \/><span><a href=\"https:\/\/clarim.net.br\/prefeitura-de-araxa-cbmm-e-codemge-alinham-novos-passos-para-implantacao-do-hospital-municipal\/\">https:\/\/clarim.net.br\/prefeitura-de-araxa-cbmm-e-codemge-alinham-novos-passos-para-implantacao-do-hospital-municipal\/<\/a><\/span><\/p>\n<p><span><\/span><\/p>\n<p>\u00a0<\/p>","protected":false},"excerpt":{"rendered":"<p>Foto: Karoline Barreto \/ Imprensa MG COLUNA MGPrincipais destaques dos jornais e portais integrantes da rede Sindijori MG\u00a0www.sindijorimg.com.br \u00a0Farmac\u00eautica anuncia investimento de 765 milh\u00f5esA Farmac\u00eautica Hypofarma anunciou um novo investimento da empresa no Estado. Apoiado pelo Governo de Minas, o projeto prev\u00ea a constru\u00e7\u00e3o de uma nova unidade industrial em Montes Claros, no Norte de [&hellip;]<\/p>\n","protected":false},"author":0,"featured_media":32948,"comment_status":"open","ping_status":"open","sticky":false,"template":"","format":"standard","meta":{"rop_custom_images_group":[],"rop_custom_messages_group":[],"rop_publish_now":"initial","rop_publish_now_accounts":[],"rop_publish_now_history":[],"rop_publish_now_status":"pending","footnotes":""},"categories":[6745],"tags":[],"class_list":["post-32947","post","type-post","status-publish","format-standard","has-post-thumbnail","hentry","category-coluna-sindijori"],"_links":{"self":[{"href":"https:\/\/diariotribuna.com.br\/index.php?rest_route=\/wp\/v2\/posts\/32947"}],"collection":[{"href":"https:\/\/diariotribuna.com.br\/index.php?rest_route=\/wp\/v2\/posts"}],"about":[{"href":"https:\/\/diariotribuna.com.br\/index.php?rest_route=\/wp\/v2\/types\/post"}],"replies":[{"embeddable":true,"href":"https:\/\/diariotribuna.com.br\/index.php?rest_route=%2Fwp%2Fv2%2Fcomments&post=32947"}],"version-history":[{"count":0,"href":"https:\/\/diariotribuna.com.br\/index.php?rest_route=\/wp\/v2\/posts\/32947\/revisions"}],"wp:featuredmedia":[{"embeddable":true,"href":"https:\/\/diariotribuna.com.br\/index.php?rest_route=\/wp\/v2\/media\/32948"}],"wp:attachment":[{"href":"https:\/\/diariotribuna.com.br\/index.php?rest_route=%2Fwp%2Fv2%2Fmedia&parent=32947"}],"wp:term":[{"taxonomy":"category","embeddable":true,"href":"https:\/\/diariotribuna.com.br\/index.php?rest_route=%2Fwp%2Fv2%2Fcategories&post=32947"},{"taxonomy":"post_tag","embeddable":true,"href":"https:\/\/diariotribuna.com.br\/index.php?rest_route=%2Fwp%2Fv2%2Ftags&post=32947"}],"curies":[{"name":"wp","href":"https:\/\/api.w.org\/{rel}","templated":true}]}}