{"id":32949,"date":"2026-03-14T09:35:42","date_gmt":"2026-03-14T12:35:42","guid":{"rendered":"https:\/\/diariotribuna.com.br\/?p=32949"},"modified":"2026-03-14T09:35:42","modified_gmt":"2026-03-14T12:35:42","slug":"fiemg-participa-de-apresentacao-da-restauracao-da-fachada-da-santa-casa-bh-e-anuncia-novos-investimentos-para-a-instituicao","status":"publish","type":"post","link":"https:\/\/diariotribuna.com.br\/?p=32949","title":{"rendered":"FIEMG participa de apresenta\u00e7\u00e3o da restaura\u00e7\u00e3o da fachada da Santa Casa BH e anuncia novos investimentos para a institui\u00e7\u00e3o\u00a0"},"content":{"rendered":"<p><strong>Federa\u00e7\u00e3o mobilizou empresas do Conselho Estrat\u00e9gico para apoiar a restaura\u00e7\u00e3o da institui\u00e7\u00e3o centen\u00e1ria, refer\u00eancia em sa\u00fade 100% SUS e patrim\u00f4nio hist\u00f3rico de Belo Horizonte<\/strong><\/p>\n<p>A <strong>Federa\u00e7\u00e3o das Ind\u00fastrias do Estado de Minas Gerais (FIEMG) <\/strong>participou, nesta quarta-feira (11\/3), da apresenta\u00e7\u00e3o dos avan\u00e7os das obras de restaura\u00e7\u00e3o da fachada da <strong>Santa Casa BH<\/strong>, institui\u00e7\u00e3o centen\u00e1ria que \u00e9 refer\u00eancia em sa\u00fade de qualidade <strong>100% SUS<\/strong> e um dos marcos hist\u00f3ricos e arquitet\u00f4nicos mais emblem\u00e1ticos de Belo Horizonte.<\/p>\n<p>O encontro reuniu representantes do setor produtivo, patrocinadores e autoridades para conhecer o andamento da primeira etapa do projeto e as pr\u00f3ximas fases da iniciativa.<\/p>\n<p>A restaura\u00e7\u00e3o integra um projeto amplo de valoriza\u00e7\u00e3o do patrim\u00f4nio hist\u00f3rico da institui\u00e7\u00e3o e de moderniza\u00e7\u00e3o do complexo hospitalar, que busca unir <strong>preserva\u00e7\u00e3o arquitet\u00f4nica, inova\u00e7\u00e3o e desenvolvimento urbano.<\/strong><\/p>\n<p>Durante o evento, foram apresentados os trabalhos j\u00e1 realizados na parte frontal do hospital, as t\u00e9cnicas empregadas na obra e os pr\u00f3ximos passos da interven\u00e7\u00e3o.<\/p>\n<p>Na segunda etapa, que ter\u00e1 in\u00edcio ainda em 2026, a ala D tamb\u00e9m passar\u00e1 pelo mesmo processo de restaura\u00e7\u00e3o. Em seguida, ser\u00e1 realizada a interven\u00e7\u00e3o na fachada posterior, atualmente em fase final de planejamento.<\/p>\n<p>A estimativa inicial \u00e9 de aproximadamente <strong>R$ 125 milh\u00f5es em investimentos nas quatro etapas da interven\u00e7\u00e3o<\/strong>, incluindo o projeto luminot\u00e9cnico. Apenas a primeira fase recebeu cerca de <strong>R$ 9 milh\u00f5es em recursos.<\/strong><\/p>\n<p><strong>Apoio do setor produtivo<\/strong><\/p>\n<p>Durante o encontro tamb\u00e9m foram anunciados novos investimentos destinados ao fortalecimento das atividades da institui\u00e7\u00e3o.<\/p>\n<p>A <strong>Jaguar Mining<\/strong> e o <strong>Grupo Avante<\/strong> destinar\u00e3o recursos diretos para a Santa Casa BH, como destacou o presidente da FIEMG, <strong>Fl\u00e1vio Roscoe<\/strong>. Segundo ele, a verba contribuir\u00e1 para ampliar o apoio \u00e0s a\u00e7\u00f5es assistenciais e estruturais da entidade.<\/p>\n<p>A Federa\u00e7\u00e3o teve papel importante na mobiliza\u00e7\u00e3o de empresas que integram o <strong>Conselho Estrat\u00e9gico da FIEMG<\/strong>, contribuindo para viabilizar a preserva\u00e7\u00e3o de um patrim\u00f4nio simb\u00f3lico da capital mineira.<\/p>\n<p><em>\u2503 Para a ind\u00fastria mineira, \u00e9 motivo de satisfa\u00e7\u00e3o apoiar a restaura\u00e7\u00e3o de um patrim\u00f4nio t\u00e3o simb\u00f3lico para o estado. Mobilizamos empresas que integram o Conselho Estrat\u00e9gico da FIEMG, especialmente do setor mineral, para contribuir com essa iniciativa. \u00c9 uma forma de preservar a hist\u00f3ria e a arquitetura da guardi\u00e3 da sa\u00fade em Minas Gerais, permitindo que a Santa Casa siga direcionando seus recursos assistenciais para aquilo que \u00e9 sua ess\u00eancia: o cuidado com as pessoas, afirmou Roscoe.<\/em><\/p>\n<p>O provedor da <strong>Santa Casa BH<\/strong>, Roberto Otto, ressaltou que o projeto marca um novo momento para a institui\u00e7\u00e3o.<\/p>\n<p><em>\u2503 H\u00e1 anos observ\u00e1vamos que a fachada precisava dessa restaura\u00e7\u00e3o. Buscamos parceiros que pudessem viabilizar esse projeto e vimos o quanto eles se engajaram. Agora damos um passo al\u00e9m: n\u00e3o estamos apenas restaurando paredes, estamos preparando a Santa Casa BH para os pr\u00f3ximos 100 anos, preservando sua hist\u00f3ria e projetando inova\u00e7\u00e3o para Belo Horizonte, disse.<\/em><\/p>\n<p>O secret\u00e1rio de Estado de Sa\u00fade de Minas Gerais, <strong>F\u00e1bio Baccheretti<\/strong>, tamb\u00e9m participou da cerim\u00f4nia e destacou a import\u00e2ncia da iniciativa.<\/p>\n<p><em>\u2503 A Santa Casa \u00e9 o maior hospital da rede SUS de Minas Gerais, s\u00f3 que muitas vezes n\u00e3o sobra recurso para reformas. Por isso, hoje temos a alegria de comemorar esses avan\u00e7os, afirmou.<\/em><\/p>\n<p><strong>Parcerias e financiamento<\/strong><\/p>\n<p>O projeto de restaura\u00e7\u00e3o da fachada da Santa Casa BH foi contemplado com recursos da<strong> Lei Federal de Incentivo \u00e0 Cultura (Lei Rouanet)<\/strong>, com patroc\u00ednio de empresas como <strong>Supermercados BH, Minerita, Kinross Brasil, AngloGold Ashanti, Grupo Avante, J. Mendes, By Moto, Hypofarma, Novartis Brasil, Geopar, Grupo Multit\u00e9cnica, Cedro Minera\u00e7\u00e3o, Patrus Transportes, Mh\u00e9dica e Verde Distribuidora<\/strong>, por meio do Minist\u00e9rio da Cultura e do Governo Federal.<\/p>\n<p>Tamb\u00e9m apoiam projetos de impacto assistencial da institui\u00e7\u00e3o as empresas Usiminas, Lhoist e ArcelorMittal, por meio do Fundo Municipal do Idoso e do Fundo da Inf\u00e2ncia e Adolesc\u00eancia.<\/p>\n<p><a href=\"https:\/\/www.flickr.com\/photos\/sistemafiemg\/albums\/72177720332466155\/\"><strong>Clique aqui e confira mais fotos do evento.<\/strong><\/a><\/p>\n<p><strong>Imprensa FIEMG<\/strong><\/p>\n<p>\u00a0<\/p>","protected":false},"excerpt":{"rendered":"<p>Federa\u00e7\u00e3o mobilizou empresas do Conselho Estrat\u00e9gico para apoiar a restaura\u00e7\u00e3o da institui\u00e7\u00e3o centen\u00e1ria, refer\u00eancia em sa\u00fade 100% SUS e patrim\u00f4nio hist\u00f3rico de Belo Horizonte A Federa\u00e7\u00e3o das Ind\u00fastrias do Estado de Minas Gerais (FIEMG) participou, nesta quarta-feira (11\/3), da apresenta\u00e7\u00e3o dos avan\u00e7os das obras de restaura\u00e7\u00e3o da fachada da Santa Casa BH, institui\u00e7\u00e3o centen\u00e1ria que [&hellip;]<\/p>\n","protected":false},"author":0,"featured_media":32950,"comment_status":"open","ping_status":"open","sticky":false,"template":"","format":"standard","meta":{"rop_custom_images_group":[],"rop_custom_messages_group":[],"rop_publish_now":"initial","rop_publish_now_accounts":[],"rop_publish_now_history":[],"rop_publish_now_status":"pending","footnotes":""},"categories":[6745],"tags":[],"class_list":["post-32949","post","type-post","status-publish","format-standard","has-post-thumbnail","hentry","category-coluna-sindijori"],"_links":{"self":[{"href":"https:\/\/diariotribuna.com.br\/index.php?rest_route=\/wp\/v2\/posts\/32949"}],"collection":[{"href":"https:\/\/diariotribuna.com.br\/index.php?rest_route=\/wp\/v2\/posts"}],"about":[{"href":"https:\/\/diariotribuna.com.br\/index.php?rest_route=\/wp\/v2\/types\/post"}],"replies":[{"embeddable":true,"href":"https:\/\/diariotribuna.com.br\/index.php?rest_route=%2Fwp%2Fv2%2Fcomments&post=32949"}],"version-history":[{"count":0,"href":"https:\/\/diariotribuna.com.br\/index.php?rest_route=\/wp\/v2\/posts\/32949\/revisions"}],"wp:featuredmedia":[{"embeddable":true,"href":"https:\/\/diariotribuna.com.br\/index.php?rest_route=\/wp\/v2\/media\/32950"}],"wp:attachment":[{"href":"https:\/\/diariotribuna.com.br\/index.php?rest_route=%2Fwp%2Fv2%2Fmedia&parent=32949"}],"wp:term":[{"taxonomy":"category","embeddable":true,"href":"https:\/\/diariotribuna.com.br\/index.php?rest_route=%2Fwp%2Fv2%2Fcategories&post=32949"},{"taxonomy":"post_tag","embeddable":true,"href":"https:\/\/diariotribuna.com.br\/index.php?rest_route=%2Fwp%2Fv2%2Ftags&post=32949"}],"curies":[{"name":"wp","href":"https:\/\/api.w.org\/{rel}","templated":true}]}}