{"id":33378,"date":"2026-04-26T14:48:21","date_gmt":"2026-04-26T17:48:21","guid":{"rendered":"https:\/\/diariotribuna.com.br\/?p=33378"},"modified":"2026-04-26T14:48:21","modified_gmt":"2026-04-26T17:48:21","slug":"nadim-donato-e-reeleito-presidente-do-sistema-fecomercio-sesc-e-senac-em-minas-gerais","status":"publish","type":"post","link":"https:\/\/diariotribuna.com.br\/?p=33378","title":{"rendered":"NADIM DONATO \u00c9 REELEITO PRESIDENTE DO SISTEMA FECOM\u00c9RCIO, SESC E SENAC EM MINAS GERAIS\u00a0"},"content":{"rendered":"<p><strong>Nadim Donato<\/strong>, empres\u00e1rio do com\u00e9rcio mineiro, foi reeleito presidente do <strong>Sistema Federa\u00e7\u00e3o do Com\u00e9rcio de Bens, Servi\u00e7os e Turismo de Minas Gerais, Sesc e Senac<\/strong> para a <strong>gest\u00e3o 2026\/2030<\/strong>.\u00a0<\/p>\n<p>A elei\u00e7\u00e3o aconteceu nesta <strong>sexta-feira, 24 de abril de 2026<\/strong>, em pleito ocorrido na sede da Fecom\u00e9rcio MG, com a presen\u00e7a de <strong>52 sindicatos filiados<\/strong>, sendo <strong>48 votos<\/strong> a favor e <strong>4 em branc<\/strong>o, confirmando a satisfa\u00e7\u00e3o de todo o empresariado do com\u00e9rcio de bens, servi\u00e7os e turismo do estado com a administra\u00e7\u00e3o sob o comando de Nadim Donato, que implantou importante desenvolvimento nas a\u00e7\u00f5es e marcas de t\u00e3o conceituadas e respeitadas entidades.<\/p>\n<p><strong>Sobre a Fecom\u00e9rcio MG<\/strong><br \/>A Federa\u00e7\u00e3o do Com\u00e9rcio de Bens, Servi\u00e7os e Turismo de Minas Gerais (Fecom\u00e9rcio MG) \u00e9 a principal entidade representativa do setor do com\u00e9rcio de bens, servi\u00e7os e turismo no estado, que abrange mais de 750 mil empresas e 54 sindicatos. Sob a presid\u00eancia de Nadim Elias Donato Filho, a Fecom\u00e9rcio MG atua como porta-voz das demandas do empresariado, buscando solu\u00e7\u00f5es atrav\u00e9s do di\u00e1logo com o governo e a sociedade. Outra importante atribui\u00e7\u00e3o da Fecom\u00e9rcio MG \u00e9 a administra\u00e7\u00e3o do Servi\u00e7o Social do Com\u00e9rcio (Sesc) e do Servi\u00e7o Nacional de Aprendizagem Comercial (Senac) em Minas Gerais. A atua\u00e7\u00e3o integrada das tr\u00eas casas fortalece a promo\u00e7\u00e3o de servi\u00e7os que beneficiam comerci\u00e1rios, empres\u00e1rios e a comunidade em geral, a partir de suas diversas unidades distribu\u00eddas pelo estado.<br \/>Desde 2022, a Federa\u00e7\u00e3o tem se destacado na agenda p\u00fablica, promovendo discuss\u00f5es sobre a import\u00e2ncia do setor para o desenvolvimento econ\u00f4mico de Minas Gerais. A Fecom\u00e9rcio MG trabalha em estreita colabora\u00e7\u00e3o com a Confedera\u00e7\u00e3o Nacional do Com\u00e9rcio (CNC), presidida por Jos\u00e9 Roberto Tadros, para defender os interesses do setor em \u00e2mbito municipal, estadual e federal. A Federa\u00e7\u00e3o busca melhores condi\u00e7\u00f5es tribut\u00e1rias para as empresas e celebra conven\u00e7\u00f5es coletivas de trabalho, al\u00e9m de oferecer benef\u00edcios que visam o fortalecimento do com\u00e9rcio. Com 87 anos de atua\u00e7\u00e3o, a Fecom\u00e9rcio MG \u00e9 fundamental para transformar a vida dos cidad\u00e3os e impulsionar a economia mineira.\u00a0<\/p>\n<p>\u00a0<\/p>","protected":false},"excerpt":{"rendered":"<p>Nadim Donato, empres\u00e1rio do com\u00e9rcio mineiro, foi reeleito presidente do Sistema Federa\u00e7\u00e3o do Com\u00e9rcio de Bens, Servi\u00e7os e Turismo de Minas Gerais, Sesc e Senac para a gest\u00e3o 2026\/2030.\u00a0 A elei\u00e7\u00e3o aconteceu nesta sexta-feira, 24 de abril de 2026, em pleito ocorrido na sede da Fecom\u00e9rcio MG, com a presen\u00e7a de 52 sindicatos filiados, sendo [&hellip;]<\/p>\n","protected":false},"author":0,"featured_media":33379,"comment_status":"open","ping_status":"open","sticky":false,"template":"","format":"standard","meta":{"rop_custom_images_group":[],"rop_custom_messages_group":[],"rop_publish_now":"initial","rop_publish_now_accounts":[],"rop_publish_now_history":[],"rop_publish_now_status":"pending","footnotes":""},"categories":[6745],"tags":[],"class_list":["post-33378","post","type-post","status-publish","format-standard","has-post-thumbnail","hentry","category-coluna-sindijori"],"_links":{"self":[{"href":"https:\/\/diariotribuna.com.br\/index.php?rest_route=\/wp\/v2\/posts\/33378"}],"collection":[{"href":"https:\/\/diariotribuna.com.br\/index.php?rest_route=\/wp\/v2\/posts"}],"about":[{"href":"https:\/\/diariotribuna.com.br\/index.php?rest_route=\/wp\/v2\/types\/post"}],"replies":[{"embeddable":true,"href":"https:\/\/diariotribuna.com.br\/index.php?rest_route=%2Fwp%2Fv2%2Fcomments&post=33378"}],"version-history":[{"count":0,"href":"https:\/\/diariotribuna.com.br\/index.php?rest_route=\/wp\/v2\/posts\/33378\/revisions"}],"wp:featuredmedia":[{"embeddable":true,"href":"https:\/\/diariotribuna.com.br\/index.php?rest_route=\/wp\/v2\/media\/33379"}],"wp:attachment":[{"href":"https:\/\/diariotribuna.com.br\/index.php?rest_route=%2Fwp%2Fv2%2Fmedia&parent=33378"}],"wp:term":[{"taxonomy":"category","embeddable":true,"href":"https:\/\/diariotribuna.com.br\/index.php?rest_route=%2Fwp%2Fv2%2Fcategories&post=33378"},{"taxonomy":"post_tag","embeddable":true,"href":"https:\/\/diariotribuna.com.br\/index.php?rest_route=%2Fwp%2Fv2%2Ftags&post=33378"}],"curies":[{"name":"wp","href":"https:\/\/api.w.org\/{rel}","templated":true}]}}