{"id":33380,"date":"2026-04-26T18:46:19","date_gmt":"2026-04-26T21:46:19","guid":{"rendered":"https:\/\/diariotribuna.com.br\/?p=33380"},"modified":"2026-04-26T20:49:40","modified_gmt":"2026-04-26T23:49:40","slug":"delegada-que-iniciou-carreira-em-aracuai-pode-perder-cargo","status":"publish","type":"post","link":"https:\/\/diariotribuna.com.br\/?p=33380","title":{"rendered":"Delegada que iniciou carreira em Ara\u00e7ua\u00ed pode perder cargo"},"content":{"rendered":"\n<p class=\"has-text-align-center\">Ela \u00e9 investigada por praticar transgress\u00f5es disciplinares consideradas graves.<\/p>\n\n\n<div class=\"wp-block-image\">\n<figure class=\"alignright size-full is-resized\"><img loading=\"lazy\" decoding=\"async\" width=\"573\" height=\"302\" src=\"https:\/\/diariotribuna.com.br\/wp-content\/uploads\/2026\/04\/image-22.png\" alt=\"\" class=\"wp-image-33382\" style=\"width:505px;height:auto\" srcset=\"https:\/\/diariotribuna.com.br\/wp-content\/uploads\/2026\/04\/image-22.png 573w, https:\/\/diariotribuna.com.br\/wp-content\/uploads\/2026\/04\/image-22-300x158.png 300w\" sizes=\"(max-width: 573px) 100vw, 573px\" \/><\/figure><\/div>\n\n\n<p>A Pol\u00edcia Civil de Minas Gerais instaurou um Processo Administrativo Disciplinar (PAD) contra a delegada Ana Paula Lamego Balbino Nogueira, esposa de Ren\u00ea da Silva Nogueira J\u00fanior, que<br>se tornou r\u00e9u pela morte do gari Laudemir de Souza Fernandes, ocorrida em Belo Horizonte.<br>A medida foi publicada nesta quinta-feira (23) no Di\u00e1rio Oficial de Minas Gerais e pode resultar na demiss\u00e3o da servidora. <br>A delegada Ana Paula tomou posse e iniciou sua carreira como dele gada em Ara\u00e7ua\u00ed, no Vale do Jequitinhonha, em 2014 e permaneceu no cargo na cidade, por menos de um ano, seguindo para Belo Horizonte (MG), onde permaneceu \u00e0 frente da Delegacia de Mulheres. Segundo o documento, Ana est\u00e1<br>afastada do cargo desde agosto do ano passado, por quest\u00f5es m\u00e9dicas. A delegada \u00e9 investigada por praticar transgress\u00f5es disciplinares consideradas graves. O processo teve como base os artigos 166 e 168 da Lei Org\u00e2nica da Pol\u00edcia Civil e ser\u00e1 apurado por tr\u00eas delegados. O prazo para conclus\u00e3o do PAD \u00e9 de 60 dias.<br>Ana Paula Balbino Nogueira, esposa do empres\u00e1rio Ren\u00ea da Silva Nogueira J\u00fanior que confessou ter matado o gari Laudemir Fernandes, foi indiciada pela Corregedoria da Pol\u00edcia Civil de Minas Gerais (PCMG) por prevarica\u00e7\u00e3o em agosto de 2025. O crime, previsto no C\u00f3digo Penal, ocorre quando<br>um funcion\u00e1rio p\u00fablico deixa de praticar ou retarda um ato de of\u00edcio para satisfazer um interesse pessoal.<\/p>\n\n\n\n<p> (Fonte: Gazeta de Ara\u00e7uai).<\/p>\n\n\n\n<p><\/p>\n","protected":false},"excerpt":{"rendered":"<p>Ela \u00e9 investigada por praticar transgress\u00f5es disciplinares consideradas graves. A Pol\u00edcia Civil de Minas Gerais instaurou um Processo Administrativo Disciplinar (PAD) contra a delegada Ana Paula Lamego Balbino Nogueira, esposa de Ren\u00ea da Silva Nogueira J\u00fanior, quese tornou r\u00e9u pela morte do gari Laudemir de Souza Fernandes, ocorrida em Belo Horizonte.A medida foi publicada nesta [&hellip;]<\/p>\n","protected":false},"author":3,"featured_media":33382,"comment_status":"open","ping_status":"open","sticky":false,"template":"","format":"standard","meta":{"rop_custom_images_group":[],"rop_custom_messages_group":[],"rop_publish_now":"yes","rop_publish_now_accounts":[],"rop_publish_now_history":[],"rop_publish_now_status":"pending","footnotes":""},"categories":[25,31,23],"tags":[],"class_list":["post-33380","post","type-post","status-publish","format-standard","has-post-thumbnail","hentry","category-destaque","category-juridico","category-ultimaedicao"],"_links":{"self":[{"href":"https:\/\/diariotribuna.com.br\/index.php?rest_route=\/wp\/v2\/posts\/33380"}],"collection":[{"href":"https:\/\/diariotribuna.com.br\/index.php?rest_route=\/wp\/v2\/posts"}],"about":[{"href":"https:\/\/diariotribuna.com.br\/index.php?rest_route=\/wp\/v2\/types\/post"}],"author":[{"embeddable":true,"href":"https:\/\/diariotribuna.com.br\/index.php?rest_route=\/wp\/v2\/users\/3"}],"replies":[{"embeddable":true,"href":"https:\/\/diariotribuna.com.br\/index.php?rest_route=%2Fwp%2Fv2%2Fcomments&post=33380"}],"version-history":[{"count":1,"href":"https:\/\/diariotribuna.com.br\/index.php?rest_route=\/wp\/v2\/posts\/33380\/revisions"}],"predecessor-version":[{"id":33383,"href":"https:\/\/diariotribuna.com.br\/index.php?rest_route=\/wp\/v2\/posts\/33380\/revisions\/33383"}],"wp:featuredmedia":[{"embeddable":true,"href":"https:\/\/diariotribuna.com.br\/index.php?rest_route=\/wp\/v2\/media\/33382"}],"wp:attachment":[{"href":"https:\/\/diariotribuna.com.br\/index.php?rest_route=%2Fwp%2Fv2%2Fmedia&parent=33380"}],"wp:term":[{"taxonomy":"category","embeddable":true,"href":"https:\/\/diariotribuna.com.br\/index.php?rest_route=%2Fwp%2Fv2%2Fcategories&post=33380"},{"taxonomy":"post_tag","embeddable":true,"href":"https:\/\/diariotribuna.com.br\/index.php?rest_route=%2Fwp%2Fv2%2Ftags&post=33380"}],"curies":[{"name":"wp","href":"https:\/\/api.w.org\/{rel}","templated":true}]}}