{"id":33384,"date":"2026-04-26T20:56:22","date_gmt":"2026-04-26T23:56:22","guid":{"rendered":"https:\/\/diariotribuna.com.br\/?p=33384"},"modified":"2026-04-26T20:56:23","modified_gmt":"2026-04-26T23:56:23","slug":"pcmg-conclui-inquerito-sobre-colisao-fatal-na-br-367-em-aracuai-e-indicia-motorista","status":"publish","type":"post","link":"https:\/\/diariotribuna.com.br\/?p=33384","title":{"rendered":"PCMG conclui inqu\u00e9rito sobre colis\u00e3o fatal na BR-367 em Ara\u00e7ua\u00ed e indicia motorista"},"content":{"rendered":"<div class=\"wp-block-image\">\n<figure class=\"alignright size-full\"><img loading=\"lazy\" decoding=\"async\" width=\"397\" height=\"244\" src=\"https:\/\/diariotribuna.com.br\/wp-content\/uploads\/2026\/04\/image-23.png\" alt=\"\" class=\"wp-image-33385\" srcset=\"https:\/\/diariotribuna.com.br\/wp-content\/uploads\/2026\/04\/image-23.png 397w, https:\/\/diariotribuna.com.br\/wp-content\/uploads\/2026\/04\/image-23-300x184.png 300w, https:\/\/diariotribuna.com.br\/wp-content\/uploads\/2026\/04\/image-23-356x220.png 356w\" sizes=\"(max-width: 397px) 100vw, 397px\" \/><\/figure><\/div>\n\n\n<p>A comprova\u00e7\u00e3o t\u00e9cnica de que o ponto de impacto de um acidente ocorreu na faixa regular de circula\u00e7\u00e3o das v\u00edtimas foi o elemento determinante para<br>que a Pol\u00edcia Civil de Minas Gerais (PCMG) indiciasse, em Ara\u00e7ua\u00ed, no Vale do Jequitinhonha, um jovem<br>de 25 anos por dois homic\u00eddios culposos e duas les\u00f5es corporais no tr\u00e2nsito.<br>A investiga\u00e7\u00e3o apurou as circunst\u00e2ncias do acidente, ocorrido no dia 9 de setembro do ano passado, na altura do km 276 da BR-367.  Na ocasi\u00e3o, uma colis\u00e3o frontal de alta intensidade entre dois carros resultou na morte de dois homens, de 32 e 43 anos, al\u00e9m de ferimentos graves em outros dois ocupantes, de 27 e 40 anos.<br>A din\u00e2mica da ocorr\u00eancia foi confirmada por meio de um minucioso laudo pericial de local. O documento apontou que o ve\u00edculo conduzido pelo investigado trafegava na contram\u00e3o de dire\u00e7\u00e3o no momento da batida. \u201cTais conclus\u00f5es t\u00e9cnicas desmentiram a vers\u00e3o apresentada pelo motorista investigado e corroboraram integralmente os relatos das v\u00edtimas sobreviventes e das testemunhas ouvidas no curso do procedimento\u201d, pontuou o delegado Paulo S\u00e9rgio Ribeiro Sobrinho. Diante do conjunto probat\u00f3rio, a Pol\u00edcia Civil indiciou o homem pelos crimes de homic\u00eddio culposo e les\u00e3o corporal culposa na dire\u00e7\u00e3o de ve\u00edculo automotor, conforme os artigos 302 e 303 do C\u00f3digo de Tr\u00e2nsito Brasileiro(CTB). O inqu\u00e9rito policial foi relatado e remetido ao Poder Judici\u00e1rio para o prosseguimento da a\u00e7\u00e3o penal. <\/p>\n\n\n\n<p>Pol\u00edcia Civil de Minas Gerais: para servir e proteger o povo mineiro.<br>https:\/\/www.instagram.com\/p\/DXhqZI5ETUD\/?igsh=MWE4bGg4OXcweXJvcg==<\/p>\n\n\n\n<p><\/p>\n","protected":false},"excerpt":{"rendered":"<p>A comprova\u00e7\u00e3o t\u00e9cnica de que o ponto de impacto de um acidente ocorreu na faixa regular de circula\u00e7\u00e3o das v\u00edtimas foi o elemento determinante paraque a Pol\u00edcia Civil de Minas Gerais (PCMG) indiciasse, em Ara\u00e7ua\u00ed, no Vale do Jequitinhonha, um jovemde 25 anos por dois homic\u00eddios culposos e duas les\u00f5es corporais no tr\u00e2nsito.A investiga\u00e7\u00e3o apurou [&hellip;]<\/p>\n","protected":false},"author":3,"featured_media":33385,"comment_status":"open","ping_status":"open","sticky":false,"template":"","format":"standard","meta":{"rop_custom_images_group":[],"rop_custom_messages_group":[],"rop_publish_now":"yes","rop_publish_now_accounts":[],"rop_publish_now_history":[],"rop_publish_now_status":"pending","footnotes":""},"categories":[25,20,23],"tags":[],"class_list":["post-33384","post","type-post","status-publish","format-standard","has-post-thumbnail","hentry","category-destaque","category-policia","category-ultimaedicao"],"_links":{"self":[{"href":"https:\/\/diariotribuna.com.br\/index.php?rest_route=\/wp\/v2\/posts\/33384"}],"collection":[{"href":"https:\/\/diariotribuna.com.br\/index.php?rest_route=\/wp\/v2\/posts"}],"about":[{"href":"https:\/\/diariotribuna.com.br\/index.php?rest_route=\/wp\/v2\/types\/post"}],"author":[{"embeddable":true,"href":"https:\/\/diariotribuna.com.br\/index.php?rest_route=\/wp\/v2\/users\/3"}],"replies":[{"embeddable":true,"href":"https:\/\/diariotribuna.com.br\/index.php?rest_route=%2Fwp%2Fv2%2Fcomments&post=33384"}],"version-history":[{"count":1,"href":"https:\/\/diariotribuna.com.br\/index.php?rest_route=\/wp\/v2\/posts\/33384\/revisions"}],"predecessor-version":[{"id":33386,"href":"https:\/\/diariotribuna.com.br\/index.php?rest_route=\/wp\/v2\/posts\/33384\/revisions\/33386"}],"wp:featuredmedia":[{"embeddable":true,"href":"https:\/\/diariotribuna.com.br\/index.php?rest_route=\/wp\/v2\/media\/33385"}],"wp:attachment":[{"href":"https:\/\/diariotribuna.com.br\/index.php?rest_route=%2Fwp%2Fv2%2Fmedia&parent=33384"}],"wp:term":[{"taxonomy":"category","embeddable":true,"href":"https:\/\/diariotribuna.com.br\/index.php?rest_route=%2Fwp%2Fv2%2Fcategories&post=33384"},{"taxonomy":"post_tag","embeddable":true,"href":"https:\/\/diariotribuna.com.br\/index.php?rest_route=%2Fwp%2Fv2%2Ftags&post=33384"}],"curies":[{"name":"wp","href":"https:\/\/api.w.org\/{rel}","templated":true}]}}