{"id":33391,"date":"2026-04-27T11:29:57","date_gmt":"2026-04-27T14:29:57","guid":{"rendered":"https:\/\/diariotribuna.com.br\/?p=33391"},"modified":"2026-04-27T11:29:57","modified_gmt":"2026-04-27T14:29:57","slug":"400-familias-seguem-em-hoteis-em-jf","status":"publish","type":"post","link":"https:\/\/diariotribuna.com.br\/?p=33391","title":{"rendered":"400 fam\u00edlias seguem em hot\u00e9is em JF\u00a0"},"content":{"rendered":"<p><em><span>(Foto: Reprodu\u00e7\u00e3o TM)<\/span><\/em><\/p>\n<p><strong><span>COLUNA MG<\/span><\/strong><br \/><span>Principais destaques dos jornais e portais integrantes da Rede Sindijori MG<\/span><br \/><span><a href=\"https:\/\/www.sindijorimg.com.br\/\">www.sindijorimg.com.br<\/a><\/span><\/p>\n<p><span><\/span><\/p>\n<p><strong><span>400 fam\u00edlias seguem em hot\u00e9is em JF<\/span><\/strong><br \/><span>Exatamente dois meses ap\u00f3s a trag\u00e9dia causada pelas fortes chuvas de 23 de fevereiro em Juiz de Fora e outros munic\u00edpios da Zona da Mata, o Gabinete de Crise e Resposta se reuniu em coletiva \u00e0 imprensa para abordar o andamento dos trabalhos e quest\u00f5es relacionadas \u00e0 preven\u00e7\u00e3o, repara\u00e7\u00e3o e resposta ao desastre. Na ocasi\u00e3o, foi revelado que quase 400 fam\u00edlias desabrigadas ainda permanecem em hot\u00e9is custeados com recursos federais. Nesse contexto, o Munic\u00edpio e a Uni\u00e3o relataram ao Minist\u00e9rio P\u00fablico de Minas Gerais (MPMG) que \u201cj\u00e1 houve um grande avan\u00e7o na quest\u00e3o da Compra Assistida\u201d. (Tribuna de Minas)<\/span><br \/><span><a href=\"https:\/\/tribunademinas.com.br\/noticias\/cidade\/23-04-2026\/tragedia-familias-hoteis.html\">https:\/\/tribunademinas.com.br\/noticias\/cidade\/23-04-2026\/tragedia-familias-hoteis.html<\/a><\/span><\/p>\n<p><span><\/span><\/p>\n<p><strong><span>Vestibular da UFU tem 27.504 inscritos<\/span><\/strong><br \/><span>O Vestibular 2026\/2 da Universidade Federal de Uberl\u00e2ndia (UFU) recebeu um total de 27.504 inscri\u00e7\u00f5es. Medicina, Biomedicina e Psicologia se destacam como os cursos mais procurados. Na ampla concorr\u00eancia, o curso de Medicina lidera com ampla vantagem, somando 13.643 inscritos para 30 vagas, o que representa uma m\u00e9dia de 454,77 candidatos por cada vaga. Ao todo, o processo seletivo oferece 1.729 vagas distribu\u00eddas em 51 cursos presenciais. As gradua\u00e7\u00f5es est\u00e3o dispon\u00edveis nos campi da UFU localizados em Uberl\u00e2ndia, Ituiutaba, Monte Carmelo e Patos de Minas. (Di\u00e1rio de Uberl\u00e2ndia)<\/span><br \/><span><a href=\"https:\/\/diariodeuberlandia.com.br\/noticia\/40381\/medicina-biomedicina-e-psicologia-sao-os-cursos-com-mais-candidatos-no-vestibular-da-ufu\">https:\/\/diariodeuberlandia.com.br\/noticia\/40381\/medicina-biomedicina-e-psicologia-sao-os-cursos-com-mais-candidatos-no-vestibular-da-ufu<\/a><\/span><\/p>\n<p><span><\/span><\/p>\n<p><strong><span>Minas abre mais de 35 mil empresas<\/span><\/strong><br \/><span>Minas Gerais registrou a abertura de 35.239 novas empresas no primeiro trimestre de 2026, um crescimento de 9,97% em rela\u00e7\u00e3o ao mesmo per\u00edodo do ano passado, quando foram formalizados 32.043 neg\u00f3cios. Apenas em mar\u00e7o, foram 12.843 constitui\u00e7\u00f5es, alta de 40,18% na compara\u00e7\u00e3o anual e m\u00e9dia de 414 novas empresas por dia no estado. Os dados s\u00e3o da Junta Comercial do Estado de Minas Gerais (Jucemg) e foram divulgados nesta quinta-feira (16). (Balc\u00e3o News)<\/span><br \/><span><a href=\"https:\/\/balcaonews.com.br\/2026\/04\/16\/minas-gerais-abre-mais-de-35-mil-empresas-no-primeiro-trimestre-de-2026\/\">https:\/\/balcaonews.com.br\/2026\/04\/16\/minas-gerais-abre-mais-de-35-mil-empresas-no-primeiro-trimestre-de-2026\/<\/a><\/span><\/p>\n<p><span><\/span><\/p>\n<p><strong><span>Hackathon de inova\u00e7\u00e3o impulsiona talentos<\/span><\/strong><br \/><span>O ecossistema de inova\u00e7\u00e3o regional viveu dias de intensa criatividade, troca de experi\u00eancias e constru\u00e7\u00e3o de solu\u00e7\u00f5es durante o Hackathon promovido pelo Reri Valley. O evento reuniu jovens talentos, empreendedores e entusiastas da tecnologia em uma verdadeira maratona de ideias, com foco no desenvolvimento de propostas inovadoras voltadas ao mercado local. Com a parceria estrat\u00e9gica da UniCesumar e o apoio do Sebrae, Sicoob e Aralat, o evento consolidou-se como uma importante plataforma de incentivo ao empreendedorismo e \u00e0 inova\u00e7\u00e3o na regi\u00e3o. (Gazeta do Tri\u00e2ngulo)<\/span><br \/><span><a href=\"https:\/\/gazetadotriangulo.com.br\/unicesumar-impulsiona-talentos-locais-com-premiacao-e-bolsas-100-em-hackathon-de-inovacao\/\">https:\/\/gazetadotriangulo.com.br\/unicesumar-impulsiona-talentos-locais-com-premiacao-e-bolsas-100-em-hackathon-de-inovacao\/<\/a><\/span><\/p>\n<p><span><\/span><\/p>\n<p><strong><span>Caf\u00e9 Rural destaca mercado do leite<\/span><\/strong><br \/><span>O Sindicato dos Produtores Rurais de Governador Valadares promove, nesta segunda-feira (27), mais uma edi\u00e7\u00e3o do tradicional Caf\u00e9 Rural do Sindicato. O encontro acontece \u00e0s 17h30, no Parque de Exposi\u00e7\u00f5es de Governador Valadares, com entrada gratuita e aberta ao p\u00fablico. A iniciativa re\u00fane produtores rurais, t\u00e9cnicos, lideran\u00e7as, autoridades e demais interessados no agroneg\u00f3cio em um ambiente voltado \u00e0 troca de experi\u00eancias, atualiza\u00e7\u00e3o de informa\u00e7\u00f5es e fortalecimento de conex\u00f5es no setor. Nesta edi\u00e7\u00e3o, o destaque da programa\u00e7\u00e3o ser\u00e1 o mercado do leite. (Di\u00e1rio do Rio Doce)<\/span><br \/><span><a href=\"https:\/\/drd.com.br\/cafe-rural-destaca-mercado-do-leite-e-reune-produtores-nesta-segunda\/\">https:\/\/drd.com.br\/cafe-rural-destaca-mercado-do-leite-e-reune-produtores-nesta-segunda\/<\/a><\/span><\/p>\n<p><span><\/span><\/p>\n<p><strong><span>Hidrel\u00e9trica de 112 anos ainda opera<\/span><\/strong><br \/><span>Em opera\u00e7\u00e3o desde 1\u00ba de janeiro de 1914, a Pequena Central Hidrel\u00e9trica (PCH) Guary, localizada em Santos Dumont, atingiu a marca de 112 anos de funcionamento ininterrupto e se consolidou como uma das fontes de energia mais antigas do pa\u00eds ainda em atividade. Com uma capacidade de 5,4 megawatts (MW), a usina \u00e9 uma pe\u00e7a ativa que ajuda a abastecer a rede el\u00e9trica que leva luz para as casas dos brasileiros. No caso da Guary, os 5,4 MW seriam suficientes para abastecer, em m\u00e9dia, uma cidade de cerca de 25 mil habitantes. (Portal 14B)<\/span><br \/><span><a href=\"https:\/\/portal14b.com.br\/Publicacao.aspx?id=665255\">https:\/\/portal14b.com.br\/Publicacao.aspx?id=665255<\/a><\/span><\/p>\n<p><span><\/span><\/p>\n<p><strong><span>Col\u00e9gio Tiradentes ser\u00e1 ampliado em Arax\u00e1<\/span><\/strong><br \/><span>O Governado de Minas anunciou, neste domingo (26\/4), durante a Pra\u00e7a de Servi\u00e7os do Governo Presente em Arax\u00e1, que o munic\u00edpio receber\u00e1 uma nova unidade do Col\u00e9gio Tiradentes da Pol\u00edcia Militar (CTPM). A iniciativa faz parte de um plano de expans\u00e3o que visa dobrar o n\u00famero de unidades militares no estado, saltando de 30 para 60 escolas ainda em 2026. A sede escolhida para o novo CTPM em Arax\u00e1 ser\u00e1 a Escola Estadual Padre Anacleto Giraldi, situada no bairro Santo Ant\u00f4nio. (Clarim Net)<\/span><br \/><span><a href=\"https:\/\/clarim.net.br\/governo-de-minas-anuncia-expansao-do-colegio-tiradentes-em-araxa\/\">https:\/\/clarim.net.br\/governo-de-minas-anuncia-expansao-do-colegio-tiradentes-em-araxa\/<\/a><\/span><\/p>\n<p><span><\/span><\/p>\n<p>\u00a0<\/p>","protected":false},"excerpt":{"rendered":"<p>(Foto: Reprodu\u00e7\u00e3o TM) COLUNA MGPrincipais destaques dos jornais e portais integrantes da Rede Sindijori MGwww.sindijorimg.com.br 400 fam\u00edlias seguem em hot\u00e9is em JFExatamente dois meses ap\u00f3s a trag\u00e9dia causada pelas fortes chuvas de 23 de fevereiro em Juiz de Fora e outros munic\u00edpios da Zona da Mata, o Gabinete de Crise e Resposta se reuniu em [&hellip;]<\/p>\n","protected":false},"author":0,"featured_media":33392,"comment_status":"open","ping_status":"open","sticky":false,"template":"","format":"standard","meta":{"rop_custom_images_group":[],"rop_custom_messages_group":[],"rop_publish_now":"initial","rop_publish_now_accounts":[],"rop_publish_now_history":[],"rop_publish_now_status":"pending","footnotes":""},"categories":[6745],"tags":[],"class_list":["post-33391","post","type-post","status-publish","format-standard","has-post-thumbnail","hentry","category-coluna-sindijori"],"_links":{"self":[{"href":"https:\/\/diariotribuna.com.br\/index.php?rest_route=\/wp\/v2\/posts\/33391"}],"collection":[{"href":"https:\/\/diariotribuna.com.br\/index.php?rest_route=\/wp\/v2\/posts"}],"about":[{"href":"https:\/\/diariotribuna.com.br\/index.php?rest_route=\/wp\/v2\/types\/post"}],"replies":[{"embeddable":true,"href":"https:\/\/diariotribuna.com.br\/index.php?rest_route=%2Fwp%2Fv2%2Fcomments&post=33391"}],"version-history":[{"count":0,"href":"https:\/\/diariotribuna.com.br\/index.php?rest_route=\/wp\/v2\/posts\/33391\/revisions"}],"wp:featuredmedia":[{"embeddable":true,"href":"https:\/\/diariotribuna.com.br\/index.php?rest_route=\/wp\/v2\/media\/33392"}],"wp:attachment":[{"href":"https:\/\/diariotribuna.com.br\/index.php?rest_route=%2Fwp%2Fv2%2Fmedia&parent=33391"}],"wp:term":[{"taxonomy":"category","embeddable":true,"href":"https:\/\/diariotribuna.com.br\/index.php?rest_route=%2Fwp%2Fv2%2Fcategories&post=33391"},{"taxonomy":"post_tag","embeddable":true,"href":"https:\/\/diariotribuna.com.br\/index.php?rest_route=%2Fwp%2Fv2%2Ftags&post=33391"}],"curies":[{"name":"wp","href":"https:\/\/api.w.org\/{rel}","templated":true}]}}