{"id":33409,"date":"2026-04-30T08:32:20","date_gmt":"2026-04-30T11:32:20","guid":{"rendered":"https:\/\/diariotribuna.com.br\/?p=33409"},"modified":"2026-04-30T08:32:20","modified_gmt":"2026-04-30T11:32:20","slug":"cedro-mira-lideranca-em-minerio-verde-com-investimentos-de-r-35-bi-em-minas-gerais","status":"publish","type":"post","link":"https:\/\/diariotribuna.com.br\/?p=33409","title":{"rendered":"Cedro mira lideran\u00e7a em min\u00e9rio verde com investimentos de R$ 3,5 bi em Minas Gerais\u00a0\u00a0"},"content":{"rendered":"<p><em>Companhia aposta no pellet feed, \u2018min\u00e9rio verde\u2019, que ajuda na descarboniza\u00e7\u00e3o de sider\u00fargicas da Asia e do Oriente M\u00e9dio<\/em><br \/>\u00a0<br \/>Companhia j\u00e1 iniciou amplia\u00e7\u00e3o da opera\u00e7\u00e3o em Mariana para elevar a produ\u00e7\u00e3o 11 milh\u00f5es de toneladas nos pr\u00f3ximos tr\u00eas anos.<\/p>\n<p><strong>Ag\u00eancia Minera Brasil\u00a0<br \/><\/strong><\/p>\n<p>A <strong>Cedro Minera\u00e7\u00e3o<\/strong> planeja alcan\u00e7ar mais de <strong>20 milh\u00f5es de toneladas<\/strong> de produ\u00e7\u00e3o anual de min\u00e9rio de ferro nos pr\u00f3ximos cinco anos. \u00a0O plano de expans\u00e3o inclui investimentos de <strong>R$ 3,5 bilh\u00f5es em suas opera\u00e7\u00f5es em Mariana (MG)<\/strong>, afirmou Lucas Kallas, presidente da Cedro Participa\u00e7\u00f5es em entrevista \u00e0 CNN.<br \/>A estrat\u00e9gia da companhia, que tamb\u00e9m atua nos segmentos de agro e infraestrutura, envolve o aumento gradual da capacidade produtiva, a entrada no mercado de min\u00e9rio de ferro de baixo carbono, com pellet feed, produto que tem ganhado mercado mundo a fora, especialmente em pa\u00edses asi\u00e1ticos e do Oriente M\u00e9dio, al\u00e9m de investimentos em infraestrutura log\u00edstica, incluindo um terminal pr\u00f3prio no porto de Itagua\u00ed (RJ) outra aposta da empresa para escoar exportar o min\u00e9rio.\u00a0<br \/>Atualmente produzindo cerca de 3 milh\u00f5es de toneladas por ano em Mariana, a Cedro j\u00e1 iniciou as obras de amplia\u00e7\u00e3o que devem elevar a produ\u00e7\u00e3o para 6 milh\u00f5es de toneladas em uma primeira etapa, disse Kallas. \u00a0O plano, no entanto, \u00e9 mais audacioso: atingir entre 10 e 11 milh\u00f5es de toneladas nos pr\u00f3ximos tr\u00eas anos.<\/p>\n<p><strong>Pellet feed, o min\u00e9rio que reduz emiss\u00f5es<\/strong><\/p>\n<p>Kallas conta que esse crescimento est\u00e1 diretamente ligado \u00e0 entrada da companhia no segmento de pellet feed, que permite reduzir at\u00e9 50% as emiss\u00f5es das sider\u00fargicas, que est\u00e3o s\u00e3o cobradas por descarboniza\u00e7\u00e3o de suas opera\u00e7\u00f5es. Essa demanda por min\u00e9rio de baixo carbono coloca o pellet feed bem posicionado na demanda global por insumos mais sustent\u00e1veis na produ\u00e7\u00e3o de a\u00e7o.<br \/>O executivo destaca que o foco em min\u00e9rio de ferro e sustentabilidade \u00e9 central na estrat\u00e9gia da companhia. \u201cEstamos muito focados no min\u00e9rio de ferro e acreditamos na minera\u00e7\u00e3o sustent\u00e1vel, com o pellet feed, que emite <strong>50% a menos de carbono<\/strong>\u201d, disse.<br \/>Para Kallas, a tend\u00eancia global de descarboniza\u00e7\u00e3o deve valorizar esse tipo de produto. \u201cAcho que vai ter um pr\u00eamio para o min\u00e9rio verde no futuro. O mundo n\u00e3o tem como n\u00e3o seguir essa quest\u00e3o de descarboniza\u00e7\u00e3o\u201d, acrescentou.<\/p>\n<p><strong>Meta de 20 milh\u00f5es de toneladas<\/strong><\/p>\n<p>Al\u00e9m da expans\u00e3o em Mariana, a empresa adquiriu ativos em <strong>Itabirito (MG) <\/strong>e <strong>Ouro Preto (MG),<\/strong> que ainda est\u00e3o em fase de licenciamento. Com esses projetos, a expectativa \u00e9 ultrapassar 20 milh\u00f5es de toneladas anuais a partir de 2032. Esse volume de produ\u00e7\u00e3o colocaria a Cedro entre as tr\u00eas maiores mineradoras do pa\u00eds.<br \/>No campo log\u00edstico, Kallas diz que a Cedro tamb\u00e9m avan\u00e7a para reduzir custos e aumentar a autonomia nas exporta\u00e7\u00f5es. A empresa venceu um leil\u00e3o para operar no porto de Itagua\u00ed e aguarda a licen\u00e7a final.<br \/>\u201cInvestimos por volta de R$ 3,5 milh\u00f5es no porto. Vamos poder exportar diretamente nosso pr\u00f3prio min\u00e9rio e estamos em fase final de licenciamento, com licen\u00e7a que deve ser emitida daqui a 90 dias\u201d, disse.<\/p>\n<p>\u00a0<\/p>\n\n<p><strong>Cedro atende cerca de 1 mil crian\u00e7as na maior creche privada do estado em Nova Lima<\/strong><\/p>\n\n<p><strong>A\u00e7\u00f5es ambientais e sociais<\/strong><\/p>\n<p>Kallas tamb\u00e9m ressaltou iniciativas ambientais e sociais da companhia ao longo dos \u00faltimos anos. \u201cA Cedro foi a primeira empresa a descaracterizar barragem de rejeito a montante entre 2019 e 2020\u201d, afirma.<br \/>Segundo ele, a empresa tem mantido uma agenda consistente tamb\u00e9m no campo social. Entre os projetos, citou a opera\u00e7\u00e3o de uma creche privada em Nova Lima (MG). \u201cMantemos a maior creche privada do estado em Nova Lima, com quase mil crian\u00e7as\u201d, destaca.<\/p>\n<p><strong>Sobre a Cedro\u00a0<\/strong><\/p>\n<p>A <strong>Cedro Participa\u00e7\u00f5es<\/strong> foi criada em 2017 e atua nos segmentos de minera\u00e7\u00e3o, real estate, agroneg\u00f3cio, sa\u00fade e log\u00edstica. \u00c9 um grupo com<strong> 2.500 funcion\u00e1rios indiretos e 700 diretos<\/strong> e regras rigorosas de governan\u00e7a e compliance. Iniciou suas opera\u00e7\u00f5es na minera\u00e7\u00e3o e, desde o in\u00edcio, atua focada na sustentabilidade, tendo como seu primeiro projeto o beneficiamento de rejeitos de min\u00e9rio estocados, com o uso de tecnologia de processamento apta a eliminar o uso de barragens.\u00a0<br \/>A <strong>Cedro Participa\u00e7\u00f5es<\/strong> tem atividades nos estados de Minas Gerais, Rio de Janeiro, Bahia, S\u00e3o Paulo e Goi\u00e1s. Lidera mais de <strong>60 projetos sociais<\/strong>, investindo em a\u00e7\u00f5es voltadas para a educa\u00e7\u00e3o, cultura, esporte e sa\u00fade. A empresa \u00e9 mantenedora de uma creche que atende mais de 800 crian\u00e7as em tempo integral em Nova Lima (MG), oferecendo mais de <strong>4.000 refei\u00e7\u00f5es por dia.<\/strong><\/p>\n<p>\u00a0<\/p>","protected":false},"excerpt":{"rendered":"<p>Companhia aposta no pellet feed, \u2018min\u00e9rio verde\u2019, que ajuda na descarboniza\u00e7\u00e3o de sider\u00fargicas da Asia e do Oriente M\u00e9dio\u00a0Companhia j\u00e1 iniciou amplia\u00e7\u00e3o da opera\u00e7\u00e3o em Mariana para elevar a produ\u00e7\u00e3o 11 milh\u00f5es de toneladas nos pr\u00f3ximos tr\u00eas anos. Ag\u00eancia Minera Brasil\u00a0 A Cedro Minera\u00e7\u00e3o planeja alcan\u00e7ar mais de 20 milh\u00f5es de toneladas de produ\u00e7\u00e3o anual [&hellip;]<\/p>\n","protected":false},"author":0,"featured_media":33410,"comment_status":"open","ping_status":"open","sticky":false,"template":"","format":"standard","meta":{"rop_custom_images_group":[],"rop_custom_messages_group":[],"rop_publish_now":"initial","rop_publish_now_accounts":[],"rop_publish_now_history":[],"rop_publish_now_status":"pending","footnotes":""},"categories":[6745],"tags":[],"class_list":["post-33409","post","type-post","status-publish","format-standard","has-post-thumbnail","hentry","category-coluna-sindijori"],"_links":{"self":[{"href":"https:\/\/diariotribuna.com.br\/index.php?rest_route=\/wp\/v2\/posts\/33409"}],"collection":[{"href":"https:\/\/diariotribuna.com.br\/index.php?rest_route=\/wp\/v2\/posts"}],"about":[{"href":"https:\/\/diariotribuna.com.br\/index.php?rest_route=\/wp\/v2\/types\/post"}],"replies":[{"embeddable":true,"href":"https:\/\/diariotribuna.com.br\/index.php?rest_route=%2Fwp%2Fv2%2Fcomments&post=33409"}],"version-history":[{"count":0,"href":"https:\/\/diariotribuna.com.br\/index.php?rest_route=\/wp\/v2\/posts\/33409\/revisions"}],"wp:featuredmedia":[{"embeddable":true,"href":"https:\/\/diariotribuna.com.br\/index.php?rest_route=\/wp\/v2\/media\/33410"}],"wp:attachment":[{"href":"https:\/\/diariotribuna.com.br\/index.php?rest_route=%2Fwp%2Fv2%2Fmedia&parent=33409"}],"wp:term":[{"taxonomy":"category","embeddable":true,"href":"https:\/\/diariotribuna.com.br\/index.php?rest_route=%2Fwp%2Fv2%2Fcategories&post=33409"},{"taxonomy":"post_tag","embeddable":true,"href":"https:\/\/diariotribuna.com.br\/index.php?rest_route=%2Fwp%2Fv2%2Ftags&post=33409"}],"curies":[{"name":"wp","href":"https:\/\/api.w.org\/{rel}","templated":true}]}}