{"id":33418,"date":"2026-04-30T22:02:34","date_gmt":"2026-05-01T01:02:34","guid":{"rendered":"https:\/\/diariotribuna.com.br\/?p=33418"},"modified":"2026-04-30T22:03:13","modified_gmt":"2026-05-01T01:03:13","slug":"convenio-fecitur-e-codemge-em-parceria-com-a-secult-mg-inicia-projeto-de-turismo-na-instancia-de-governanca-regional-de-turismo-pedras-preciosas","status":"publish","type":"post","link":"https:\/\/diariotribuna.com.br\/?p=33418","title":{"rendered":"Conv\u00eanio FECITUR e CODEMGE, em parceria com a SECULT-MG, inicia projeto de turismo na Inst\u00e2ncia de Governan\u00e7a Regional de Turismo Pedras Preciosas"},"content":{"rendered":"<div class=\"wp-block-image\">\n<figure class=\"alignright size-full is-resized\"><img loading=\"lazy\" decoding=\"async\" width=\"550\" height=\"346\" src=\"https:\/\/diariotribuna.com.br\/wp-content\/uploads\/2026\/04\/image-21.png\" alt=\"\" class=\"wp-image-33419\" style=\"width:502px;height:auto\" srcset=\"https:\/\/diariotribuna.com.br\/wp-content\/uploads\/2026\/04\/image-21.png 550w, https:\/\/diariotribuna.com.br\/wp-content\/uploads\/2026\/04\/image-21-300x189.png 300w\" sizes=\"(max-width: 550px) 100vw, 550px\" \/><\/figure><\/div>\n\n\n<p>Em uma parceria in\u00e9dita no estado de Minas Gerais, a Inst\u00e2ncia de Governan\u00e7a Regional de Turismo Pedras Preciosas, que atualmente abrange 36 munic\u00edpios dos vales do Jequitinhonha, Mucuri e Rio Doce, iniciou uma s\u00e9rie de a\u00e7\u00f5es voltadas ao desenvolvimento tur\u00edstico regional. As iniciativas s\u00e3o viabilizadas por meio de recursos oriundos de<br>um conv\u00eanio entre a Federa\u00e7\u00e3o das Inst\u00e2ncias de Governan\u00e7a Regional de Minas Gerais (Fecitur) e a Companhia de Desenvolvimento de Minas Gerais (Codemge), em parceria com a Secretaria de Estado de Cultura e Turismo de Minas Gerais (Secult-MG). O projeto contempla uma s\u00e9rie de a\u00e7\u00f5es estruturantes, com foco na cria\u00e7\u00e3o de produtos e experi\u00eancias tur\u00edsticas em munic\u00edpios do Vale do Jequitinhonha; no fortalecimento da governan\u00e7a da Rota de Cicloturismo das Pedras Preciosas; e na cria\u00e7\u00e3o da marca do destino tur\u00edstico Itamarandiba.<br>Em sua primeira etapa, realizada ainda no m\u00eas de fevereiro, a iniciativa promoveu o mapeamento das<br>potencialidades tur\u00edsticas dos munic\u00edpios de Francisco Badar\u00f3, Itaobim, Jenipapo de Minas e Minas Novas. Tamb\u00e9m foram realizados encontros de sensibiliza\u00e7\u00e3o e mobiliza\u00e7\u00e3o das comunidades locais, com o objetivo de fomentar o desenvolvimento da atividade tur\u00edstica nesses territ\u00f3rios. Nos munic\u00edpios de Novo Oriente de Minas, Padre Para\u00edso e Pav\u00e3o, integrantes da Rota de Cicloturismo das Pedras Preciosas,<br>ocorreram reuni\u00f5es presenciais com atores locais vinculados ao roteiro, com o intuito de fortalecer a coopera\u00e7\u00e3o e o associativismo. Al\u00e9m disso, foram realizados atendimentos individuais com pessoas f\u00edsicas<br>e empreendedores locais envolvidos na rota, visando estimular a participa\u00e7\u00e3o ativa e o protagonismo<br>da comunidade aut\u00f3ctone na condu\u00e7\u00e3o das atividades operacionais do roteiro. J\u00e1 no munic\u00edpio de Ita marandiba, foi promovido, no m\u00eas de abril, um amplo semin\u00e1rio de turismo, com o objetivo de discutir o cen\u00e1rio local e aprofundar o conhecimento sobre a realidade do setor no munic\u00edpio. Paralelamente, foram<br>realizadas entrevistas com atores-chave envolvidos direta e indiretamente com o turismo local. Tanto o semin\u00e1rio quanto as entrevistas tiveram como finalidade a coleta de informa\u00e7\u00f5es estrat\u00e9gicas que ir\u00e3o subsidiar a cria\u00e7\u00e3o da marca do destino tur\u00edstico Itamarandiba.<\/p>\n\n\n<div class=\"wp-block-image\">\n<figure class=\"aligncenter size-large\"><img loading=\"lazy\" decoding=\"async\" width=\"1024\" height=\"380\" src=\"https:\/\/diariotribuna.com.br\/wp-content\/uploads\/2026\/04\/image-25-1024x380.png\" alt=\"\" class=\"wp-image-33421\" srcset=\"https:\/\/diariotribuna.com.br\/wp-content\/uploads\/2026\/04\/image-25-1024x380.png 1024w, https:\/\/diariotribuna.com.br\/wp-content\/uploads\/2026\/04\/image-25-300x111.png 300w, https:\/\/diariotribuna.com.br\/wp-content\/uploads\/2026\/04\/image-25-768x285.png 768w, https:\/\/diariotribuna.com.br\/wp-content\/uploads\/2026\/04\/image-25-696x258.png 696w, https:\/\/diariotribuna.com.br\/wp-content\/uploads\/2026\/04\/image-25-1068x396.png 1068w, https:\/\/diariotribuna.com.br\/wp-content\/uploads\/2026\/04\/image-25-1133x420.png 1133w, https:\/\/diariotribuna.com.br\/wp-content\/uploads\/2026\/04\/image-25.png 1138w\" sizes=\"(max-width: 1024px) 100vw, 1024px\" \/><\/figure><\/div>\n\n\n<p>Para a execu\u00e7\u00e3o dessas a\u00e7\u00f5es, foram contratadas tr\u00eas consultorias especializadas, que j\u00e1 se preparam<br>para a segunda etapa do projeto. Esta pr\u00f3xima fase prev\u00ea a realiza\u00e7\u00e3o de capacita\u00e7\u00f5es voltadas aos agentes locais considerados priorit\u00e1rios para a formata\u00e7\u00e3o de produtos e experi\u00eancias tur\u00edsticas nos munic\u00edpios de Francisco Badar\u00f3, Itaobim, Jenipapo de Minas e Minas Novas; a realiza\u00e7\u00e3o de reuni\u00f5es presenciais com o poder p\u00fablico dos munic\u00edpios que integram a Rota de Cicloturismo das Pedras Preciosas, al\u00e9m da execu\u00e7\u00e3o de um evento-teste da rota; e, por fim, a entrega de um relat\u00f3rio completo contendo a marca, a identidade visual, a defini\u00e7\u00e3o da ess\u00eancia e o posicionamento do destino tur\u00edstico Itamarandiba.<br>Ao final do projeto, espera-se que a regi\u00e3o do Circuito Tur\u00edstico das Pedras Preciosas passe a contar<br>com uma oferta ampliada de produtos e experi\u00eancias tur\u00edsticas, especialmente voltadas ao Turismo de Base Comunit\u00e1ria e ao Cicloturismo \u2014 segmentos reconhecidos como tend\u00eancias no mercado global. Al\u00e9m disso, o territ\u00f3rio dever\u00e1 contar com uma marca profissional consolidada para um de seus destinos tur\u00edsticos mais relevantes: Itamarandiba, fortalecendo ainda mais a atua\u00e7\u00e3o da Inst\u00e2ncia de Governan\u00e7a Regional de Turismo Pedras Preciosas. A\u00e7\u00e3o realizada com recursos de conv\u00eanio da Fecitur e Codemge, em parceria com a Secult-MG. <\/p>\n\n\n\n<p>Governo de Minas.<br>Aqui o Trem Prospera!<\/p>\n","protected":false},"excerpt":{"rendered":"<p>Em uma parceria in\u00e9dita no estado de Minas Gerais, a Inst\u00e2ncia de Governan\u00e7a Regional de Turismo Pedras Preciosas, que atualmente abrange 36 munic\u00edpios dos vales do Jequitinhonha, Mucuri e Rio Doce, iniciou uma s\u00e9rie de a\u00e7\u00f5es voltadas ao desenvolvimento tur\u00edstico regional. As iniciativas s\u00e3o viabilizadas por meio de recursos oriundos deum conv\u00eanio entre a Federa\u00e7\u00e3o [&hellip;]<\/p>\n","protected":false},"author":3,"featured_media":33419,"comment_status":"open","ping_status":"open","sticky":false,"template":"","format":"standard","meta":{"rop_custom_images_group":[],"rop_custom_messages_group":[],"rop_publish_now":"yes","rop_publish_now_accounts":[],"rop_publish_now_history":[],"rop_publish_now_status":"pending","footnotes":""},"categories":[25,19,23],"tags":[],"class_list":["post-33418","post","type-post","status-publish","format-standard","has-post-thumbnail","hentry","category-destaque","category-gerais","category-ultimaedicao"],"_links":{"self":[{"href":"https:\/\/diariotribuna.com.br\/index.php?rest_route=\/wp\/v2\/posts\/33418"}],"collection":[{"href":"https:\/\/diariotribuna.com.br\/index.php?rest_route=\/wp\/v2\/posts"}],"about":[{"href":"https:\/\/diariotribuna.com.br\/index.php?rest_route=\/wp\/v2\/types\/post"}],"author":[{"embeddable":true,"href":"https:\/\/diariotribuna.com.br\/index.php?rest_route=\/wp\/v2\/users\/3"}],"replies":[{"embeddable":true,"href":"https:\/\/diariotribuna.com.br\/index.php?rest_route=%2Fwp%2Fv2%2Fcomments&post=33418"}],"version-history":[{"count":1,"href":"https:\/\/diariotribuna.com.br\/index.php?rest_route=\/wp\/v2\/posts\/33418\/revisions"}],"predecessor-version":[{"id":33422,"href":"https:\/\/diariotribuna.com.br\/index.php?rest_route=\/wp\/v2\/posts\/33418\/revisions\/33422"}],"wp:featuredmedia":[{"embeddable":true,"href":"https:\/\/diariotribuna.com.br\/index.php?rest_route=\/wp\/v2\/media\/33419"}],"wp:attachment":[{"href":"https:\/\/diariotribuna.com.br\/index.php?rest_route=%2Fwp%2Fv2%2Fmedia&parent=33418"}],"wp:term":[{"taxonomy":"category","embeddable":true,"href":"https:\/\/diariotribuna.com.br\/index.php?rest_route=%2Fwp%2Fv2%2Fcategories&post=33418"},{"taxonomy":"post_tag","embeddable":true,"href":"https:\/\/diariotribuna.com.br\/index.php?rest_route=%2Fwp%2Fv2%2Ftags&post=33418"}],"curies":[{"name":"wp","href":"https:\/\/api.w.org\/{rel}","templated":true}]}}