{"id":33423,"date":"2026-04-30T22:08:51","date_gmt":"2026-05-01T01:08:51","guid":{"rendered":"https:\/\/diariotribuna.com.br\/?p=33423"},"modified":"2026-04-30T22:08:53","modified_gmt":"2026-05-01T01:08:53","slug":"nota-de-pesar","status":"publish","type":"post","link":"https:\/\/diariotribuna.com.br\/?p=33423","title":{"rendered":"NOTA DE PESAR"},"content":{"rendered":"<div class=\"wp-block-image\">\n<figure class=\"alignright size-full\"><img loading=\"lazy\" decoding=\"async\" width=\"362\" height=\"318\" src=\"https:\/\/diariotribuna.com.br\/wp-content\/uploads\/2026\/04\/image-26.png\" alt=\"\" class=\"wp-image-33424\" srcset=\"https:\/\/diariotribuna.com.br\/wp-content\/uploads\/2026\/04\/image-26.png 362w, https:\/\/diariotribuna.com.br\/wp-content\/uploads\/2026\/04\/image-26-300x264.png 300w\" sizes=\"(max-width: 362px) 100vw, 362px\" \/><\/figure><\/div>\n\n\n<p>\u00c9 com profundo pesar que recebemos a not\u00edcia do<br>falecimento de Jos\u00e9 Maspoli, carinhosamente conhecido como Maspoli, diretor do Jornal Leste de Minas, ocorrido hoje aos 75 anos. <br>Maspoli deixa fam\u00edlia e um legado inestim\u00e1vel para a comunica\u00e7\u00e3o de Te\u00f3filo Otoni e de toda a regi\u00e3o. Com \u00e9tica, coragem e paix\u00e3o pelo jornalismo, ajudou a contar a hist\u00f3ria do nosso povo e a fortalecer a imprensa local. Seu trabalho no Jornal Leste de Minas marcou gera\u00e7\u00f5es<br>e ser\u00e1 sempre refer\u00eancia. Neste momento de dor,<br>manifestamos nossa solidariedade aos familiares,<br>amigos e a toda equipe do Jornal Leste de Minas. Que encontrem conforto nas boas lembran\u00e7as e no exemplo de dedica\u00e7\u00e3o que ele deixa.<br>Te\u00f3filo Otoni e a regi\u00e3o perdem um grande comunicador, mas seu legado permanece vivo.<br>Descanse em paz, amigo Maspoli*<br>NORTHON NEIVA<\/p>\n\n\n\n<p>#semprecomvoc\u00ea<\/p>\n\n\n\n<p><\/p>\n","protected":false},"excerpt":{"rendered":"<p>\u00c9 com profundo pesar que recebemos a not\u00edcia dofalecimento de Jos\u00e9 Maspoli, carinhosamente conhecido como Maspoli, diretor do Jornal Leste de Minas, ocorrido hoje aos 75 anos. Maspoli deixa fam\u00edlia e um legado inestim\u00e1vel para a comunica\u00e7\u00e3o de Te\u00f3filo Otoni e de toda a regi\u00e3o. Com \u00e9tica, coragem e paix\u00e3o pelo jornalismo, ajudou a contar [&hellip;]<\/p>\n","protected":false},"author":3,"featured_media":33424,"comment_status":"open","ping_status":"open","sticky":false,"template":"","format":"standard","meta":{"rop_custom_images_group":[],"rop_custom_messages_group":[],"rop_publish_now":"yes","rop_publish_now_accounts":[],"rop_publish_now_history":[],"rop_publish_now_status":"pending","footnotes":""},"categories":[25,17,23],"tags":[],"class_list":["post-33423","post","type-post","status-publish","format-standard","has-post-thumbnail","hentry","category-destaque","category-teofilootoni","category-ultimaedicao"],"_links":{"self":[{"href":"https:\/\/diariotribuna.com.br\/index.php?rest_route=\/wp\/v2\/posts\/33423"}],"collection":[{"href":"https:\/\/diariotribuna.com.br\/index.php?rest_route=\/wp\/v2\/posts"}],"about":[{"href":"https:\/\/diariotribuna.com.br\/index.php?rest_route=\/wp\/v2\/types\/post"}],"author":[{"embeddable":true,"href":"https:\/\/diariotribuna.com.br\/index.php?rest_route=\/wp\/v2\/users\/3"}],"replies":[{"embeddable":true,"href":"https:\/\/diariotribuna.com.br\/index.php?rest_route=%2Fwp%2Fv2%2Fcomments&post=33423"}],"version-history":[{"count":1,"href":"https:\/\/diariotribuna.com.br\/index.php?rest_route=\/wp\/v2\/posts\/33423\/revisions"}],"predecessor-version":[{"id":33425,"href":"https:\/\/diariotribuna.com.br\/index.php?rest_route=\/wp\/v2\/posts\/33423\/revisions\/33425"}],"wp:featuredmedia":[{"embeddable":true,"href":"https:\/\/diariotribuna.com.br\/index.php?rest_route=\/wp\/v2\/media\/33424"}],"wp:attachment":[{"href":"https:\/\/diariotribuna.com.br\/index.php?rest_route=%2Fwp%2Fv2%2Fmedia&parent=33423"}],"wp:term":[{"taxonomy":"category","embeddable":true,"href":"https:\/\/diariotribuna.com.br\/index.php?rest_route=%2Fwp%2Fv2%2Fcategories&post=33423"},{"taxonomy":"post_tag","embeddable":true,"href":"https:\/\/diariotribuna.com.br\/index.php?rest_route=%2Fwp%2Fv2%2Ftags&post=33423"}],"curies":[{"name":"wp","href":"https:\/\/api.w.org\/{rel}","templated":true}]}}