{"id":33426,"date":"2026-04-30T22:15:21","date_gmt":"2026-05-01T01:15:21","guid":{"rendered":"https:\/\/diariotribuna.com.br\/?p=33426"},"modified":"2026-04-30T22:18:13","modified_gmt":"2026-05-01T01:18:13","slug":"suspeita-de-intoxicacao-coletiva-apos-festa-mobiliza-ambulancias-e-hospitais-na-zona-rural-de-catuji","status":"publish","type":"post","link":"https:\/\/diariotribuna.com.br\/?p=33426","title":{"rendered":"Suspeita de intoxica\u00e7\u00e3o coletiva ap\u00f3s festa mobiliza ambul\u00e2ncias e hospitais na zona rural de Catuji"},"content":{"rendered":"<div class=\"wp-block-image\">\n<figure class=\"alignright size-full\"><img loading=\"lazy\" decoding=\"async\" width=\"452\" height=\"223\" src=\"https:\/\/diariotribuna.com.br\/wp-content\/uploads\/2026\/04\/image-27.png\" alt=\"\" class=\"wp-image-33427\" srcset=\"https:\/\/diariotribuna.com.br\/wp-content\/uploads\/2026\/04\/image-27.png 452w, https:\/\/diariotribuna.com.br\/wp-content\/uploads\/2026\/04\/image-27-300x148.png 300w, https:\/\/diariotribuna.com.br\/wp-content\/uploads\/2026\/04\/image-27-324x160.png 324w\" sizes=\"(max-width: 452px) 100vw, 452px\" \/><\/figure><\/div>\n\n\n<p>Uma festa de anivers\u00e1rio realizada na noite deste s\u00e1bado (25), no povoado dos Porf\u00edrios, zona rural de Catuji, terminou em  preocupa\u00e7\u00e3o ap\u00f3s dezenas de pessoas, entre crian\u00e7as e adultos, passarem mal logo ap\u00f3s o evento.<br>Segundo relatos de moradores e familiares, os sintomas come\u00e7aram ainda durante a comemora\u00e7\u00e3o. Crian\u00e7as e adultos apresentaram mal-estar, v\u00f4mitos e fortes dores abdominais, o que gerou uma mobiliza\u00e7\u00e3o emergencial para socorrer os convidados. Relatos enviados por testemunhas descrevem momentos de desespero. \u201cAs pessoas foram para se divertir em um anivers\u00e1rio infantil, tudo feito com carinho, e aconteceu isso\u201d, disse uma familiar de uma das v\u00edtimas.<br>Diante da situa\u00e7\u00e3o, v\u00e1rias v\u00edtimas precisaram ser encaminhadas para unidades de sa\u00fade em diferentes cidades da regi\u00e3o. Pacientes foram levados para hospitais de Padre Para\u00edso, Itaip\u00e9 e Te\u00f3filo Otoni, devido \u00e0 alta demanda por atendimento. <br>A Prefeitura de Catuji informou que seis ambul\u00e2ncias, com apoio de equipes de enfermagem, foram<br>mobilizadas para prestar socorro. Segundo a administra\u00e7\u00e3o municipal, todos os pacientes foram atendidos e encaminhados para unidades hospitalares.<br>As primeiras informa\u00e7\u00f5es apontavam suspeita de contamina\u00e7\u00e3o, hip\u00f3tese que ainda n\u00e3o foi confirmada oficialmente. Inicialmente, o caso tamb\u00e9m foi associado \u00e0 localidade de Fulg\u00eancio, mas moradores esclareceram que o epis\u00f3dio ocorreu, na verdade, no povoado dos Porf\u00edrios. <br>At\u00e9 o momento, n\u00e3o h\u00e1 confirma\u00e7\u00e3o sobre o que teria provocado o mal-estar coletivo. As causas dever\u00e3o<br>ser investigadas pelas autoridades de sa\u00fade, que ir\u00e3o apurar se os sintomas foram provocados por  intoxica\u00e7\u00e3o alimentar, contamina\u00e7\u00e3o ou outra poss\u00edvel intercorr\u00eancia.<\/p>\n","protected":false},"excerpt":{"rendered":"<p>Uma festa de anivers\u00e1rio realizada na noite deste s\u00e1bado (25), no povoado dos Porf\u00edrios, zona rural de Catuji, terminou em preocupa\u00e7\u00e3o ap\u00f3s dezenas de pessoas, entre crian\u00e7as e adultos, passarem mal logo ap\u00f3s o evento.Segundo relatos de moradores e familiares, os sintomas come\u00e7aram ainda durante a comemora\u00e7\u00e3o. Crian\u00e7as e adultos apresentaram mal-estar, v\u00f4mitos e fortes [&hellip;]<\/p>\n","protected":false},"author":3,"featured_media":33427,"comment_status":"open","ping_status":"open","sticky":false,"template":"","format":"standard","meta":{"rop_custom_images_group":[],"rop_custom_messages_group":[],"rop_publish_now":"yes","rop_publish_now_accounts":[],"rop_publish_now_history":[],"rop_publish_now_status":"pending","footnotes":""},"categories":[25,18,23],"tags":[],"class_list":["post-33426","post","type-post","status-publish","format-standard","has-post-thumbnail","hentry","category-destaque","category-regiao","category-ultimaedicao"],"_links":{"self":[{"href":"https:\/\/diariotribuna.com.br\/index.php?rest_route=\/wp\/v2\/posts\/33426"}],"collection":[{"href":"https:\/\/diariotribuna.com.br\/index.php?rest_route=\/wp\/v2\/posts"}],"about":[{"href":"https:\/\/diariotribuna.com.br\/index.php?rest_route=\/wp\/v2\/types\/post"}],"author":[{"embeddable":true,"href":"https:\/\/diariotribuna.com.br\/index.php?rest_route=\/wp\/v2\/users\/3"}],"replies":[{"embeddable":true,"href":"https:\/\/diariotribuna.com.br\/index.php?rest_route=%2Fwp%2Fv2%2Fcomments&post=33426"}],"version-history":[{"count":1,"href":"https:\/\/diariotribuna.com.br\/index.php?rest_route=\/wp\/v2\/posts\/33426\/revisions"}],"predecessor-version":[{"id":33428,"href":"https:\/\/diariotribuna.com.br\/index.php?rest_route=\/wp\/v2\/posts\/33426\/revisions\/33428"}],"wp:featuredmedia":[{"embeddable":true,"href":"https:\/\/diariotribuna.com.br\/index.php?rest_route=\/wp\/v2\/media\/33427"}],"wp:attachment":[{"href":"https:\/\/diariotribuna.com.br\/index.php?rest_route=%2Fwp%2Fv2%2Fmedia&parent=33426"}],"wp:term":[{"taxonomy":"category","embeddable":true,"href":"https:\/\/diariotribuna.com.br\/index.php?rest_route=%2Fwp%2Fv2%2Fcategories&post=33426"},{"taxonomy":"post_tag","embeddable":true,"href":"https:\/\/diariotribuna.com.br\/index.php?rest_route=%2Fwp%2Fv2%2Ftags&post=33426"}],"curies":[{"name":"wp","href":"https:\/\/api.w.org\/{rel}","templated":true}]}}