{"id":33429,"date":"2026-04-30T22:29:31","date_gmt":"2026-05-01T01:29:31","guid":{"rendered":"https:\/\/diariotribuna.com.br\/?p=33429"},"modified":"2026-04-30T22:30:40","modified_gmt":"2026-05-01T01:30:40","slug":"hospital-e-condenado-por-morte-de-paciente-com-apendicite","status":"publish","type":"post","link":"https:\/\/diariotribuna.com.br\/?p=33429","title":{"rendered":"Hospital \u00e9 condenado por morte de paciente com apendicite"},"content":{"rendered":"<div class=\"wp-block-image\">\n<figure class=\"alignright size-full\"><img loading=\"lazy\" decoding=\"async\" width=\"451\" height=\"307\" src=\"https:\/\/diariotribuna.com.br\/wp-content\/uploads\/2026\/04\/image-28.png\" alt=\"\" class=\"wp-image-33430\" srcset=\"https:\/\/diariotribuna.com.br\/wp-content\/uploads\/2026\/04\/image-28.png 451w, https:\/\/diariotribuna.com.br\/wp-content\/uploads\/2026\/04\/image-28-300x204.png 300w\" sizes=\"(max-width: 451px) 100vw, 451px\" \/><\/figure><\/div>\n\n\n<p>Resumo em linguagem simples: Hospital deve indenizar m\u00e3e de paciente que morreu por demora na realiza\u00e7\u00e3o de cirurgia; &#8211; Per\u00edcia<br>demonstrou que escolha do tratamento prejudicou quadro de sa\u00fade; &#8211; Em 2\u00aa Inst\u00e2ncia, a indeniza\u00e7\u00e3o por danos morais foi mantida.<br>A 18\u00aa C\u00e2mara C\u00edvel do Tribunal de Justi\u00e7a do Estado de Minas Gerais (TJMG) confirmou a condena\u00e7\u00e3o de um hospital pela morte de uma paciente de 21 anos devido ao atraso na realiza\u00e7\u00e3o de cirurgia de apendicite aguda. A  indeniza\u00e7\u00e3o por danos morais, fixada em R$ 50 mil pela Comarca de Te\u00f3filo Otoni, no Vale do Mucuri, foi mantida. Os autos mostram que, em mar\u00e7o de 2013, a paciente foi internada com o quadro de apendicite aguda. O m\u00e9dico respons\u00e1vel optou por n\u00e3o operar e realizou drenagem no local. Ele registrou que a paciente apresentava evolu\u00e7\u00e3o cl\u00ednica \u201cest\u00e1vel\u201d, embora apresentasse piora nos sintomas. Nos dias seguintes, avalia\u00e7\u00f5es de outros profissionais mostraram quadro de infec\u00e7\u00e3o generalizada e insufici\u00eancias respirat\u00f3ria e renal. Em 7\/4, a paciente foi transferida para a Unidade de Tratamento Intensivo(UTI). Uma semana depois, passou por cirurgia de emerg\u00eancia, mas n\u00e3o resistiu \u00e0 infec\u00e7\u00e3o e faleceu no dia 14\/4.<br>Argumentos: A fam\u00edlia processou o hospital alegando que a demora no tratamento adequado e a insist\u00eancia em conduta conservadora contribu\u00edram para o agravamento do quadro. <br>A senten\u00e7a de 1\u00aa Inst\u00e2ncia condenou o hospital a pagar indeniza\u00e7\u00e3o por danos morais \u00e0 m\u00e3e da v\u00edtima.<br>O hospital recorreu, afirmando que n\u00e3o existia comprova\u00e7\u00e3o de \u201cfalha na presta\u00e7\u00e3o dos servi\u00e7os hospitalares, tampouco nexo de causalidade entre a conduta m\u00e9dica adotada e o \u00f3bito da paciente\u201d. Tamb\u00e9m defendeu que \u201co quadro cl\u00ednico da paciente era extremamente grave, agravado por  comorbidades severas e pela demora em buscar atendimento m\u00e9dico, o que caracterizaria, inclusive, culpa concorrente da v\u00edtima\u201d. Prova t\u00e9cnica: De acordo com o relator do caso, desembargador Lu\u00eds Eduardo Alves P\u00edfano, a prova t\u00e9cnica permite concluir que houve falha na conduta profissional, como a demora na realiza\u00e7\u00e3o dos procedimentos necess\u00e1rios. Conforme o magistrado, as provas apontavam \u201cpara inequ\u00edvoca falha na condu\u00e7\u00e3o do tratamento, por inadequa\u00e7\u00e3o na escolha e, sobretudo, na persist\u00eancia da conduta adotada mesmo ap\u00f3s manifesta inefic\u00e1cia terap\u00eautica, resultando na evolu\u00e7\u00e3o do quadro infeccioso para sepse e \u00f3bito\u201d.<br>O desembargador pontuou que a conduta inapropriada foi confirmada em processo administrativo do Conselho Regional de Medicina de Minas Gerais (CRMMG), que aplicou censura p\u00fablica ao m\u00e9dico, apontando imprud\u00eancia e neglig\u00eancia na conduta. Os desembargadores Jo\u00e3o Cancio e S\u00e9rgio Andr\u00e9<br>da Fonseca Xavier acompanharam o voto do relator. O ac\u00f3rd\u00e3o tramita sob o n\u00ba 1.0000. 25.417342-0\/001.<br>(Diretoria Executiva de Comunica\u00e7\u00e3o \u2014 Dircom<\/p>\n\n\n\n<p>Tribunal de Justi\u00e7a de Minas Gerais \u2014 TJMG)<\/p>\n\n\n\n<p><\/p>\n","protected":false},"excerpt":{"rendered":"<p>Resumo em linguagem simples: Hospital deve indenizar m\u00e3e de paciente que morreu por demora na realiza\u00e7\u00e3o de cirurgia; &#8211; Per\u00edciademonstrou que escolha do tratamento prejudicou quadro de sa\u00fade; &#8211; Em 2\u00aa Inst\u00e2ncia, a indeniza\u00e7\u00e3o por danos morais foi mantida.A 18\u00aa C\u00e2mara C\u00edvel do Tribunal de Justi\u00e7a do Estado de Minas Gerais (TJMG) confirmou a condena\u00e7\u00e3o [&hellip;]<\/p>\n","protected":false},"author":3,"featured_media":33430,"comment_status":"open","ping_status":"open","sticky":false,"template":"","format":"standard","meta":{"rop_custom_images_group":[],"rop_custom_messages_group":[],"rop_publish_now":"yes","rop_publish_now_accounts":[],"rop_publish_now_history":[],"rop_publish_now_status":"pending","footnotes":""},"categories":[25,31,22,17,23],"tags":[],"class_list":["post-33429","post","type-post","status-publish","format-standard","has-post-thumbnail","hentry","category-destaque","category-juridico","category-saude","category-teofilootoni","category-ultimaedicao"],"_links":{"self":[{"href":"https:\/\/diariotribuna.com.br\/index.php?rest_route=\/wp\/v2\/posts\/33429"}],"collection":[{"href":"https:\/\/diariotribuna.com.br\/index.php?rest_route=\/wp\/v2\/posts"}],"about":[{"href":"https:\/\/diariotribuna.com.br\/index.php?rest_route=\/wp\/v2\/types\/post"}],"author":[{"embeddable":true,"href":"https:\/\/diariotribuna.com.br\/index.php?rest_route=\/wp\/v2\/users\/3"}],"replies":[{"embeddable":true,"href":"https:\/\/diariotribuna.com.br\/index.php?rest_route=%2Fwp%2Fv2%2Fcomments&post=33429"}],"version-history":[{"count":1,"href":"https:\/\/diariotribuna.com.br\/index.php?rest_route=\/wp\/v2\/posts\/33429\/revisions"}],"predecessor-version":[{"id":33431,"href":"https:\/\/diariotribuna.com.br\/index.php?rest_route=\/wp\/v2\/posts\/33429\/revisions\/33431"}],"wp:featuredmedia":[{"embeddable":true,"href":"https:\/\/diariotribuna.com.br\/index.php?rest_route=\/wp\/v2\/media\/33430"}],"wp:attachment":[{"href":"https:\/\/diariotribuna.com.br\/index.php?rest_route=%2Fwp%2Fv2%2Fmedia&parent=33429"}],"wp:term":[{"taxonomy":"category","embeddable":true,"href":"https:\/\/diariotribuna.com.br\/index.php?rest_route=%2Fwp%2Fv2%2Fcategories&post=33429"},{"taxonomy":"post_tag","embeddable":true,"href":"https:\/\/diariotribuna.com.br\/index.php?rest_route=%2Fwp%2Fv2%2Ftags&post=33429"}],"curies":[{"name":"wp","href":"https:\/\/api.w.org\/{rel}","templated":true}]}}