{"id":33432,"date":"2026-04-30T22:40:19","date_gmt":"2026-05-01T01:40:19","guid":{"rendered":"https:\/\/diariotribuna.com.br\/?p=33432"},"modified":"2026-04-30T22:42:22","modified_gmt":"2026-05-01T01:42:22","slug":"stj-superior-tribunal-de-justica-da-provimento-em-recurso-de-habeas-corpus-e-anular-reconhecimento-fotografico-de-acusado-de-homicidio-a-pedido-de-advogado-de-teofilo-otoni-mg","status":"publish","type":"post","link":"https:\/\/diariotribuna.com.br\/?p=33432","title":{"rendered":"STJ &#8211; Superior Tribunal de Justi\u00e7a d\u00e1 provimento em recurso de Habeas Corpus e anular reconhecimento fotogr\u00e1fico de acusado de homic\u00eddio, a pedido de advogado de Te\u00f3filo Otoni-MG"},"content":{"rendered":"<div class=\"wp-block-image\">\n<figure class=\"alignright size-full\"><img loading=\"lazy\" decoding=\"async\" width=\"393\" height=\"326\" src=\"https:\/\/diariotribuna.com.br\/wp-content\/uploads\/2026\/04\/image-29.png\" alt=\"\" class=\"wp-image-33433\" srcset=\"https:\/\/diariotribuna.com.br\/wp-content\/uploads\/2026\/04\/image-29.png 393w, https:\/\/diariotribuna.com.br\/wp-content\/uploads\/2026\/04\/image-29-300x249.png 300w\" sizes=\"(max-width: 393px) 100vw, 393px\" \/><\/figure><\/div>\n\n\n<p>Em maio de 2017, G.B.S. foi acusado de autoria do homic\u00eddio que vitimou K.N.S. ao concluir o inqu\u00e9rito policial. A autoridade policial concluiu e indiciou o acusado G.B.S. como sendo um dos autores do homic\u00eddio, sob o argumento fr\u00e1gil de que ele foi reconhecido por uma suposta testemunha atrav\u00e9s de<br>uma fotografia. O acusado foi denunciado pelo Minist\u00e9rio P\u00fablico de Te\u00f3filo Otoni.<br>Em seguida, o acusado foi citado para se defender no prazo legal de 10 dias. O acusado constituiu o advogado Dr. Devanildo Sirilo Vieira para patrocinar<br>a sua defesa. O aludido advogado, e seu estagi\u00e1rio Camilo Pereira da Silva, ao apresentar a defesa do acusado, na resposta da acusa\u00e7\u00e3o, arguiu, em preliminar, a nulidade do ato de reconhecimento  fotogr\u00e1fico, em raz\u00e3o do descumprimento dos requisitos do artigo 226, CPP. Instado a se manifestar<br>quanto ao pleito da defesa do acusado, a representante do Minist\u00e9rio P\u00fablico opinou pelo afastamento da preliminar de nulidade do reconhecimento fotogr\u00e1fico, mesmo sendo fiscal da lei, e sabendo que aquele reconhecimento fotogr\u00e1fico, da forma como foi realizado, \u00e9 nulo de direito.<br>Ap\u00f3s parecer ministerial, o Ju\u00edzo da 2\u00aa Vara Criminal da Comarca de Te\u00f3filo Otoni-MG, manteve o recebimento da den\u00fancia e designou audi\u00eancia de instru\u00e7\u00e3o e julgamento. N\u00e3o se conformando com a douta decis\u00e3o de primeiro Grau, o advogado Devanildo Sirilo Vieira interp\u00f4s o recurso de Habeas Corpus junto ao Tribunal de Justi\u00e7a de Minas Gerais.<br>Quando do julgamento, a 2\u00aa C\u00e2mara Criminal do TJMG negou provimento ao mencionado recurso de Habeas Corpus, e manteve a den\u00fancia em desfavor do acusado G.B.S. Mais uma vez, n\u00e3o se conformando com a decis\u00e3o da referida C\u00e2mara Criminal, o referido advogado impetrou o recurso ordin\u00e1rio em Habeas Corpus.<br>Ap\u00f3s analisado e apreciado a quest\u00e3o da ilegalidade processual apontada nos autos, o Ministro Rog\u00e9rio Schietti Cruz, relator da Sexta Turma do STJ, em julgamento realizado no dia 07\/04\/2026, acatou o pleito da defesa e anulou todo o reconhecimento fotogr\u00e1fico realizado pela autoridade policial, o qual foi indevidamente validado pelo Ju\u00edzo da Comarca de Te\u00f3filo Otoni-MG, e determinou o retorno do processo ao ju\u00edzo singular, bem como para extirpar a referida prova dos autos, devendo ser proferida nova decis\u00e3o em caso de recebimento da den\u00fancia, e n\u00e3o pode utilizar da prova anulada, e n\u00e3o pode levar em considera\u00e7\u00e3o referido reconhecimento e nem fazer qualquer refer\u00eancia suplementar. Por fim, o que seria dos acusados inocentes, se n\u00e3o houvesse possibilidades de recursos para o Superior Tribunal de Justi\u00e7a-STJ e Supremo Tribunal Federal-STF???<\/p>\n","protected":false},"excerpt":{"rendered":"<p>Em maio de 2017, G.B.S. foi acusado de autoria do homic\u00eddio que vitimou K.N.S. ao concluir o inqu\u00e9rito policial. A autoridade policial concluiu e indiciou o acusado G.B.S. como sendo um dos autores do homic\u00eddio, sob o argumento fr\u00e1gil de que ele foi reconhecido por uma suposta testemunha atrav\u00e9s deuma fotografia. O acusado foi denunciado [&hellip;]<\/p>\n","protected":false},"author":3,"featured_media":33433,"comment_status":"open","ping_status":"open","sticky":false,"template":"","format":"standard","meta":{"rop_custom_images_group":[],"rop_custom_messages_group":[],"rop_publish_now":"yes","rop_publish_now_accounts":[],"rop_publish_now_history":[],"rop_publish_now_status":"pending","footnotes":""},"categories":[25,31,17,23],"tags":[],"class_list":["post-33432","post","type-post","status-publish","format-standard","has-post-thumbnail","hentry","category-destaque","category-juridico","category-teofilootoni","category-ultimaedicao"],"_links":{"self":[{"href":"https:\/\/diariotribuna.com.br\/index.php?rest_route=\/wp\/v2\/posts\/33432"}],"collection":[{"href":"https:\/\/diariotribuna.com.br\/index.php?rest_route=\/wp\/v2\/posts"}],"about":[{"href":"https:\/\/diariotribuna.com.br\/index.php?rest_route=\/wp\/v2\/types\/post"}],"author":[{"embeddable":true,"href":"https:\/\/diariotribuna.com.br\/index.php?rest_route=\/wp\/v2\/users\/3"}],"replies":[{"embeddable":true,"href":"https:\/\/diariotribuna.com.br\/index.php?rest_route=%2Fwp%2Fv2%2Fcomments&post=33432"}],"version-history":[{"count":1,"href":"https:\/\/diariotribuna.com.br\/index.php?rest_route=\/wp\/v2\/posts\/33432\/revisions"}],"predecessor-version":[{"id":33434,"href":"https:\/\/diariotribuna.com.br\/index.php?rest_route=\/wp\/v2\/posts\/33432\/revisions\/33434"}],"wp:featuredmedia":[{"embeddable":true,"href":"https:\/\/diariotribuna.com.br\/index.php?rest_route=\/wp\/v2\/media\/33433"}],"wp:attachment":[{"href":"https:\/\/diariotribuna.com.br\/index.php?rest_route=%2Fwp%2Fv2%2Fmedia&parent=33432"}],"wp:term":[{"taxonomy":"category","embeddable":true,"href":"https:\/\/diariotribuna.com.br\/index.php?rest_route=%2Fwp%2Fv2%2Fcategories&post=33432"},{"taxonomy":"post_tag","embeddable":true,"href":"https:\/\/diariotribuna.com.br\/index.php?rest_route=%2Fwp%2Fv2%2Ftags&post=33432"}],"curies":[{"name":"wp","href":"https:\/\/api.w.org\/{rel}","templated":true}]}}