{"id":33435,"date":"2026-04-30T22:48:55","date_gmt":"2026-05-01T01:48:55","guid":{"rendered":"https:\/\/diariotribuna.com.br\/?p=33435"},"modified":"2026-04-30T22:49:38","modified_gmt":"2026-05-01T01:49:38","slug":"prefeitura-rejeita-aumento-da-tarifa-de-onibus-em-teofilo-otoni-valor-segue-em-r-390","status":"publish","type":"post","link":"https:\/\/diariotribuna.com.br\/?p=33435","title":{"rendered":"Prefeitura rejeita aumento da tarifa de \u00f4nibus em Te\u00f3filo Otoni; valor segue em R$ 3,90"},"content":{"rendered":"<div class=\"wp-block-image\">\n<figure class=\"alignright size-full\"><img loading=\"lazy\" decoding=\"async\" width=\"395\" height=\"278\" src=\"https:\/\/diariotribuna.com.br\/wp-content\/uploads\/2026\/04\/image-30.png\" alt=\"\" class=\"wp-image-33436\" srcset=\"https:\/\/diariotribuna.com.br\/wp-content\/uploads\/2026\/04\/image-30.png 395w, https:\/\/diariotribuna.com.br\/wp-content\/uploads\/2026\/04\/image-30-300x211.png 300w, https:\/\/diariotribuna.com.br\/wp-content\/uploads\/2026\/04\/image-30-100x70.png 100w\" sizes=\"(max-width: 395px) 100vw, 395px\" \/><\/figure><\/div>\n\n\n<p>A tarifa do transporte coletivo em Te\u00f3filo Otoni continuar\u00e1 em R$ 3,90, ap\u00f3s decis\u00e3o do prefeito F\u00e1bio Marinho dos Santos, que recusou o pedido de reajuste apresentado pela concession\u00e1ria respons\u00e1vel pelo servi\u00e7o. A solicita\u00e7\u00e3o foi encaminhada pela Via\u00e7\u00e3o Vale do Mucury Ltda., que formalizou o pedido no dia 1\u00ba de abril de 2026. A empresa argumenta que h\u00e1 uma defasagem nos valores desde o \u00faltimo reajuste, ocorrido em 2019, e defende a<br>necessidade de atualiza\u00e7\u00e3o com base em estudo t\u00e9cnico. De acordo com o levantamento apresentado, a tarifa deveria ser elevada para R$ 8,75, o que representa um aumento de cerca de 124,36% \u2014 mais que o dobro do valor atualmente cobrado. A concession\u00e1ria justifica a proposta citando o aumento dos custos operacionais nos \u00faltimos anos, incluindo despesas com combust\u00edvel, manuten\u00e7\u00e3o da frota, insumos e reajustes salariais. <br>Apesar disso, a administra\u00e7\u00e3o municipal optou por n\u00e3o autorizar o reajuste, mantendo o pre\u00e7o atual para os usu\u00e1rios do transporte p\u00fablico urbano, rural e escolar. At\u00e9 o momento, nem a Prefeitura nem a  empresa informaram quais medidas poder\u00e3o ser adotadas para equilibrar os custos do sistema sem repassar novos aumentos \u00e0 popula\u00e7\u00e3o.<br>Nota da Reda\u00e7\u00e3o: A Prefeitura Municipal de Te\u00f3filo Otoni precisa tomar uma medida urgente e definitiva<br>para que a Via\u00e7\u00e3o Vale do Mucury tenha condi\u00e7\u00f5es de continuar a fazer o trabalho, que vem sendo feito desde o in\u00edcio de sua jornada. \u201cRejeitar\u201d o pedido e jogar a popula\u00e7\u00e3o contra a Empresa atrav\u00e9s de fal\u00e1cias \u00e9 muito f\u00e1cil. Todos os prefeitos anteriores fizeram isto, mas Marinho chegou \u00e0 Prefeitura para resolver essas quest\u00f5es. Sen\u00e3o ficar\u00e1 na hist\u00f3ria como sendo mais um, que reclama e vira a cara.<br>Sen\u00e3o vejamos: os aumentos das tarifas devem ser feitos anualmente levando em considera\u00e7\u00e3o o aumento de sal\u00e1rios, combust\u00edveis, pneus, e todos outros itens que comp\u00f5em a administra\u00e7\u00e3o. Ent\u00e3o nos explique como a Via\u00e7\u00e3o Vale do Mucury vai sobreviver sem um aumento sequer h\u00e1 sete anos?<br>Depois fica muito f\u00e1cil pedir \u00f4nibus novos, porque n\u00e3o querem mais \u201cas carro\u00e7as\u201d que rodam no dia a dia.<\/p>\n","protected":false},"excerpt":{"rendered":"<p>A tarifa do transporte coletivo em Te\u00f3filo Otoni continuar\u00e1 em R$ 3,90, ap\u00f3s decis\u00e3o do prefeito F\u00e1bio Marinho dos Santos, que recusou o pedido de reajuste apresentado pela concession\u00e1ria respons\u00e1vel pelo servi\u00e7o. A solicita\u00e7\u00e3o foi encaminhada pela Via\u00e7\u00e3o Vale do Mucury Ltda., que formalizou o pedido no dia 1\u00ba de abril de 2026. A empresa [&hellip;]<\/p>\n","protected":false},"author":3,"featured_media":33436,"comment_status":"open","ping_status":"open","sticky":false,"template":"","format":"standard","meta":{"rop_custom_images_group":[],"rop_custom_messages_group":[],"rop_publish_now":"yes","rop_publish_now_accounts":[],"rop_publish_now_history":[],"rop_publish_now_status":"pending","footnotes":""},"categories":[25,17,23],"tags":[],"class_list":["post-33435","post","type-post","status-publish","format-standard","has-post-thumbnail","hentry","category-destaque","category-teofilootoni","category-ultimaedicao"],"_links":{"self":[{"href":"https:\/\/diariotribuna.com.br\/index.php?rest_route=\/wp\/v2\/posts\/33435"}],"collection":[{"href":"https:\/\/diariotribuna.com.br\/index.php?rest_route=\/wp\/v2\/posts"}],"about":[{"href":"https:\/\/diariotribuna.com.br\/index.php?rest_route=\/wp\/v2\/types\/post"}],"author":[{"embeddable":true,"href":"https:\/\/diariotribuna.com.br\/index.php?rest_route=\/wp\/v2\/users\/3"}],"replies":[{"embeddable":true,"href":"https:\/\/diariotribuna.com.br\/index.php?rest_route=%2Fwp%2Fv2%2Fcomments&post=33435"}],"version-history":[{"count":1,"href":"https:\/\/diariotribuna.com.br\/index.php?rest_route=\/wp\/v2\/posts\/33435\/revisions"}],"predecessor-version":[{"id":33437,"href":"https:\/\/diariotribuna.com.br\/index.php?rest_route=\/wp\/v2\/posts\/33435\/revisions\/33437"}],"wp:featuredmedia":[{"embeddable":true,"href":"https:\/\/diariotribuna.com.br\/index.php?rest_route=\/wp\/v2\/media\/33436"}],"wp:attachment":[{"href":"https:\/\/diariotribuna.com.br\/index.php?rest_route=%2Fwp%2Fv2%2Fmedia&parent=33435"}],"wp:term":[{"taxonomy":"category","embeddable":true,"href":"https:\/\/diariotribuna.com.br\/index.php?rest_route=%2Fwp%2Fv2%2Fcategories&post=33435"},{"taxonomy":"post_tag","embeddable":true,"href":"https:\/\/diariotribuna.com.br\/index.php?rest_route=%2Fwp%2Fv2%2Ftags&post=33435"}],"curies":[{"name":"wp","href":"https:\/\/api.w.org\/{rel}","templated":true}]}}