{"id":35012,"date":"2026-08-31T09:28:07","date_gmt":"2026-08-31T12:28:07","guid":{"rendered":"https:\/\/diariotribuna.com.br\/?p=35012"},"modified":"2026-08-31T09:28:09","modified_gmt":"2026-08-31T12:28:09","slug":"audiencia-publica-vai-discutir-futuro-da-rodoviaria-de-teofilo-otoni","status":"publish","type":"post","link":"https:\/\/diariotribuna.com.br\/?p=35012","title":{"rendered":"Audi\u00eancia p\u00fablica vai discutir futuro da Rodovi\u00e1ria de Te\u00f3filo Otoni"},"content":{"rendered":"\n<h2 class=\"wp-block-heading\"><sup><mark style=\"background-color:rgba(0, 0, 0, 0)\" class=\"has-inline-color has-cyan-bluish-gray-color\">Encontro est\u00e1 marcado para 9 de setembro, na C\u00e2mara Municipal, e pretende reunir usu\u00e1rios, trabalhadores e representantes da comunidade para discutir problemas e poss\u00edveis solu\u00e7\u00f5es para o terminal<\/mark><\/sup><\/h2>\n\n\n<div class=\"wp-block-image\">\n<figure class=\"alignright size-full\"><img fetchpriority=\"high\" decoding=\"async\" width=\"497\" height=\"379\" src=\"https:\/\/diariotribuna.com.br\/wp-content\/uploads\/2026\/08\/rodoviaria-teofilo-otoni.png\" alt=\"\" class=\"wp-image-35013\" srcset=\"https:\/\/diariotribuna.com.br\/wp-content\/uploads\/2026\/08\/rodoviaria-teofilo-otoni.png 497w, https:\/\/diariotribuna.com.br\/wp-content\/uploads\/2026\/08\/rodoviaria-teofilo-otoni-300x229.png 300w, https:\/\/diariotribuna.com.br\/wp-content\/uploads\/2026\/08\/rodoviaria-teofilo-otoni-80x60.png 80w\" sizes=\"(max-width: 497px) 100vw, 497px\" \/><\/figure><\/div>\n\n\n<p>As condi\u00e7\u00f5es e o futuro da Rodovi\u00e1ria de Te\u00f3filo Otoni estar\u00e3o no centro de uma audi\u00eancia p\u00fablica marcada para a pr\u00f3xima quarta-feira, 9 de setembro, \u00e0s 18h30, no plen\u00e1rio da C\u00e2mara Municipal.<\/p>\n\n\n\n<p>O encontro pretende abrir espa\u00e7o para que a popula\u00e7\u00e3o apresente reclama\u00e7\u00f5es, sugest\u00f5es e propostas relacionadas ao funcionamento do terminal \u2014 incluindo quest\u00f5es estruturais, conserva\u00e7\u00e3o, atendimento e qualidade dos servi\u00e7os oferecidos aos passageiros.<\/p>\n\n\n\n<p>O vereador Gabriel Gusm\u00e3o, vice-presidente da C\u00e2mara Municipal, est\u00e1 entre os respons\u00e1veis pela organiza\u00e7\u00e3o e condu\u00e7\u00e3o do debate. A proposta \u00e9 ampliar a participa\u00e7\u00e3o da sociedade na discuss\u00e3o sobre os caminhos que poder\u00e3o ser adotados para melhorar o espa\u00e7o.<\/p>\n\n\n\n<h2 class=\"wp-block-heading\"><strong><sup>Popula\u00e7\u00e3o ser\u00e1 chamada para participar<\/sup><\/strong><\/h2>\n\n\n\n<p>Al\u00e9m de representantes do poder p\u00fablico, a audi\u00eancia deve ouvir quem convive diariamente com a realidade da rodovi\u00e1ria: passageiros, trabalhadores, comerciantes e demais usu\u00e1rios poder\u00e3o relatar suas experi\u00eancias e apontar os principais problemas enfrentados no terminal.<\/p>\n\n\n\n<p>A participa\u00e7\u00e3o popular \u00e9 considerada essencial para que eventuais medidas de melhoria sejam discutidas a partir das necessidades de quem de fato utiliza a rodovi\u00e1ria, seja para viagens, trabalho, com\u00e9rcio ou presta\u00e7\u00e3o de servi\u00e7os. Entre os temas que devem entrar em pauta est\u00e3o as condi\u00e7\u00f5es de conserva\u00e7\u00e3o da estrutura f\u00edsica do terminal e a qualidade dos servi\u00e7os prestados aos usu\u00e1rios.<\/p>\n\n\n\n<h2 class=\"wp-block-heading\"><strong><sup>Debate pode definir pr\u00f3ximos passos<\/sup><\/strong><\/h2>\n\n\n\n<p>A audi\u00eancia tamb\u00e9m pode servir como ponto de partida para a constru\u00e7\u00e3o de propostas voltadas a melhorar a situa\u00e7\u00e3o da rodovi\u00e1ria. A expectativa \u00e9 que as demandas apresentadas no encontro sejam registradas e possam subsidiar futuras a\u00e7\u00f5es do Legislativo e do Executivo, al\u00e9m de eventuais encaminhamentos junto aos respons\u00e1veis pela administra\u00e7\u00e3o e pelos servi\u00e7os oferecidos no terminal.<\/p>\n\n\n\n<p>O debate ganha relev\u00e2ncia diante do papel da rodovi\u00e1ria para Te\u00f3filo Otoni, que recebe diariamente passageiros de diferentes munic\u00edpios do Vale do Mucuri e de outras regi\u00f5es.<\/p>\n\n\n\n<h2 class=\"wp-block-heading\"><strong><sup>SERVI\u00c7O<\/sup><\/strong><\/h2>\n\n\n\n<ul class=\"wp-block-list\">\n<li>Audi\u00eancia P\u00fablica \u2013 Rodovi\u00e1ria de Te\u00f3filo Otoni<\/li>\n\n\n\n<li> Data: 9 de setembro (quarta-feira)<\/li>\n\n\n\n<li> Hor\u00e1rio: 18h30<\/li>\n\n\n\n<li> Local: Plen\u00e1rio da C\u00e2mara Municipal<\/li>\n\n\n\n<li> Endere\u00e7o: Pra\u00e7a Tiradentes, 170 \u2013 Centro, Te\u00f3filo Otoni<\/li>\n\n\n\n<li> Participa\u00e7\u00e3o aberta \u00e0 popula\u00e7\u00e3o<\/li>\n<\/ul>\n\n\n\n<p>Moradores, usu\u00e1rios e trabalhadores do terminal s\u00e3o convidados a participar e apresentar suas opini\u00f5es e demandas. O futuro da rodovi\u00e1ria estar\u00e1 em debate \u2014 e a popula\u00e7\u00e3o ter\u00e1 a oportunidade de dizer o que precisa mudar.<\/p>\n\n\n\n<p><\/p>\n","protected":false},"excerpt":{"rendered":"<p>Encontro est\u00e1 marcado para 9 de setembro, na C\u00e2mara Municipal, e pretende reunir usu\u00e1rios, trabalhadores e representantes da comunidade para discutir problemas e poss\u00edveis solu\u00e7\u00f5es para o terminal As condi\u00e7\u00f5es e o futuro da Rodovi\u00e1ria de Te\u00f3filo Otoni estar\u00e3o no centro de uma audi\u00eancia p\u00fablica marcada para a pr\u00f3xima quarta-feira, 9 de setembro, \u00e0s 18h30, [&hellip;]<\/p>\n","protected":false},"author":1,"featured_media":35013,"comment_status":"open","ping_status":"open","sticky":false,"template":"","format":"standard","meta":{"_editorskit_title_hidden":false,"_editorskit_reading_time":0,"_editorskit_is_block_options_detached":false,"_editorskit_block_options_position":"{}","amp_status":"","footnotes":""},"categories":[25,17],"tags":[],"class_list":["post-35012","post","type-post","status-publish","format-standard","has-post-thumbnail","hentry","category-destaque","category-teofilootoni"],"_links":{"self":[{"href":"https:\/\/diariotribuna.com.br\/index.php?rest_route=\/wp\/v2\/posts\/35012"}],"collection":[{"href":"https:\/\/diariotribuna.com.br\/index.php?rest_route=\/wp\/v2\/posts"}],"about":[{"href":"https:\/\/diariotribuna.com.br\/index.php?rest_route=\/wp\/v2\/types\/post"}],"author":[{"embeddable":true,"href":"https:\/\/diariotribuna.com.br\/index.php?rest_route=\/wp\/v2\/users\/1"}],"replies":[{"embeddable":true,"href":"https:\/\/diariotribuna.com.br\/index.php?rest_route=%2Fwp%2Fv2%2Fcomments&post=35012"}],"version-history":[{"count":1,"href":"https:\/\/diariotribuna.com.br\/index.php?rest_route=\/wp\/v2\/posts\/35012\/revisions"}],"predecessor-version":[{"id":35014,"href":"https:\/\/diariotribuna.com.br\/index.php?rest_route=\/wp\/v2\/posts\/35012\/revisions\/35014"}],"wp:featuredmedia":[{"embeddable":true,"href":"https:\/\/diariotribuna.com.br\/index.php?rest_route=\/wp\/v2\/media\/35013"}],"wp:attachment":[{"href":"https:\/\/diariotribuna.com.br\/index.php?rest_route=%2Fwp%2Fv2%2Fmedia&parent=35012"}],"wp:term":[{"taxonomy":"category","embeddable":true,"href":"https:\/\/diariotribuna.com.br\/index.php?rest_route=%2Fwp%2Fv2%2Fcategories&post=35012"},{"taxonomy":"post_tag","embeddable":true,"href":"https:\/\/diariotribuna.com.br\/index.php?rest_route=%2Fwp%2Fv2%2Ftags&post=35012"}],"curies":[{"name":"wp","href":"https:\/\/api.w.org\/{rel}","templated":true}]}}