{"id":35015,"date":"2026-08-31T09:37:55","date_gmt":"2026-08-31T12:37:55","guid":{"rendered":"https:\/\/diariotribuna.com.br\/?p=35015"},"modified":"2026-08-31T11:17:15","modified_gmt":"2026-08-31T14:17:15","slug":"maioria-dos-mineiros-ainda-nao-definiu-voto-para-deputado-estadual-e-federal-em-2026","status":"publish","type":"post","link":"https:\/\/diariotribuna.com.br\/?p=35015","title":{"rendered":"Maioria dos mineiros ainda n\u00e3o definiu voto para deputado estadual e federal em 2026"},"content":{"rendered":"\n<h2 class=\"wp-block-heading\"><sup><mark style=\"background-color:rgba(0, 0, 0, 0)\" class=\"has-inline-color has-cyan-bluish-gray-color\">Pesquisa DATATEMPO mostra \u00edndice de indecis\u00e3o superior a 68% entre eleitores; disputa por vagas na ALMG e na C\u00e2mara dos Deputados re\u00fane centenas de candidatos<\/mark><\/sup><\/h2>\n\n\n\n<p>A maioria dos eleitores de Minas Gerais ainda n\u00e3o sabe em quem pretende votar para deputado estadual e deputado federal nas elei\u00e7\u00f5es de 2026. \u00c9 o que aponta a terceira rodada da pesquisa DATATEMPO, realizada entre os dias 17 e 20 de agosto com perguntas espont\u00e2neas \u2014 ou seja, sem que os entrevistados recebessem uma lista pr\u00e9via de candidatos.<\/p>\n\n\n\n<p>O levantamento mostra que a indefini\u00e7\u00e3o \u00e9 especialmente elevada na disputa pelas cadeiras da Assembleia Legislativa de Minas Gerais (ALMG). Quando perguntados espontaneamente sobre o candidato em quem pretendem votar para deputado estadual, 73,3% dos entrevistados afirmaram ainda n\u00e3o saber. Entre os que mencionaram algum nome, as inten\u00e7\u00f5es aparecem bastante pulverizadas, sem concentra\u00e7\u00e3o expressiva em um \u00fanico candidato \u2014 um cen\u00e1rio ainda em aberto a pouco mais de um m\u00eas do primeiro turno, marcado para 4 de outubro.<\/p>\n\n\n<div class=\"wp-block-image\">\n<figure class=\"aligncenter size-large is-resized\"><img fetchpriority=\"high\" decoding=\"async\" width=\"1024\" height=\"683\" src=\"https:\/\/diariotribuna.com.br\/wp-content\/uploads\/2026\/08\/datatempo-MG-1024x683.avif\" alt=\"\" class=\"wp-image-35016\" style=\"width:615px;height:auto\" srcset=\"https:\/\/diariotribuna.com.br\/wp-content\/uploads\/2026\/08\/datatempo-MG-1024x683.avif 1024w, https:\/\/diariotribuna.com.br\/wp-content\/uploads\/2026\/08\/datatempo-MG-300x200.avif 300w, https:\/\/diariotribuna.com.br\/wp-content\/uploads\/2026\/08\/datatempo-MG-768x512.avif 768w, https:\/\/diariotribuna.com.br\/wp-content\/uploads\/2026\/08\/datatempo-MG-696x464.avif 696w, https:\/\/diariotribuna.com.br\/wp-content\/uploads\/2026\/08\/datatempo-MG-1068x712.avif 1068w, https:\/\/diariotribuna.com.br\/wp-content\/uploads\/2026\/08\/datatempo-MG-630x420.avif 630w, https:\/\/diariotribuna.com.br\/wp-content\/uploads\/2026\/08\/datatempo-MG.avif 1200w\" sizes=\"(max-width: 1024px) 100vw, 1024px\" \/><\/figure><\/div>\n\n\n<h2 class=\"wp-block-heading\"><strong><sup>Disputa pela Assembleia re\u00fane 994 candidatos<\/sup><\/strong><\/h2>\n\n\n\n<p>Segundo os dados utilizados no levantamento, 994 candidatos disputam em 2026 as 77 cadeiras da Assembleia Legislativa de Minas Gerais \u2014 n\u00famero menor que o registrado em 2022, quando 1.411 candidatos concorreram \u00e0s mesmas vagas.<\/p>\n\n\n\n<p>Apesar da quantidade de concorrentes, nenhum nome aparece com for\u00e7a suficiente para concentrar uma parcela significativa das inten\u00e7\u00f5es espont\u00e2neas de voto: candidatos n\u00e3o identificados somam 1,1%, enquanto os demais nomes citados individualmente aparecem com menos de 1% das inten\u00e7\u00f5es \u2014 resultado que refor\u00e7a o grau de pulveriza\u00e7\u00e3o da disputa.<\/p>\n\n\n\n<h2 class=\"wp-block-heading\"><strong><sup>Reelei\u00e7\u00e3o domina cen\u00e1rio na ALMG<\/sup><\/strong><\/h2>\n\n\n\n<p>Outro aspecto que chama aten\u00e7\u00e3o na elei\u00e7\u00e3o de 2026 \u00e9 a forte presen\u00e7a de deputados estaduais que buscam permanecer na Assembleia. Dos 77 parlamentares que comp\u00f5em atualmente a ALMG, 73 foram oficializados como candidatos \u2014 cerca de 95% da Casa.<\/p>\n\n\n\n<p>Quatro deputados n\u00e3o participar\u00e3o da disputa. Entre eles est\u00e3o Tadeu Leite (MDB), presidente da Assembleia, e Ione Pinheiro (Uni\u00e3o Brasil), que deixaram o Legislativo ap\u00f3s serem escolhidos para integrar o Tribunal de Contas do Estado de Minas Gerais (TCE-MG).<\/p>\n\n\n\n<p>Cinco deputados decidiram mudar o objetivo eleitoral e concorrer a uma vaga na C\u00e2mara dos Deputados: Bella Gon\u00e7alves (PT), Caporezzo (PL), Carlos Pimenta (PSB), C\u00e1ssio Soares (PSD) e Lohanna (PV).<\/p>\n\n\n\n<h2 class=\"wp-block-heading\"><strong><sup>Indefini\u00e7\u00e3o tamb\u00e9m \u00e9 alta para deputado federal<\/sup><\/strong><\/h2>\n\n\n\n<p>A pesquisa aponta cen\u00e1rio semelhante na corrida pela C\u00e2mara dos Deputados. Entre os entrevistados, 68,9% ainda n\u00e3o escolheram um candidato a deputado federal, e outros 8,6% afirmaram que pretendem votar em branco ou anular o voto.<\/p>\n\n\n\n<p>Minas Gerais ter\u00e1 53 cadeiras na C\u00e2mara dos Deputados, disputadas por 753 candidatos mineiros. Assim como na elei\u00e7\u00e3o para a ALMG, a pesquisa espont\u00e2nea mostra um eleitorado ainda distante de uma defini\u00e7\u00e3o consolidada.<\/p>\n\n\n\n<h2 class=\"wp-block-heading\"><strong><sup>O que os n\u00fameros mostram<\/sup><\/strong><\/h2>\n\n\n\n<p>Os dados indicam que as campanhas para deputado ainda ter\u00e3o papel importante na forma\u00e7\u00e3o das escolhas do eleitorado mineiro. Diferentemente das disputas majorit\u00e1rias, nas quais os candidatos costumam ter maior exposi\u00e7\u00e3o p\u00fablica e reconhecimento estadual, as elei\u00e7\u00f5es proporcionais envolvem centenas de concorrentes e exigem que o eleitor escolha nomes dentro de um universo muito mais amplo.<\/p>\n\n\n\n<p>O alto \u00edndice de eleitores ainda sem candidato definido tamb\u00e9m significa que a corrida permanece aberta, podendo sofrer altera\u00e7\u00f5es \u00e0 medida que as campanhas ganharem intensidade nas redes sociais e nas ruas.<\/p>\n\n\n\n<h2 class=\"wp-block-heading\"><strong><sup>Metodologia<\/sup><\/strong><\/h2>\n\n\n\n<p>A terceira rodada da pesquisa DATATEMPO foi contratada pela Sempre Editora e realizada entre 17 e 20 de agosto de 2026. Foram feitas 1.000 entrevistas domiciliares em Minas Gerais, com margem de erro de 3,1 pontos percentuais para mais ou para menos, considerando n\u00edvel de confian\u00e7a de 95%. A pesquisa est\u00e1 registrada no Tribunal Superior Eleitoral sob os n\u00fameros MG-03794\/2026 e BR-08275\/2026.<\/p>\n\n\n\n<p><\/p>\n\n\n\n<ul class=\"wp-block-list\">\n<li><em>Por Raissa Yelena, com informa\u00e7\u00f5es do DATATEMPO.<\/em><\/li>\n<\/ul>\n","protected":false},"excerpt":{"rendered":"<p>Pesquisa DATATEMPO mostra \u00edndice de indecis\u00e3o superior a 68% entre eleitores; disputa por vagas na ALMG e na C\u00e2mara dos Deputados re\u00fane centenas de candidatos A maioria dos eleitores de Minas Gerais ainda n\u00e3o sabe em quem pretende votar para deputado estadual e deputado federal nas elei\u00e7\u00f5es de 2026. \u00c9 o que aponta a terceira [&hellip;]<\/p>\n","protected":false},"author":1,"featured_media":35016,"comment_status":"open","ping_status":"open","sticky":false,"template":"","format":"standard","meta":{"_editorskit_title_hidden":false,"_editorskit_reading_time":0,"_editorskit_is_block_options_detached":false,"_editorskit_block_options_position":"{}","amp_status":"","footnotes":""},"categories":[25,21],"tags":[],"class_list":["post-35015","post","type-post","status-publish","format-standard","has-post-thumbnail","hentry","category-destaque","category-politica"],"_links":{"self":[{"href":"https:\/\/diariotribuna.com.br\/index.php?rest_route=\/wp\/v2\/posts\/35015"}],"collection":[{"href":"https:\/\/diariotribuna.com.br\/index.php?rest_route=\/wp\/v2\/posts"}],"about":[{"href":"https:\/\/diariotribuna.com.br\/index.php?rest_route=\/wp\/v2\/types\/post"}],"author":[{"embeddable":true,"href":"https:\/\/diariotribuna.com.br\/index.php?rest_route=\/wp\/v2\/users\/1"}],"replies":[{"embeddable":true,"href":"https:\/\/diariotribuna.com.br\/index.php?rest_route=%2Fwp%2Fv2%2Fcomments&post=35015"}],"version-history":[{"count":1,"href":"https:\/\/diariotribuna.com.br\/index.php?rest_route=\/wp\/v2\/posts\/35015\/revisions"}],"predecessor-version":[{"id":35017,"href":"https:\/\/diariotribuna.com.br\/index.php?rest_route=\/wp\/v2\/posts\/35015\/revisions\/35017"}],"wp:featuredmedia":[{"embeddable":true,"href":"https:\/\/diariotribuna.com.br\/index.php?rest_route=\/wp\/v2\/media\/35016"}],"wp:attachment":[{"href":"https:\/\/diariotribuna.com.br\/index.php?rest_route=%2Fwp%2Fv2%2Fmedia&parent=35015"}],"wp:term":[{"taxonomy":"category","embeddable":true,"href":"https:\/\/diariotribuna.com.br\/index.php?rest_route=%2Fwp%2Fv2%2Fcategories&post=35015"},{"taxonomy":"post_tag","embeddable":true,"href":"https:\/\/diariotribuna.com.br\/index.php?rest_route=%2Fwp%2Fv2%2Ftags&post=35015"}],"curies":[{"name":"wp","href":"https:\/\/api.w.org\/{rel}","templated":true}]}}