{"id":35018,"date":"2026-08-31T10:27:24","date_gmt":"2026-08-31T13:27:24","guid":{"rendered":"https:\/\/diariotribuna.com.br\/?p=35018"},"modified":"2026-08-31T11:18:16","modified_gmt":"2026-08-31T14:18:16","slug":"ascanovi-enfrenta-dificuldades-e-cobra-providencias-da-prefeitura-de-teofilo-otoni","status":"publish","type":"post","link":"https:\/\/diariotribuna.com.br\/?p=35018","title":{"rendered":"ASCANOVI enfrenta dificuldades e cobra provid\u00eancias da Prefeitura de Te\u00f3filo Otoni"},"content":{"rendered":"\n<h2 class=\"wp-block-heading\"><sup><mark style=\"background-color:rgba(0, 0, 0, 0)\" class=\"has-inline-color has-cyan-bluish-gray-color\">Catadores relatam problemas em prensas, ac\u00famulo de materiais recicl\u00e1veis e dificuldades financeiras; associa\u00e7\u00e3o afirma que situa\u00e7\u00e3o amea\u00e7a continuidade das atividades<\/mark><\/sup><\/h2>\n\n\n<div class=\"wp-block-image\">\n<figure class=\"aligncenter size-full is-resized\"><img fetchpriority=\"high\" decoding=\"async\" width=\"794\" height=\"491\" src=\"https:\/\/diariotribuna.com.br\/wp-content\/uploads\/2026\/08\/WhatsApp-Image-2026-08-31-at-09.01.11-3.jpeg\" alt=\"\" class=\"wp-image-35024\" style=\"width:584px;height:auto\" srcset=\"https:\/\/diariotribuna.com.br\/wp-content\/uploads\/2026\/08\/WhatsApp-Image-2026-08-31-at-09.01.11-3.jpeg 794w, https:\/\/diariotribuna.com.br\/wp-content\/uploads\/2026\/08\/WhatsApp-Image-2026-08-31-at-09.01.11-3-300x186.jpeg 300w, https:\/\/diariotribuna.com.br\/wp-content\/uploads\/2026\/08\/WhatsApp-Image-2026-08-31-at-09.01.11-3-768x475.jpeg 768w, https:\/\/diariotribuna.com.br\/wp-content\/uploads\/2026\/08\/WhatsApp-Image-2026-08-31-at-09.01.11-3-356x220.jpeg 356w, https:\/\/diariotribuna.com.br\/wp-content\/uploads\/2026\/08\/WhatsApp-Image-2026-08-31-at-09.01.11-3-696x430.jpeg 696w, https:\/\/diariotribuna.com.br\/wp-content\/uploads\/2026\/08\/WhatsApp-Image-2026-08-31-at-09.01.11-3-679x420.jpeg 679w\" sizes=\"(max-width: 794px) 100vw, 794px\" \/><\/figure><\/div>\n\n\n<p>A Associa\u00e7\u00e3o dos Catadores de Materiais Recicl\u00e1veis Nova Vida (ASCANOVI), de Te\u00f3filo Otoni, enfrenta dificuldades que, segundo os trabalhadores, j\u00e1 comprometem o funcionamento da entidade e a renda de 13 associados.<\/p>\n\n\n\n<p>Em v\u00eddeo divulgado pelos pr\u00f3prios catadores, os trabalhadores fazem um apelo por apoio e cobram provid\u00eancias do poder p\u00fablico diante dos problemas enfrentados no galp\u00e3o onde s\u00e3o realizadas as atividades de recebimento, separa\u00e7\u00e3o, prensagem e comercializa\u00e7\u00e3o dos materiais recicl\u00e1veis.<\/p>\n\n\n\n<p>Segundo os relatos, o principal problema est\u00e1 relacionado \u00e0s prensas usadas para compactar os materiais. Atualmente, apenas uma m\u00e1quina estaria funcionando \u2014 ainda assim, de forma considerada prec\u00e1ria pelos associados.<\/p>\n\n\n\n<h2 class=\"wp-block-heading\"><strong><sup>Prensas apresentam problemas<\/sup><\/strong><\/h2>\n\n\n\n<p>De acordo com os trabalhadores, a prensa que permanece em funcionamento j\u00e1 precisou passar por reparos pagos com recursos do pr\u00f3prio caixa da associa\u00e7\u00e3o. Um dos associados relata que o equipamento j\u00e1 foi consertado duas ou tr\u00eas vezes, mas voltou a apresentar falhas \u2014 uma delas, segundo o relato, chegou a colocar um trabalhador em risco de acidente durante a opera\u00e7\u00e3o da m\u00e1quina.<\/p>\n\n\n\n<p>Outra prensa teria sido encaminhada para manuten\u00e7\u00e3o com apoio da Prefeitura de Te\u00f3filo Otoni. O custo estimado do reparo seria de aproximadamente R$ 7 mil, mas, segundo os trabalhadores, o servi\u00e7o ainda n\u00e3o foi conclu\u00eddo. Sem as m\u00e1quinas em condi\u00e7\u00f5es adequadas, a capacidade de processamento dos materiais diminuiu.<\/p>\n\n\n\n<h2 class=\"wp-block-heading\"><strong><sup>Recicl\u00e1veis se acumulam no galp\u00e3o<\/sup><\/strong><\/h2>\n\n\n\n<p>A paralisa\u00e7\u00e3o parcial das prensas tamb\u00e9m estaria provocando o ac\u00famulo de materiais dentro do galp\u00e3o. Segundo os associados, o espa\u00e7o est\u00e1 praticamente cheio, com res\u00edduos chegando at\u00e9 a entrada do im\u00f3vel \u2014 o que dificulta a circula\u00e7\u00e3o e o trabalho dos catadores e aumenta a preocupa\u00e7\u00e3o com a seguran\u00e7a do local.<\/p>\n\n\n\n<p>Os trabalhadores afirmam que a associa\u00e7\u00e3o est\u00e1 h\u00e1 cerca de dois meses sem conseguir despachar uma carga de materiais recicl\u00e1veis, o que reduz diretamente a entrada de recursos e compromete o pagamento dos associados.<\/p>\n\n\n\n<h2 class=\"wp-block-heading\"><strong><sup>Fam\u00edlias dependem da renda da reciclagem<\/sup><\/strong><\/h2>\n\n\n\n<p>Atualmente, a ASCANOVI conta com 13 integrantes, que dependem diretamente das atividades de coleta, triagem, prensagem e venda dos materiais. No v\u00eddeo, os trabalhadores relatam dificuldades financeiras provocadas pela queda na renda \u2014 entre os problemas mencionados est\u00e3o atrasos no pagamento do aluguel, dificuldade para comprar alimentos e necessidade de recorrer a empr\u00e9stimos informais.<\/p>\n\n\n\n<p>&#8220;Tem fam\u00edlia com filhos pequenos, que precisa de leite, comida e p\u00e3o&#8221;, relata um dos trabalhadores no v\u00eddeo.<\/p>\n\n\n\n<p>Para os associados, a situa\u00e7\u00e3o deixou de ser apenas um problema de funcionamento das m\u00e1quinas e passou a afetar diretamente a sobreviv\u00eancia das fam\u00edlias que dependem da atividade.<\/p>\n\n\n\n<h2 class=\"wp-block-heading\"><strong><sup>Servi\u00e7o ambiental prestado ao munic\u00edpio<\/sup><\/strong><\/h2>\n\n\n\n<p>Al\u00e9m da gera\u00e7\u00e3o de renda para os catadores, o trabalho da ASCANOVI tem impacto direto na gest\u00e3o de res\u00edduos de Te\u00f3filo Otoni. A coleta e a separa\u00e7\u00e3o de materiais recicl\u00e1veis contribuem para reduzir o volume de res\u00edduos encaminhados \u00e0 destina\u00e7\u00e3o final, al\u00e9m de possibilitar o reaproveitamento de papel, papel\u00e3o, pl\u00e1stico, metal e outros produtos. Por isso, a paralisa\u00e7\u00e3o ou redu\u00e7\u00e3o das atividades da associa\u00e7\u00e3o tamb\u00e9m pode impactar a pr\u00f3pria cadeia de reciclagem do munic\u00edpio.<\/p>\n\n\n\n<h2 class=\"wp-block-heading\"><strong><sup>Catadores cobram solu\u00e7\u00e3o<\/sup><\/strong><\/h2>\n\n\n\n<p>Diante do cen\u00e1rio, os trabalhadores pedem uma resposta da administra\u00e7\u00e3o municipal e apontam como prioridade o conserto ou a substitui\u00e7\u00e3o das prensas. A preocupa\u00e7\u00e3o \u00e9 que a manuten\u00e7\u00e3o dos problemas provoque novos ac\u00famulos de materiais, reduza ainda mais a capacidade de comercializa\u00e7\u00e3o e agrave a situa\u00e7\u00e3o financeira dos associados \u2014 que defendem que uma solu\u00e7\u00e3o seja encontrada com urg\u00eancia, considerando tanto a renda das fam\u00edlias quanto o servi\u00e7o ambiental prestado pela associa\u00e7\u00e3o.<\/p>\n\n\n\n<p><\/p>\n\n\n\n<ul class=\"wp-block-list\">\n<li><em>Colaborou Raissa Yelena<\/em><\/li>\n<\/ul>\n","protected":false},"excerpt":{"rendered":"<p>Catadores relatam problemas em prensas, ac\u00famulo de materiais recicl\u00e1veis e dificuldades financeiras; associa\u00e7\u00e3o afirma que situa\u00e7\u00e3o amea\u00e7a continuidade das atividades A Associa\u00e7\u00e3o dos Catadores de Materiais Recicl\u00e1veis Nova Vida (ASCANOVI), de Te\u00f3filo Otoni, enfrenta dificuldades que, segundo os trabalhadores, j\u00e1 comprometem o funcionamento da entidade e a renda de 13 associados. Em v\u00eddeo divulgado pelos [&hellip;]<\/p>\n","protected":false},"author":1,"featured_media":35024,"comment_status":"open","ping_status":"open","sticky":false,"template":"","format":"standard","meta":{"_editorskit_title_hidden":false,"_editorskit_reading_time":0,"_editorskit_is_block_options_detached":false,"_editorskit_block_options_position":"{}","amp_status":"","footnotes":""},"categories":[25,17],"tags":[],"class_list":["post-35018","post","type-post","status-publish","format-standard","has-post-thumbnail","hentry","category-destaque","category-teofilootoni"],"_links":{"self":[{"href":"https:\/\/diariotribuna.com.br\/index.php?rest_route=\/wp\/v2\/posts\/35018"}],"collection":[{"href":"https:\/\/diariotribuna.com.br\/index.php?rest_route=\/wp\/v2\/posts"}],"about":[{"href":"https:\/\/diariotribuna.com.br\/index.php?rest_route=\/wp\/v2\/types\/post"}],"author":[{"embeddable":true,"href":"https:\/\/diariotribuna.com.br\/index.php?rest_route=\/wp\/v2\/users\/1"}],"replies":[{"embeddable":true,"href":"https:\/\/diariotribuna.com.br\/index.php?rest_route=%2Fwp%2Fv2%2Fcomments&post=35018"}],"version-history":[{"count":2,"href":"https:\/\/diariotribuna.com.br\/index.php?rest_route=\/wp\/v2\/posts\/35018\/revisions"}],"predecessor-version":[{"id":35025,"href":"https:\/\/diariotribuna.com.br\/index.php?rest_route=\/wp\/v2\/posts\/35018\/revisions\/35025"}],"wp:featuredmedia":[{"embeddable":true,"href":"https:\/\/diariotribuna.com.br\/index.php?rest_route=\/wp\/v2\/media\/35024"}],"wp:attachment":[{"href":"https:\/\/diariotribuna.com.br\/index.php?rest_route=%2Fwp%2Fv2%2Fmedia&parent=35018"}],"wp:term":[{"taxonomy":"category","embeddable":true,"href":"https:\/\/diariotribuna.com.br\/index.php?rest_route=%2Fwp%2Fv2%2Fcategories&post=35018"},{"taxonomy":"post_tag","embeddable":true,"href":"https:\/\/diariotribuna.com.br\/index.php?rest_route=%2Fwp%2Fv2%2Ftags&post=35018"}],"curies":[{"name":"wp","href":"https:\/\/api.w.org\/{rel}","templated":true}]}}