{"id":35028,"date":"2026-08-31T12:19:42","date_gmt":"2026-08-31T15:19:42","guid":{"rendered":"https:\/\/diariotribuna.com.br\/?p=35028"},"modified":"2026-08-31T12:19:42","modified_gmt":"2026-08-31T15:19:42","slug":"prato-leva-sao-pedro-para-livro-de-recordes","status":"publish","type":"post","link":"https:\/\/diariotribuna.com.br\/?p=35028","title":{"rendered":"Prato leva S\u00e3o Pedro para livro de recordes\u00a0"},"content":{"rendered":"<div class=\"post-image\"><em><span>Foto: Reprodu\u00e7\u00e3o<\/span><\/em><\/div>\n<div class=\"post-text mt-4\">\n<p><strong><span>COLUNA MG<\/span><\/strong><br \/><span>Principais destaques dos jornais e portais integrantes da Rede Sindijori MG<\/span><br \/><span><a href=\"https:\/\/www.sindijorimg.com.br\/\">www.sindijorimg.com.br<\/a><\/span><\/p>\n<p><strong><span><\/span><\/strong><\/p>\n<p><strong><span>Prato leva S\u00e3o Pedro para livro de recordes<\/span><\/strong><br \/><span>S\u00e3o Pedro dos Ferros, munic\u00edpio da Zona da Mata mineira, entrou para o Livro dos Recordes Brasileiros ap\u00f3s preparar 306 litros de frango com ora-pro-n\u00f3bis. A marca garantiu \u00e0 cidade o recorde de maior preparo do prato tradicional no Brasil. A conquista foi registrada no dia 22 de agosto, durante a quinta edi\u00e7\u00e3o do Festival Gastron\u00f4mico de S\u00e3o Pedro dos Ferros. A receita foi preparada na Pra\u00e7a Prefeito Armando Rios e mobilizou moradores, cozinheiros, volunt\u00e1rios e parceiros. (Tribuna de Minas)<\/span><br \/><span><a href=\"https:\/\/tribunademinas.com.br\/especiais\/gastronomia\/31-08-2026\/cidade-da-zona-da-mata-bate-recorde-brasileiro-com-mais-de-300-litros-de-frango-com-ora-pro-nobis.html\">https:\/\/tribunademinas.com.br\/especiais\/gastronomia\/31-08-2026\/cidade-da-zona-da-mata-bate-recorde-brasileiro-com-mais-de-300-litros-de-frango-com-ora-pro-nobis.html<\/a><\/span><\/p>\n<p><strong><span><\/span><\/strong><\/p>\n<p><strong><span>Uberaba fecha todos os reservat\u00f3rios<\/span><\/strong><br \/><span>Uberaba come\u00e7a a semana novamente sob restri\u00e7\u00e3o no abastecimento de \u00e1gua. A Codau informou que todos os reservat\u00f3rios da cidade ser\u00e3o fechados na noite desta segunda-feira (31), depois que o \u00edndice de reserva\u00e7\u00e3o caiu para 27,6%, patamar enquadrado no N\u00edvel de Alerta do Plano de Contingenciamento. O fechamento est\u00e1 programado para come\u00e7ar \u00e0s 21h desta segunda-feira e seguir\u00e1 at\u00e9 as 4h30 de ter\u00e7a-feira (1\u00ba). Durante esse intervalo, a distribui\u00e7\u00e3o a partir dos reservat\u00f3rios ser\u00e1 interrompida como estrat\u00e9gia para recuperar os n\u00edveis do sistema durante a madrugada. (Jornal de Uberaba)<\/span><br \/><span><a href=\"https:\/\/www.jornaldeuberaba.com.br\/noticia\/163147\/uberaba-fecha-todos-os-reservatorios-nesta-noite-apos-nivel-de-agua-cair-para-27-6\">https:\/\/www.jornaldeuberaba.com.br\/noticia\/163147\/uberaba-fecha-todos-os-reservatorios-nesta-noite-apos-nivel-de-agua-cair-para-27-6<\/a><\/span><\/p>\n<p><strong><span><\/span><\/strong><\/p>\n<p><strong><span>Copasa lan\u00e7a plano de reuso de \u00e1gua\u00a0<\/span><\/strong><br \/><span>A Companhia de Saneamento de Minas Gerais (Copasa) lan\u00e7ou o Plano Estrat\u00e9gico de Reuso de \u00c1gua e Disposi\u00e7\u00e3o Controlada de Efluentes no Solo. Desenvolvido em parceria com um cons\u00f3rcio de institui\u00e7\u00f5es especializadas, o projeto in\u00e9dito visa mapear a oferta e a demanda de efluentes tratados no estado para transformar o esgoto em alternativa h\u00eddrica segura. (Balc\u00e3o News)<\/span><br \/><span><a href=\"https:\/\/balcaonews.com.br\/2026\/08\/28\/copasa-lanca-plano-inedito-de-reuso-de-agua-em-mg\/\">https:\/\/balcaonews.com.br\/2026\/08\/28\/copasa-lanca-plano-inedito-de-reuso-de-agua-em-mg\/<\/a><\/span><\/p>\n<p><span><\/span><\/p>\n<p><strong><span>Te\u00f3filo Otoni debate rodovi\u00e1ria<\/span><\/strong><br \/><span>As condi\u00e7\u00f5es e o futuro da Rodovi\u00e1ria de Te\u00f3filo Otoni estar\u00e3o no centro de uma audi\u00eancia p\u00fablica marcada para a pr\u00f3xima quarta-feira, 9 de setembro, \u00e0s 18h30, no plen\u00e1rio da C\u00e2mara Municipal. O encontro pretende abrir espa\u00e7o para que a popula\u00e7\u00e3o apresente reclama\u00e7\u00f5es, sugest\u00f5es e propostas relacionadas ao funcionamento do terminal \u2014 incluindo quest\u00f5es estruturais, conserva\u00e7\u00e3o, atendimento e qualidade dos servi\u00e7os oferecidos aos passageiros. (Di\u00e1rio Tribuna)<\/span><br \/><span><a href=\"https:\/\/diariotribuna.com.br\/?p=35012\">https:\/\/diariotribuna.com.br\/?p=35012<\/a><\/span><\/p>\n<p><strong><span><\/span><\/strong><\/p>\n<p><strong><span>Pre\u00e7o de combust\u00edvel tem queda em Araguari<\/span><\/strong><br \/><span>O Procon de Araguari realizou, no dia 26 de agosto, uma nova pesquisa de pre\u00e7os dos combust\u00edveis comercializados no munic\u00edpio. O levantamento tem como objetivo acompanhar a varia\u00e7\u00e3o dos valores praticados pelos estabelecimentos, ampliar a transpar\u00eancia para os consumidores. De acordo com o levantamento, no dia 19 de agosto, o litro da gasolina comum era comercializado, em m\u00e9dia, a R$ 6,25, enquanto a gasolina aditivada apresentava o mesmo valor. O etanol tinha pre\u00e7o m\u00e9dio de R$ 3,92, o diesel comum de R$ 6,12 e o diesel S10 de R$ 6,65. (Gazeta do Tri\u00e2ngulo)<\/span><br \/><span><a href=\"https:\/\/gazetadotriangulo.com.br\/procon-aponta-queda-no-preco-da-gasolina-comum-em-araguari\/\">https:\/\/gazetadotriangulo.com.br\/procon-aponta-queda-no-preco-da-gasolina-comum-em-araguari\/<\/a><\/span><\/p>\n<p><strong><span><\/span><\/strong><\/p>\n<p><strong><span>Patroc\u00ednio refor\u00e7a frota da seletiva<\/span><\/strong><br \/><span>O Governo Municipal recebeu a sexta-feira, 28 de agosto, sete novos caminh\u00f5es OKM, ano\/modelo 2026, que passam a integrar a estrutura de coleta seletiva e limpeza urbana de Patroc\u00ednio. Os ve\u00edculos contam com central de comando e tecnologia para acompanhamento das opera\u00e7\u00f5es, permitindo maior controle das rotas e dos servi\u00e7os realizados no Munic\u00edpio. Segundo o prefeito Gustavo Brasileiro, a chegada dos novos ve\u00edculos representa mais uma etapa na moderniza\u00e7\u00e3o dos servi\u00e7os de limpeza urbana. (Jornal de Patroc\u00ednio)<\/span><br \/><span><a href=\"https:\/\/www.jornaldepatrocinio.com\/patrocinio-recebe-sete-novos-caminhoes-para-modernizar-coleta-seletiva\">https:\/\/www.jornaldepatrocinio.com\/patrocinio-recebe-sete-novos-caminhoes-para-modernizar-coleta-seletiva<\/a><\/span><\/p>\n<p><strong><span><\/span><\/strong><\/p>\n<p><strong><span>Estudantes recebem pagamento do P\u00e9-de-Meia<\/span><\/strong><br \/><span>Os estudantes benefici\u00e1rios do P\u00e9-de-Meia come\u00e7aram a receber, na segunda-feira (24), as parcelas de frequ\u00eancia referentes aos meses de maio e junho. Nesta primeira etapa, o pagamento \u00e9 destinado aos alunos nascidos em janeiro e fevereiro em Montes Claros e no Norte de Minas. \u00a0Nesta rodada, tamb\u00e9m poder\u00e3o ser liberados valores referentes \u00e0 matr\u00edcula de 2026 e a meses anteriores para estudantes que tiveram informa\u00e7\u00f5es enviadas ou corrigidas pelas redes de ensino. Os dep\u00f3sitos seguem o cronograma estabelecido pelo Minist\u00e9rio da Educa\u00e7\u00e3o (Novo Jornal de Not\u00edcias)<\/span><br \/><span><a href=\"https:\/\/novojornaldenoticias.com\/noticias\/estudantes-recebem-pagamento-do-pe-de-meia\/\">https:\/\/novojornaldenoticias.com\/noticias\/estudantes-recebem-pagamento-do-pe-de-meia\/<\/a><\/span><\/p>\n<\/div>\n<p>\u00a0<\/p>","protected":false},"excerpt":{"rendered":"<p>Foto: Reprodu\u00e7\u00e3o COLUNA MGPrincipais destaques dos jornais e portais integrantes da Rede Sindijori MGwww.sindijorimg.com.br Prato leva S\u00e3o Pedro para livro de recordesS\u00e3o Pedro dos Ferros, munic\u00edpio da Zona da Mata mineira, entrou para o Livro dos Recordes Brasileiros ap\u00f3s preparar 306 litros de frango com ora-pro-n\u00f3bis. A marca garantiu \u00e0 cidade o recorde de maior [&hellip;]<\/p>\n","protected":false},"author":0,"featured_media":35029,"comment_status":"open","ping_status":"open","sticky":false,"template":"","format":"standard","meta":{"_editorskit_title_hidden":false,"_editorskit_reading_time":0,"_editorskit_is_block_options_detached":false,"_editorskit_block_options_position":"{}","amp_status":"","footnotes":""},"categories":[6745],"tags":[],"class_list":["post-35028","post","type-post","status-publish","format-standard","has-post-thumbnail","hentry","category-coluna-sindijori"],"_links":{"self":[{"href":"https:\/\/diariotribuna.com.br\/index.php?rest_route=\/wp\/v2\/posts\/35028"}],"collection":[{"href":"https:\/\/diariotribuna.com.br\/index.php?rest_route=\/wp\/v2\/posts"}],"about":[{"href":"https:\/\/diariotribuna.com.br\/index.php?rest_route=\/wp\/v2\/types\/post"}],"replies":[{"embeddable":true,"href":"https:\/\/diariotribuna.com.br\/index.php?rest_route=%2Fwp%2Fv2%2Fcomments&post=35028"}],"version-history":[{"count":0,"href":"https:\/\/diariotribuna.com.br\/index.php?rest_route=\/wp\/v2\/posts\/35028\/revisions"}],"wp:featuredmedia":[{"embeddable":true,"href":"https:\/\/diariotribuna.com.br\/index.php?rest_route=\/wp\/v2\/media\/35029"}],"wp:attachment":[{"href":"https:\/\/diariotribuna.com.br\/index.php?rest_route=%2Fwp%2Fv2%2Fmedia&parent=35028"}],"wp:term":[{"taxonomy":"category","embeddable":true,"href":"https:\/\/diariotribuna.com.br\/index.php?rest_route=%2Fwp%2Fv2%2Fcategories&post=35028"},{"taxonomy":"post_tag","embeddable":true,"href":"https:\/\/diariotribuna.com.br\/index.php?rest_route=%2Fwp%2Fv2%2Ftags&post=35028"}],"curies":[{"name":"wp","href":"https:\/\/api.w.org\/{rel}","templated":true}]}}