{"id":35038,"date":"2026-09-01T11:19:42","date_gmt":"2026-09-01T14:19:42","guid":{"rendered":"https:\/\/diariotribuna.com.br\/?p=35038"},"modified":"2026-09-01T11:19:45","modified_gmt":"2026-09-01T14:19:45","slug":"bruno-farias-lanca-campanha-de-reeleicao-em-teofilo-otoni-e-destaca-atuacao-na-regiao","status":"publish","type":"post","link":"https:\/\/diariotribuna.com.br\/?p=35038","title":{"rendered":"Bruno Farias lan\u00e7a campanha de reelei\u00e7\u00e3o em Te\u00f3filo Otoni e destaca atua\u00e7\u00e3o na regi\u00e3o"},"content":{"rendered":"\n<h2 class=\"wp-block-heading\"><sup><mark style=\"background-color:rgba(0, 0, 0, 0)\" class=\"has-inline-color has-cyan-bluish-gray-color\">Evento reuniu apoiadores e lideran\u00e7as pol\u00edticas; Cleitinho Azevedo participou da agenda e defendeu mais investimentos para o Vale do Mucuri<\/mark><\/sup><\/h2>\n\n\n\n<figure class=\"wp-block-image size-full\"><img fetchpriority=\"high\" decoding=\"async\" width=\"980\" height=\"482\" src=\"https:\/\/diariotribuna.com.br\/wp-content\/uploads\/2026\/09\/Bruno-Farias.jpg\" alt=\"\" class=\"wp-image-35039\" srcset=\"https:\/\/diariotribuna.com.br\/wp-content\/uploads\/2026\/09\/Bruno-Farias.jpg 980w, https:\/\/diariotribuna.com.br\/wp-content\/uploads\/2026\/09\/Bruno-Farias-300x148.jpg 300w, https:\/\/diariotribuna.com.br\/wp-content\/uploads\/2026\/09\/Bruno-Farias-768x378.jpg 768w, https:\/\/diariotribuna.com.br\/wp-content\/uploads\/2026\/09\/Bruno-Farias-324x160.jpg 324w, https:\/\/diariotribuna.com.br\/wp-content\/uploads\/2026\/09\/Bruno-Farias-533x261.jpg 533w, https:\/\/diariotribuna.com.br\/wp-content\/uploads\/2026\/09\/Bruno-Farias-696x342.jpg 696w, https:\/\/diariotribuna.com.br\/wp-content\/uploads\/2026\/09\/Bruno-Farias-854x420.jpg 854w\" sizes=\"(max-width: 980px) 100vw, 980px\" \/><\/figure>\n\n\n\n<p>O deputado federal Bruno Farias (Republicanos-MG) lan\u00e7ou oficialmente, no s\u00e1bado (29), sua campanha \u00e0 reelei\u00e7\u00e3o para a C\u00e2mara dos Deputados em Te\u00f3filo Otoni. O evento ocorreu no Comit\u00ea dos Vales, na Rua Bernarda Laender, em frente \u00e0 Rodovi\u00e1ria, e reuniu apoiadores, lideran\u00e7as pol\u00edticas e moradores do munic\u00edpio e de cidades da regi\u00e3o.<\/p>\n\n\n\n<p>A agenda tamb\u00e9m contou com a presen\u00e7a do senador Cleitinho Azevedo (Republicanos), pr\u00e9-candidato ao Governo de Minas Gerais. A visita j\u00e1 estava prevista na programa\u00e7\u00e3o oficial de campanha do senador para o s\u00e1bado \u2014 ap\u00f3s a passagem por Te\u00f3filo Otoni, ele seguiu para compromissos em Frei Gaspar e Itambacuri.<\/p>\n\n\n\n<h2 class=\"wp-block-heading\"><strong><sup>Sa\u00fade \u00e9 destaque no discurso de Bruno Farias<\/sup><\/strong><\/h2>\n\n\n\n<p>Durante o lan\u00e7amento, Bruno Farias destacou sua atua\u00e7\u00e3o parlamentar voltada a Te\u00f3filo Otoni, especialmente na \u00e1rea da sa\u00fade, e citou recursos destinados por meio de emendas parlamentares a servi\u00e7os p\u00fablicos e institui\u00e7\u00f5es da cidade.<\/p>\n\n\n\n<p>Parte dessa atua\u00e7\u00e3o encontra respaldo em registros oficiais da C\u00e2mara dos Deputados: em 2025, h\u00e1 indica\u00e7\u00e3o de recursos do parlamentar para o Fundo Municipal de Sa\u00fade de Te\u00f3filo Otoni, destinados ao custeio de servi\u00e7os de assist\u00eancia hospitalar e ambulatorial. Em mar\u00e7o deste ano, a Prefeitura de Te\u00f3filo Otoni tamb\u00e9m registrou a entrega de 18 ve\u00edculos novos para a Secretaria Municipal de Sa\u00fade, adquiridos com recursos oriundos de articula\u00e7\u00e3o parlamentar de Bruno Farias.<\/p>\n\n\n\n<p>O deputado citou ainda, entre suas bandeiras de campanha, a defesa das pessoas neurodivergentes e dos profissionais de enfermagem \u2014 categoria da qual \u00e9 origin\u00e1rio, como presidente do Conselho Regional de Enfermagem de Minas Gerais (Coren-MG).<\/p>\n\n\n\n<p>&#8220;Te\u00f3filo Otoni sempre esteve no centro da minha atua\u00e7\u00e3o. As emendas que conseguimos trazer para c\u00e1 s\u00e3o fruto de um compromisso real com a popula\u00e7\u00e3o&#8221;, declarou o deputado durante o evento.<\/p>\n\n\n\n<h2 class=\"wp-block-heading\"><strong><sup>Investimentos e presen\u00e7a pol\u00edtica no Vale<\/sup><\/strong><\/h2>\n\n\n<div class=\"wp-block-image\">\n<figure class=\"aligncenter size-full is-resized\"><img decoding=\"async\" width=\"982\" height=\"627\" src=\"https:\/\/diariotribuna.com.br\/wp-content\/uploads\/2026\/09\/Bruno-Farias2.jpg\" alt=\"\" class=\"wp-image-35040\" style=\"width:708px;height:auto\" srcset=\"https:\/\/diariotribuna.com.br\/wp-content\/uploads\/2026\/09\/Bruno-Farias2.jpg 982w, https:\/\/diariotribuna.com.br\/wp-content\/uploads\/2026\/09\/Bruno-Farias2-300x192.jpg 300w, https:\/\/diariotribuna.com.br\/wp-content\/uploads\/2026\/09\/Bruno-Farias2-768x490.jpg 768w, https:\/\/diariotribuna.com.br\/wp-content\/uploads\/2026\/09\/Bruno-Farias2-696x444.jpg 696w, https:\/\/diariotribuna.com.br\/wp-content\/uploads\/2026\/09\/Bruno-Farias2-658x420.jpg 658w\" sizes=\"(max-width: 982px) 100vw, 982px\" \/><\/figure><\/div>\n\n\n<p>Segundo o pr\u00f3prio parlamentar, em 2025 ele destinou R$ 6,5 milh\u00f5es em emendas para Te\u00f3filo Otoni, incluindo recursos para sa\u00fade, institui\u00e7\u00f5es filantr\u00f3picas e eventos do munic\u00edpio \u2014 entre eles, valores para os hospitais Santa Ros\u00e1lia, Philad\u00e9lfia e Bom Samaritano, al\u00e9m da APAE. Em 2026, a C\u00e2mara dos Deputados tamb\u00e9m o registra como autor de emendas destinadas a a\u00e7\u00f5es de sa\u00fade em Minas Gerais.<\/p>\n\n\n\n<p>O lan\u00e7amento da campanha refor\u00e7a a estrat\u00e9gia de Bruno Farias de manter presen\u00e7a pr\u00f3xima aos munic\u00edpios do Vale do Mucuri, na disputa pela renova\u00e7\u00e3o do mandato conquistado em 2022.<\/p>\n\n\n\n<h2 class=\"wp-block-heading\"><strong><sup>Cleitinho defende investimentos para o Vale do Mucuri<\/sup><\/strong><\/h2>\n\n\n\n<p>Durante a passagem por Te\u00f3filo Otoni, Cleitinho Azevedo tamb\u00e9m apresentou propostas para a regi\u00e3o. Em entrevista durante o evento, o senador afirmou pretender dar maior aten\u00e7\u00e3o ao Vale do Mucuri e ao Norte de Minas, caso eleito, com o objetivo de ampliar investimentos e estimular o desenvolvimento econ\u00f4mico dessas regi\u00f5es.<\/p>\n\n\n\n<p>Entre as prioridades citadas por Cleitinho est\u00e1 a recupera\u00e7\u00e3o da malha vi\u00e1ria \u2014 segundo ele, estradas em melhores condi\u00e7\u00f5es s\u00e3o fundamentais n\u00e3o apenas para o transporte de pessoas e mercadorias, mas tamb\u00e9m para ampliar o acesso da popula\u00e7\u00e3o a servi\u00e7os essenciais, como a sa\u00fade.<\/p>\n\n\n\n<p>O senador tamb\u00e9m defendeu o uso de tecnologia e intelig\u00eancia artificial como ferramentas para fortalecer o trabalho das for\u00e7as de seguran\u00e7a, e afirmou que buscaria, \u00e0 frente do governo estadual, uma distribui\u00e7\u00e3o mais equilibrada dos investimentos p\u00fablicos, com maior aten\u00e7\u00e3o a regi\u00f5es que, segundo ele, historicamente recebem parcela menor dos recursos do Estado.<\/p>\n\n\n\n<h2 class=\"wp-block-heading\"><strong><sup>Campanha ganha corpo no interior<\/sup><\/strong><\/h2>\n\n\n\n<p>A passagem dos dois pol\u00edticos por Te\u00f3filo Otoni ocorre em meio \u00e0 intensifica\u00e7\u00e3o das articula\u00e7\u00f5es para as elei\u00e7\u00f5es de outubro. Para Bruno Farias, o desafio declarado \u00e9 transformar a atua\u00e7\u00e3o parlamentar e a presen\u00e7a constru\u00edda na regi\u00e3o em apoio suficiente para a reelei\u00e7\u00e3o. Cleitinho, por sua vez, utiliza agendas no interior do estado como parte da estrat\u00e9gia de apresentar suas propostas e ampliar a candidatura ao Governo de Minas.<\/p>\n\n\n\n<p>O evento no Comit\u00ea dos Vales confirma que Te\u00f3filo Otoni e o Vale do Mucuri devem seguir no radar das campanhas majorit\u00e1rias e proporcionais ao longo das pr\u00f3ximas semanas.<\/p>\n\n\n\n<p>A cobertura completa est\u00e1 dispon\u00edvel na edi\u00e7\u00e3o impressa.<\/p>\n\n\n\n<figure class=\"wp-block-pullquote\"><blockquote><p><br>Acesse o link abaixo e veja a edi\u00e7\u00e3o completa do Di\u00e1rio Tribuna:<br><a href=\"https:\/\/diariotribuna.com.br\/wp-content\/uploads\/2026\/08\/DIARIO-TRIBUNA-57-ANOS-01-SET-2026-Final.pdf\" target=\"_blank\" rel=\"noreferrer noopener\">Di\u00e1rio Tribuna &#8211; ter\u00e7a-feria &#8211; 01 de setembro de 2026 &#8211; completo<\/a><\/p><\/blockquote><\/figure>\n","protected":false},"excerpt":{"rendered":"<p>Evento reuniu apoiadores e lideran\u00e7as pol\u00edticas; Cleitinho Azevedo participou da agenda e defendeu mais investimentos para o Vale do Mucuri O deputado federal Bruno Farias (Republicanos-MG) lan\u00e7ou oficialmente, no s\u00e1bado (29), sua campanha \u00e0 reelei\u00e7\u00e3o para a C\u00e2mara dos Deputados em Te\u00f3filo Otoni. O evento ocorreu no Comit\u00ea dos Vales, na Rua Bernarda Laender, em [&hellip;]<\/p>\n","protected":false},"author":1,"featured_media":35039,"comment_status":"open","ping_status":"open","sticky":false,"template":"","format":"standard","meta":{"_editorskit_title_hidden":false,"_editorskit_reading_time":0,"_editorskit_is_block_options_detached":false,"_editorskit_block_options_position":"{}","amp_status":"","footnotes":""},"categories":[25,21],"tags":[],"class_list":["post-35038","post","type-post","status-publish","format-standard","has-post-thumbnail","hentry","category-destaque","category-politica"],"_links":{"self":[{"href":"https:\/\/diariotribuna.com.br\/index.php?rest_route=\/wp\/v2\/posts\/35038"}],"collection":[{"href":"https:\/\/diariotribuna.com.br\/index.php?rest_route=\/wp\/v2\/posts"}],"about":[{"href":"https:\/\/diariotribuna.com.br\/index.php?rest_route=\/wp\/v2\/types\/post"}],"author":[{"embeddable":true,"href":"https:\/\/diariotribuna.com.br\/index.php?rest_route=\/wp\/v2\/users\/1"}],"replies":[{"embeddable":true,"href":"https:\/\/diariotribuna.com.br\/index.php?rest_route=%2Fwp%2Fv2%2Fcomments&post=35038"}],"version-history":[{"count":1,"href":"https:\/\/diariotribuna.com.br\/index.php?rest_route=\/wp\/v2\/posts\/35038\/revisions"}],"predecessor-version":[{"id":35041,"href":"https:\/\/diariotribuna.com.br\/index.php?rest_route=\/wp\/v2\/posts\/35038\/revisions\/35041"}],"wp:featuredmedia":[{"embeddable":true,"href":"https:\/\/diariotribuna.com.br\/index.php?rest_route=\/wp\/v2\/media\/35039"}],"wp:attachment":[{"href":"https:\/\/diariotribuna.com.br\/index.php?rest_route=%2Fwp%2Fv2%2Fmedia&parent=35038"}],"wp:term":[{"taxonomy":"category","embeddable":true,"href":"https:\/\/diariotribuna.com.br\/index.php?rest_route=%2Fwp%2Fv2%2Fcategories&post=35038"},{"taxonomy":"post_tag","embeddable":true,"href":"https:\/\/diariotribuna.com.br\/index.php?rest_route=%2Fwp%2Fv2%2Ftags&post=35038"}],"curies":[{"name":"wp","href":"https:\/\/api.w.org\/{rel}","templated":true}]}}