{"id":35045,"date":"2026-09-01T21:16:13","date_gmt":"2026-09-02T00:16:13","guid":{"rendered":"https:\/\/diariotribuna.com.br\/?p=35045"},"modified":"2026-09-01T21:16:14","modified_gmt":"2026-09-02T00:16:14","slug":"homem-e-preso-apos-crianca-de-5-anos-ser-encontrada-com-sinais-de-violencia-sexual-em-ataleia","status":"publish","type":"post","link":"https:\/\/diariotribuna.com.br\/?p=35045","title":{"rendered":"Homem \u00e9 preso ap\u00f3s crian\u00e7a de 5 anos ser encontrada com sinais de viol\u00eancia sexual em Atal\u00e9ia"},"content":{"rendered":"\n<h2 class=\"wp-block-heading\"><sup><mark style=\"background-color:rgba(0, 0, 0, 0)\" class=\"has-inline-color has-cyan-bluish-gray-color\">Menina foi localizada em uma \u00e1rea de vegeta\u00e7\u00e3o ap\u00f3s sair de uma creche acompanhada do irm\u00e3o; suspeito foi encontrado durante as buscas da Pol\u00edcia Militar<\/mark><\/sup><\/h2>\n\n\n\n<p>Um homem de 22 anos foi preso no \u00falitmo domingo (30), em Atal\u00e9ia, suspeito de agredir e cometer viol\u00eancia sexual contra a pr\u00f3pria irm\u00e3, uma crian\u00e7a de 5 anos. A ocorr\u00eancia mobilizou equipes da Pol\u00edcia Militar depois que o Centro de Opera\u00e7\u00f5es da Pol\u00edcia Militar (Copom) da 15\u00aa Regi\u00e3o recebeu informa\u00e7\u00f5es sobre o desaparecimento moment\u00e2neo da menina.<\/p>\n\n\n\n<p>Segundo a PM, a crian\u00e7a havia sido retirada da creche pelo irm\u00e3o e n\u00e3o retornou para casa. Diante da situa\u00e7\u00e3o, os militares iniciaram buscas pela regi\u00e3o.<\/p>\n\n\n\n<p>Durante as dilig\u00eancias, a menina foi localizada em uma \u00e1rea de vegeta\u00e7\u00e3o. No momento em que os policiais a encontraram, o suspeito fugiu pelo matagal. A crian\u00e7a apresentava les\u00f5es pelo corpo e relatava dores; segundo a Pol\u00edcia Militar, ela informou aos policiais ter sido agredida pelo irm\u00e3o.<\/p>\n\n\n<div class=\"wp-block-image\">\n<figure class=\"aligncenter size-large is-resized\"><img fetchpriority=\"high\" decoding=\"async\" width=\"1024\" height=\"683\" src=\"https:\/\/diariotribuna.com.br\/wp-content\/uploads\/2026\/09\/ChatGPT-Image-1-de-set.-de-2026-21_12_30-1024x683.png\" alt=\"\" class=\"wp-image-35046\" style=\"width:648px;height:auto\" srcset=\"https:\/\/diariotribuna.com.br\/wp-content\/uploads\/2026\/09\/ChatGPT-Image-1-de-set.-de-2026-21_12_30-1024x683.png 1024w, https:\/\/diariotribuna.com.br\/wp-content\/uploads\/2026\/09\/ChatGPT-Image-1-de-set.-de-2026-21_12_30-300x200.png 300w, https:\/\/diariotribuna.com.br\/wp-content\/uploads\/2026\/09\/ChatGPT-Image-1-de-set.-de-2026-21_12_30-768x512.png 768w, https:\/\/diariotribuna.com.br\/wp-content\/uploads\/2026\/09\/ChatGPT-Image-1-de-set.-de-2026-21_12_30-696x464.png 696w, https:\/\/diariotribuna.com.br\/wp-content\/uploads\/2026\/09\/ChatGPT-Image-1-de-set.-de-2026-21_12_30-1068x712.png 1068w, https:\/\/diariotribuna.com.br\/wp-content\/uploads\/2026\/09\/ChatGPT-Image-1-de-set.-de-2026-21_12_30-630x420.png 630w, https:\/\/diariotribuna.com.br\/wp-content\/uploads\/2026\/09\/ChatGPT-Image-1-de-set.-de-2026-21_12_30.png 1536w\" sizes=\"(max-width: 1024px) 100vw, 1024px\" \/><\/figure><\/div>\n\n\n<h2 class=\"wp-block-heading\"><strong><sup>Atendimento m\u00e9dico identificou sinais de viol\u00eancia sexual<\/sup><\/strong><\/h2>\n\n\n\n<p>Ap\u00f3s ser localizada, a menina recebeu atendimento m\u00e9dico. Durante a avalia\u00e7\u00e3o, foram constatadas les\u00f5es compat\u00edveis com viol\u00eancia sexual, segundo a corpora\u00e7\u00e3o. Diante da gravidade do caso, ela foi encaminhada para atendimento especializado e recebeu os cuidados necess\u00e1rios.<\/p>\n\n\n\n<p>Por se tratar de uma crian\u00e7a, a identidade da v\u00edtima e demais informa\u00e7\u00f5es que possam permitir sua identifica\u00e7\u00e3o \u2014 incluindo dados sobre familiares \u2014 n\u00e3o est\u00e3o sendo divulgadas.<\/p>\n\n\n\n<h2 class=\"wp-block-heading\"><strong><sup>Suspeito foi localizado durante as buscas<\/sup><\/strong><\/h2>\n\n\n\n<p>Ap\u00f3s a localiza\u00e7\u00e3o da menina, os policiais deram continuidade \u00e0s dilig\u00eancias para encontrar o suspeito, que havia fugido. Ele foi localizado posteriormente e preso pela Pol\u00edcia Militar, sendo conduzido \u00e0 Delegacia de Pol\u00edcia Civil, onde foram adotadas as provid\u00eancias legais cab\u00edveis.<\/p>\n\n\n\n<p>O caso ser\u00e1 investigado pela Pol\u00edcia Civil, respons\u00e1vel por esclarecer as circunst\u00e2ncias dos fatos e apurar as responsabilidades.<\/p>\n\n\n\n<p><\/p>\n\n\n\n<p><\/p>\n","protected":false},"excerpt":{"rendered":"<p>Menina foi localizada em uma \u00e1rea de vegeta\u00e7\u00e3o ap\u00f3s sair de uma creche acompanhada do irm\u00e3o; suspeito foi encontrado durante as buscas da Pol\u00edcia Militar Um homem de 22 anos foi preso no \u00falitmo domingo (30), em Atal\u00e9ia, suspeito de agredir e cometer viol\u00eancia sexual contra a pr\u00f3pria irm\u00e3, uma crian\u00e7a de 5 anos. A [&hellip;]<\/p>\n","protected":false},"author":1,"featured_media":35046,"comment_status":"open","ping_status":"open","sticky":false,"template":"","format":"standard","meta":{"_editorskit_title_hidden":false,"_editorskit_reading_time":0,"_editorskit_is_block_options_detached":false,"_editorskit_block_options_position":"{}","amp_status":"","footnotes":""},"categories":[25,20],"tags":[],"class_list":["post-35045","post","type-post","status-publish","format-standard","has-post-thumbnail","hentry","category-destaque","category-policia"],"_links":{"self":[{"href":"https:\/\/diariotribuna.com.br\/index.php?rest_route=\/wp\/v2\/posts\/35045"}],"collection":[{"href":"https:\/\/diariotribuna.com.br\/index.php?rest_route=\/wp\/v2\/posts"}],"about":[{"href":"https:\/\/diariotribuna.com.br\/index.php?rest_route=\/wp\/v2\/types\/post"}],"author":[{"embeddable":true,"href":"https:\/\/diariotribuna.com.br\/index.php?rest_route=\/wp\/v2\/users\/1"}],"replies":[{"embeddable":true,"href":"https:\/\/diariotribuna.com.br\/index.php?rest_route=%2Fwp%2Fv2%2Fcomments&post=35045"}],"version-history":[{"count":1,"href":"https:\/\/diariotribuna.com.br\/index.php?rest_route=\/wp\/v2\/posts\/35045\/revisions"}],"predecessor-version":[{"id":35047,"href":"https:\/\/diariotribuna.com.br\/index.php?rest_route=\/wp\/v2\/posts\/35045\/revisions\/35047"}],"wp:featuredmedia":[{"embeddable":true,"href":"https:\/\/diariotribuna.com.br\/index.php?rest_route=\/wp\/v2\/media\/35046"}],"wp:attachment":[{"href":"https:\/\/diariotribuna.com.br\/index.php?rest_route=%2Fwp%2Fv2%2Fmedia&parent=35045"}],"wp:term":[{"taxonomy":"category","embeddable":true,"href":"https:\/\/diariotribuna.com.br\/index.php?rest_route=%2Fwp%2Fv2%2Fcategories&post=35045"},{"taxonomy":"post_tag","embeddable":true,"href":"https:\/\/diariotribuna.com.br\/index.php?rest_route=%2Fwp%2Fv2%2Ftags&post=35045"}],"curies":[{"name":"wp","href":"https:\/\/api.w.org\/{rel}","templated":true}]}}