{"id":35048,"date":"2026-09-01T21:34:05","date_gmt":"2026-09-02T00:34:05","guid":{"rendered":"https:\/\/diariotribuna.com.br\/?p=35048"},"modified":"2026-09-01T22:14:11","modified_gmt":"2026-09-02T01:14:11","slug":"denuncia-leva-a-prisao-de-dois-suspeitos-e-a-apreensao-de-122-porcoes-de-drogas-em-padre-paraiso","status":"publish","type":"post","link":"https:\/\/diariotribuna.com.br\/?p=35048","title":{"rendered":"Den\u00fancia leva \u00e0 pris\u00e3o de dois suspeitos e \u00e0 apreens\u00e3o de 122 por\u00e7\u00f5es de drogas em Padre Para\u00edso"},"content":{"rendered":"\n<h2 class=\"wp-block-heading\"><sup><mark style=\"background-color:rgba(0, 0, 0, 0)\" class=\"has-inline-color has-cyan-bluish-gray-color\">A\u00e7\u00e3o da Pol\u00edcia Militar ocorreu no bairro Bela Vista e tamb\u00e9m resultou na apreens\u00e3o de dinheiro, balan\u00e7a de precis\u00e3o e materiais utilizados para acondicionar entorpecentes<\/mark><\/sup><\/h2>\n\n\n<div class=\"wp-block-image\">\n<figure class=\"aligncenter size-large is-resized\"><img fetchpriority=\"high\" decoding=\"async\" width=\"1024\" height=\"683\" src=\"https:\/\/diariotribuna.com.br\/wp-content\/uploads\/2026\/09\/ChatGPT-Image-1-de-set.-de-2026-21_26_29-1024x683.png\" alt=\"\" class=\"wp-image-35050\" style=\"width:669px;height:auto\" srcset=\"https:\/\/diariotribuna.com.br\/wp-content\/uploads\/2026\/09\/ChatGPT-Image-1-de-set.-de-2026-21_26_29-1024x683.png 1024w, https:\/\/diariotribuna.com.br\/wp-content\/uploads\/2026\/09\/ChatGPT-Image-1-de-set.-de-2026-21_26_29-300x200.png 300w, https:\/\/diariotribuna.com.br\/wp-content\/uploads\/2026\/09\/ChatGPT-Image-1-de-set.-de-2026-21_26_29-768x512.png 768w, https:\/\/diariotribuna.com.br\/wp-content\/uploads\/2026\/09\/ChatGPT-Image-1-de-set.-de-2026-21_26_29-696x464.png 696w, https:\/\/diariotribuna.com.br\/wp-content\/uploads\/2026\/09\/ChatGPT-Image-1-de-set.-de-2026-21_26_29-1068x712.png 1068w, https:\/\/diariotribuna.com.br\/wp-content\/uploads\/2026\/09\/ChatGPT-Image-1-de-set.-de-2026-21_26_29-630x420.png 630w, https:\/\/diariotribuna.com.br\/wp-content\/uploads\/2026\/09\/ChatGPT-Image-1-de-set.-de-2026-21_26_29.png 1535w\" sizes=\"(max-width: 1024px) 100vw, 1024px\" \/><\/figure><\/div>\n\n\n<p>Dois homens foram presos pela Pol\u00edcia Militar na tarde desta segunda-feira (31), suspeitos de envolvimento com o tr\u00e1fico de drogas no bairro Bela Vista, em Padre Para\u00edso. A ocorr\u00eancia come\u00e7ou depois que os militares receberam uma den\u00fancia sobre poss\u00edvel comercializa\u00e7\u00e3o de entorpecentes nas proximidades das Casinhas Populares.<\/p>\n\n\n\n<h2 class=\"wp-block-heading\"><strong><sup>Den\u00fancia levou militares at\u00e9 ve\u00edculo<\/sup><\/strong><\/h2>\n\n\n\n<p>Ap\u00f3s receber as informa\u00e7\u00f5es, a equipe policial realizou levantamentos na regi\u00e3o e identificou um ve\u00edculo relacionado \u00e0 den\u00fancia. Durante a abordagem e as buscas, os militares localizaram 17 pinos com subst\u00e2ncia semelhante \u00e0 coca\u00edna, al\u00e9m de R$ 64 em dinheiro.<\/p>\n\n\n\n<p>As dilig\u00eancias prosseguiram em im\u00f3veis ligados aos suspeitos, onde outros entorpecentes e materiais foram encontrados, segundo a Pol\u00edcia Militar.<\/p>\n\n\n\n<h2 class=\"wp-block-heading\"><strong><sup>122 por\u00e7\u00f5es foram apreendidas<\/sup><\/strong><\/h2>\n\n\n\n<p>Ao todo, a opera\u00e7\u00e3o resultou na apreens\u00e3o de 87 pinos de coca\u00edna e 35 buchas de maconha, totalizando 122 por\u00e7\u00f5es de drogas. Tamb\u00e9m foram apreendidos uma balan\u00e7a de precis\u00e3o, sacos pl\u00e1sticos usados para acondicionamento, uma c\u00e2mera de videomonitoramento, R$ 64 em dinheiro e um ve\u00edculo.<\/p>\n\n\n\n<p>Todo o material foi recolhido e encaminhado para os procedimentos legais. Os dois suspeitos passaram por avalia\u00e7\u00e3o m\u00e9dica e, na sequ\u00eancia, foram conduzidos \u00e0 autoridade de Pol\u00edcia Judici\u00e1ria, junto com os materiais apreendidos.<\/p>\n\n\n\n<p>A investiga\u00e7\u00e3o e os demais procedimentos ficam sob responsabilidade das autoridades competentes. Os suspeitos permanecem na condi\u00e7\u00e3o de investigados, e a eventual responsabilidade criminal ser\u00e1 definida pela Justi\u00e7a.<\/p>\n","protected":false},"excerpt":{"rendered":"<p>A\u00e7\u00e3o da Pol\u00edcia Militar ocorreu no bairro Bela Vista e tamb\u00e9m resultou na apreens\u00e3o de dinheiro, balan\u00e7a de precis\u00e3o e materiais utilizados para acondicionar entorpecentes Dois homens foram presos pela Pol\u00edcia Militar na tarde desta segunda-feira (31), suspeitos de envolvimento com o tr\u00e1fico de drogas no bairro Bela Vista, em Padre Para\u00edso. A ocorr\u00eancia come\u00e7ou [&hellip;]<\/p>\n","protected":false},"author":1,"featured_media":35050,"comment_status":"open","ping_status":"open","sticky":false,"template":"","format":"standard","meta":{"_editorskit_title_hidden":false,"_editorskit_reading_time":0,"_editorskit_is_block_options_detached":false,"_editorskit_block_options_position":"{}","amp_status":"","footnotes":""},"categories":[25,20],"tags":[],"class_list":["post-35048","post","type-post","status-publish","format-standard","has-post-thumbnail","hentry","category-destaque","category-policia"],"_links":{"self":[{"href":"https:\/\/diariotribuna.com.br\/index.php?rest_route=\/wp\/v2\/posts\/35048"}],"collection":[{"href":"https:\/\/diariotribuna.com.br\/index.php?rest_route=\/wp\/v2\/posts"}],"about":[{"href":"https:\/\/diariotribuna.com.br\/index.php?rest_route=\/wp\/v2\/types\/post"}],"author":[{"embeddable":true,"href":"https:\/\/diariotribuna.com.br\/index.php?rest_route=\/wp\/v2\/users\/1"}],"replies":[{"embeddable":true,"href":"https:\/\/diariotribuna.com.br\/index.php?rest_route=%2Fwp%2Fv2%2Fcomments&post=35048"}],"version-history":[{"count":1,"href":"https:\/\/diariotribuna.com.br\/index.php?rest_route=\/wp\/v2\/posts\/35048\/revisions"}],"predecessor-version":[{"id":35051,"href":"https:\/\/diariotribuna.com.br\/index.php?rest_route=\/wp\/v2\/posts\/35048\/revisions\/35051"}],"wp:featuredmedia":[{"embeddable":true,"href":"https:\/\/diariotribuna.com.br\/index.php?rest_route=\/wp\/v2\/media\/35050"}],"wp:attachment":[{"href":"https:\/\/diariotribuna.com.br\/index.php?rest_route=%2Fwp%2Fv2%2Fmedia&parent=35048"}],"wp:term":[{"taxonomy":"category","embeddable":true,"href":"https:\/\/diariotribuna.com.br\/index.php?rest_route=%2Fwp%2Fv2%2Fcategories&post=35048"},{"taxonomy":"post_tag","embeddable":true,"href":"https:\/\/diariotribuna.com.br\/index.php?rest_route=%2Fwp%2Fv2%2Ftags&post=35048"}],"curies":[{"name":"wp","href":"https:\/\/api.w.org\/{rel}","templated":true}]}}