{"id":35052,"date":"2026-09-01T22:12:58","date_gmt":"2026-09-02T01:12:58","guid":{"rendered":"https:\/\/diariotribuna.com.br\/?p=35052"},"modified":"2026-09-01T22:12:59","modified_gmt":"2026-09-02T01:12:59","slug":"cafes-do-vale-do-mucuri-ganham-destaque-em-simposio-regional-realizado-em-teofilo-otoni","status":"publish","type":"post","link":"https:\/\/diariotribuna.com.br\/?p=35052","title":{"rendered":"Caf\u00e9s do Vale do Mucuri ganham destaque em simp\u00f3sio regional realizado em Te\u00f3filo Otoni"},"content":{"rendered":"\n<h2 class=\"wp-block-heading\"><sup><mark style=\"background-color:rgba(0, 0, 0, 0)\" class=\"has-inline-color has-cyan-bluish-gray-color\">Evento do Sebrae Minas apresentou os melhores caf\u00e9s da safra 2026, reuniu produtores de diferentes munic\u00edpios e marcou a mobiliza\u00e7\u00e3o da regi\u00e3o para ades\u00e3o ao fair trade<\/mark><\/sup><\/h2>\n\n\n<div class=\"wp-block-image\">\n<figure class=\"aligncenter size-large is-resized\"><img fetchpriority=\"high\" decoding=\"async\" width=\"1024\" height=\"576\" src=\"https:\/\/diariotribuna.com.br\/wp-content\/uploads\/2026\/09\/WhatsApp-Image-2026-08-31-at-18.25.52-1024x576.jpeg\" alt=\"\" class=\"wp-image-35053\" style=\"width:720px;height:auto\" srcset=\"https:\/\/diariotribuna.com.br\/wp-content\/uploads\/2026\/09\/WhatsApp-Image-2026-08-31-at-18.25.52-1024x576.jpeg 1024w, https:\/\/diariotribuna.com.br\/wp-content\/uploads\/2026\/09\/WhatsApp-Image-2026-08-31-at-18.25.52-300x169.jpeg 300w, https:\/\/diariotribuna.com.br\/wp-content\/uploads\/2026\/09\/WhatsApp-Image-2026-08-31-at-18.25.52-768x432.jpeg 768w, https:\/\/diariotribuna.com.br\/wp-content\/uploads\/2026\/09\/WhatsApp-Image-2026-08-31-at-18.25.52-1536x864.jpeg 1536w, https:\/\/diariotribuna.com.br\/wp-content\/uploads\/2026\/09\/WhatsApp-Image-2026-08-31-at-18.25.52-696x392.jpeg 696w, https:\/\/diariotribuna.com.br\/wp-content\/uploads\/2026\/09\/WhatsApp-Image-2026-08-31-at-18.25.52-1068x601.jpeg 1068w, https:\/\/diariotribuna.com.br\/wp-content\/uploads\/2026\/09\/WhatsApp-Image-2026-08-31-at-18.25.52-747x420.jpeg 747w, https:\/\/diariotribuna.com.br\/wp-content\/uploads\/2026\/09\/WhatsApp-Image-2026-08-31-at-18.25.52.jpeg 1600w\" sizes=\"(max-width: 1024px) 100vw, 1024px\" \/><\/figure><\/div>\n\n\n<p>Produtores de caf\u00e9 do Vale do Mucuri foram destaque durante o 1\u00ba Simp\u00f3sio Regional Qualidade dos Caf\u00e9s do Vale do Mucuri, realizado pelo Sebrae Minas na \u00faltima quinta-feira (27), em Te\u00f3filo Otoni.<\/p>\n\n\n\n<p>O encontro reuniu cafeicultores da regi\u00e3o para conhecer os resultados do trabalho de acompanhamento t\u00e9cnico realizado pela institui\u00e7\u00e3o ao longo da safra de 2026, com o objetivo de elevar a qualidade dos lotes e ampliar o acesso dos produtores a mercados mais exigentes. O evento tamb\u00e9m marcou a mobiliza\u00e7\u00e3o dos produtores da regi\u00e3o para ades\u00e3o ao fair trade, sistema de com\u00e9rcio justo que valoriza a produ\u00e7\u00e3o sustent\u00e1vel e melhores condi\u00e7\u00f5es para o produtor.<\/p>\n\n\n\n<p>As amostras dos cafeicultores que participaram da trilha de acompanhamento em 2026 foram avaliadas pela metodologia de an\u00e1lise sensorial da Specialty Coffee Association (SCA), que considera dez atributos: aroma, sabor, retrogosto, acidez, corpo, uniformidade, aus\u00eancia de defeitos, do\u00e7ura m\u00ednima, balan\u00e7o e conceito final.<\/p>\n\n\n\n<h2 class=\"wp-block-heading\"><strong><sup>Itambacuri vence na categoria Ar\u00e1bica<\/sup><\/strong><\/h2>\n\n\n\n<p>Na categoria Caf\u00e9 Ar\u00e1bica, o primeiro lugar ficou com Neidimar Macedo, de Itambacuri, com 85,5 pontos. O caf\u00e9 apresentou notas de frutas vermelhas, morango e framboesa, al\u00e9m de acidez m\u00e9dia e corpo licoroso.<\/p>\n\n\n\n<p>O segundo lugar foi conquistado por Eduardo Luiz Spadetto, tamb\u00e9m de Itambacuri, com 81,5 pontos. Washington Batista, de Ladainha, fechou o p\u00f3dio em terceiro, com 80 pontos.<\/p>\n\n\n\n<p><strong>Classifica\u00e7\u00e3o do Ar\u00e1bica:<\/strong><\/p>\n\n\n\n<ol class=\"wp-block-list\">\n<li>Neidimar Macedo \u2013 Itambacuri: 85,5 pontos<\/li>\n\n\n\n<li>Eduardo Luiz Spadetto \u2013 Itambacuri: 81,5 pontos<\/li>\n\n\n\n<li>Washington Batista \u2013 Ladainha: 80 pontos<\/li>\n<\/ol>\n\n\n\n<h2 class=\"wp-block-heading\"><strong><sup>Novo Oriente de Minas leva o primeiro lugar no Conilon<\/sup><\/strong><\/h2>\n\n\n\n<p>Entre os caf\u00e9s Conilon, o primeiro lugar ficou com o casal Robson Quaresma e Edcl\u00e9ia Gomes, de Novo Oriente de Minas, que somaram 86 pontos. O lote apresentou notas de a\u00e7\u00facar mascavo, floral, chocolate, caramelo e mela\u00e7o, com acidez m\u00e9dia e corpo macio.<\/p>\n\n\n\n<p>O segundo lugar foi de Fabio Junior Soares, de Pav\u00e3o, com 84,75 pontos. Elza Maria Soares, de Te\u00f3filo Otoni, fechou o p\u00f3dio em terceiro lugar, com 83,5 pontos.<\/p>\n\n\n\n<p><strong>Classifica\u00e7\u00e3o do Conilon:<\/strong><\/p>\n\n\n\n<ol class=\"wp-block-list\">\n<li>Robson Quaresma e Edcl\u00e9ia Gomes \u2013 Novo Oriente de Minas: 86 pontos<\/li>\n\n\n\n<li>Fabio Junior Soares \u2013 Pav\u00e3o: 84,75 pontos<\/li>\n\n\n\n<li>Elza Maria Soares \u2013 Te\u00f3filo Otoni: 83,5 pontos<\/li>\n<\/ol>\n\n\n\n<h2 class=\"wp-block-heading\"><strong><sup>Acompanhamento ocorreu durante toda a safra<\/sup><\/strong><\/h2>\n\n\n\n<p>O trabalho desenvolvido pelo Sebrae Minas foi dividido em quatro etapas. Na pr\u00e9-colheita, os t\u00e9cnicos visitaram as propriedades para avaliar o potencial produtivo, acompanhar a matura\u00e7\u00e3o dos frutos e a florada, verificar as estruturas de secagem e orientar o planejamento da colheita.<\/p>\n\n\n\n<p>Durante a colheita, os produtores receberam orienta\u00e7\u00f5es sobre sele\u00e7\u00e3o de frutos maduros, fermenta\u00e7\u00e3o, lavagem, manejo p\u00f3s-colheita e in\u00edcio da secagem. A terceira etapa acompanhou a secagem e o armazenamento dos gr\u00e3os, com aten\u00e7\u00e3o ao controle da umidade e \u00e0 preserva\u00e7\u00e3o da qualidade. Na \u00faltima fase, os caf\u00e9s foram submetidos \u00e0 an\u00e1lise sensorial, que definiu os resultados apresentados durante o simp\u00f3sio.<\/p>\n\n\n\n<h2 class=\"wp-block-heading\"><strong><sup>Qualidade dos caf\u00e9s ganha espa\u00e7o na regi\u00e3o<\/sup><\/strong><\/h2>\n\n\n\n<p>O evento apresentou os resultados da safra e destacou produtores de Itambacuri, Ladainha, Novo Oriente de Minas, Pav\u00e3o e Te\u00f3filo Otoni. Para o Sebrae Minas, o acompanhamento t\u00e9cnico busca contribuir para o aprimoramento da produ\u00e7\u00e3o e ampliar as possibilidades de inser\u00e7\u00e3o dos caf\u00e9s do Vale do Mucuri em mercados de maior valor agregado \u2014 refor\u00e7adas agora tamb\u00e9m pela mobiliza\u00e7\u00e3o em torno da certifica\u00e7\u00e3o de com\u00e9rcio justo.<\/p>\n\n\n\n<p><\/p>\n\n\n\n<blockquote class=\"wp-block-quote is-layout-flow wp-block-quote-is-layout-flow\">\n<p><em><strong>Por Raissa Yelena, com informa\u00e7\u00f5es do Sebrae Minas.<\/strong><\/em><\/p>\n<\/blockquote>\n\n\n\n<p><\/p>\n","protected":false},"excerpt":{"rendered":"<p>Evento do Sebrae Minas apresentou os melhores caf\u00e9s da safra 2026, reuniu produtores de diferentes munic\u00edpios e marcou a mobiliza\u00e7\u00e3o da regi\u00e3o para ades\u00e3o ao fair trade Produtores de caf\u00e9 do Vale do Mucuri foram destaque durante o 1\u00ba Simp\u00f3sio Regional Qualidade dos Caf\u00e9s do Vale do Mucuri, realizado pelo Sebrae Minas na \u00faltima quinta-feira [&hellip;]<\/p>\n","protected":false},"author":1,"featured_media":35053,"comment_status":"open","ping_status":"open","sticky":false,"template":"","format":"standard","meta":{"_editorskit_title_hidden":false,"_editorskit_reading_time":0,"_editorskit_is_block_options_detached":false,"_editorskit_block_options_position":"{}","amp_status":"","footnotes":""},"categories":[25,18],"tags":[],"class_list":["post-35052","post","type-post","status-publish","format-standard","has-post-thumbnail","hentry","category-destaque","category-regiao"],"_links":{"self":[{"href":"https:\/\/diariotribuna.com.br\/index.php?rest_route=\/wp\/v2\/posts\/35052"}],"collection":[{"href":"https:\/\/diariotribuna.com.br\/index.php?rest_route=\/wp\/v2\/posts"}],"about":[{"href":"https:\/\/diariotribuna.com.br\/index.php?rest_route=\/wp\/v2\/types\/post"}],"author":[{"embeddable":true,"href":"https:\/\/diariotribuna.com.br\/index.php?rest_route=\/wp\/v2\/users\/1"}],"replies":[{"embeddable":true,"href":"https:\/\/diariotribuna.com.br\/index.php?rest_route=%2Fwp%2Fv2%2Fcomments&post=35052"}],"version-history":[{"count":1,"href":"https:\/\/diariotribuna.com.br\/index.php?rest_route=\/wp\/v2\/posts\/35052\/revisions"}],"predecessor-version":[{"id":35054,"href":"https:\/\/diariotribuna.com.br\/index.php?rest_route=\/wp\/v2\/posts\/35052\/revisions\/35054"}],"wp:featuredmedia":[{"embeddable":true,"href":"https:\/\/diariotribuna.com.br\/index.php?rest_route=\/wp\/v2\/media\/35053"}],"wp:attachment":[{"href":"https:\/\/diariotribuna.com.br\/index.php?rest_route=%2Fwp%2Fv2%2Fmedia&parent=35052"}],"wp:term":[{"taxonomy":"category","embeddable":true,"href":"https:\/\/diariotribuna.com.br\/index.php?rest_route=%2Fwp%2Fv2%2Fcategories&post=35052"},{"taxonomy":"post_tag","embeddable":true,"href":"https:\/\/diariotribuna.com.br\/index.php?rest_route=%2Fwp%2Fv2%2Ftags&post=35052"}],"curies":[{"name":"wp","href":"https:\/\/api.w.org\/{rel}","templated":true}]}}