{"id":35060,"date":"2026-09-02T10:24:00","date_gmt":"2026-09-02T13:24:00","guid":{"rendered":"https:\/\/diariotribuna.com.br\/?p=35060"},"modified":"2026-09-02T11:27:43","modified_gmt":"2026-09-02T14:27:43","slug":"moradores-divulgam-videos-de-corpos-sendo-manipulados-a-ceu-aberto-no-cemiterio-municipal","status":"publish","type":"post","link":"https:\/\/diariotribuna.com.br\/?p=35060","title":{"rendered":"Moradores divulgam v\u00eddeos de corpos sendo manipulados a c\u00e9u aberto no Cemit\u00e9rio Municipal"},"content":{"rendered":"\n<h2 class=\"wp-block-heading\"><sup><mark style=\"background-color:rgba(0, 0, 0, 0)\" class=\"has-inline-color has-cyan-bluish-gray-color\">Imagens registradas no entorno do local geraram inc\u00f4modo e questionamentos sobre os procedimentos realizados nas proximidades dos jazigos<\/mark><\/sup><\/h2>\n\n\n<div class=\"wp-block-image\">\n<figure class=\"aligncenter size-full is-resized\"><img fetchpriority=\"high\" decoding=\"async\" width=\"982\" height=\"551\" src=\"https:\/\/diariotribuna.com.br\/wp-content\/uploads\/2026\/09\/cemiterio.jpg\" alt=\"\" class=\"wp-image-35061\" style=\"width:757px;height:auto\" srcset=\"https:\/\/diariotribuna.com.br\/wp-content\/uploads\/2026\/09\/cemiterio.jpg 982w, https:\/\/diariotribuna.com.br\/wp-content\/uploads\/2026\/09\/cemiterio-300x168.jpg 300w, https:\/\/diariotribuna.com.br\/wp-content\/uploads\/2026\/09\/cemiterio-768x431.jpg 768w, https:\/\/diariotribuna.com.br\/wp-content\/uploads\/2026\/09\/cemiterio-696x391.jpg 696w, https:\/\/diariotribuna.com.br\/wp-content\/uploads\/2026\/09\/cemiterio-749x420.jpg 749w\" sizes=\"(max-width: 982px) 100vw, 982px\" \/><figcaption class=\"wp-element-caption\">(Reprodu\u00e7\u00e3o\/Redes Sociais)<br><br><\/figcaption><\/figure><\/div>\n\n\n<p>V\u00eddeos registrados por moradores do entorno do Cemit\u00e9rio Municipal, chamaram aten\u00e7\u00e3o para procedimentos envolvendo cad\u00e1veres realizados nas proximidades dos jazigos.<\/p>\n\n\n\n<p>As imagens mostram profissionais utilizando jalecos, luvas e m\u00e1scaras durante a manipula\u00e7\u00e3o de corpos \u2014 em uma das grava\u00e7\u00f5es, \u00e9 poss\u00edvel observar um procedimento envolvendo a retirada de parte da perna de um cad\u00e1ver. Tamb\u00e9m aparecem ve\u00edculos de transporte funer\u00e1rio estacionados pr\u00f3ximos aos t\u00famulos, que, segundo moradores, acabam sendo improvisados como superf\u00edcie de trabalho.<\/p>\n\n\n\n<p>A situa\u00e7\u00e3o provocou indigna\u00e7\u00e3o entre os moradores da regi\u00e3o, que questionam as condi\u00e7\u00f5es em que os procedimentos estariam sendo realizados.<\/p>\n\n\n\n<p><strong>IML afirma que imagens mostram exuma\u00e7\u00f5es<\/strong><\/p>\n\n\n\n<p>Um auxiliar do m\u00e9dico-legista do IML de Te\u00f3filo Otoni afirmou que os procedimentos registrados nas imagens seriam exuma\u00e7\u00f5es, e n\u00e3o necropsias. Segundo o profissional, durante uma exuma\u00e7\u00e3o o corpo \u00e9 retirado do jazigo e o procedimento pode ocorrer ao lado da sepultura \u2014 ele negou que necropsias sejam realizadas sobre os t\u00famulos.<\/p>\n\n\n\n<p><strong>Pol\u00edcia Civil explica funcionamento<\/strong><\/p>\n\n\n\n<p>Em nota, a Pol\u00edcia Civil de Minas Gerais (PCMG) informou que os exames cadav\u00e9ricos realizados em Te\u00f3filo Otoni s\u00e3o executados exclusivamente por m\u00e9dicos-legistas oficiais, com acompanhamento t\u00e9cnico de auxiliares de necropsia. A corpora\u00e7\u00e3o tamb\u00e9m confirmou que o Instituto M\u00e9dico-Legal funciona junto ao Cemit\u00e9rio Municipal.<\/p>\n\n\n\n<p>De acordo com a PCMG, em situa\u00e7\u00f5es de maior complexidade \u2014 ou quando ocorre um evento com m\u00faltiplas v\u00edtimas fatais que ultrapasse a infraestrutura e a capacidade de resposta da unidade local \u2014, uma for\u00e7a-tarefa de apoio pode ser acionada. Nesses casos excepcionais, segundo a corpora\u00e7\u00e3o, podem ser utilizadas estruturas provis\u00f3rias adaptadas para a realiza\u00e7\u00e3o dos exames, seguindo os padr\u00f5es t\u00e9cnicos necess\u00e1rios para identifica\u00e7\u00e3o e an\u00e1lise dos corpos.<\/p>\n\n\n\n<p><strong>O que mostram as imagens<\/strong><\/p>\n\n\n\n<p>As grava\u00e7\u00f5es que motivaram a den\u00fancia mostram profissionais trabalhando com equipamentos de prote\u00e7\u00e3o individual e cad\u00e1veres posicionados nas proximidades dos jazigos. Embora moradores tenham levantado a possibilidade de que se tratasse de necropsias realizadas de maneira inadequada, n\u00e3o h\u00e1 confirma\u00e7\u00e3o, nas informa\u00e7\u00f5es divulgadas at\u00e9 o momento, de que os procedimentos registrados sejam necropsias irregulares.<\/p>\n\n\n\n<p>A vers\u00e3o apresentada pelo IML \u00e9 de que as imagens correspondem a procedimentos de exuma\u00e7\u00e3o, enquanto a PCMG explicou que, em circunst\u00e2ncias excepcionais, estruturas provis\u00f3rias podem ser utilizadas para exames cadav\u00e9ricos. <\/p>\n\n\n\n<p>O espa\u00e7o permanece aberto para manifesta\u00e7\u00e3o da administra\u00e7\u00e3o municipal.<br><\/p>\n\n\n\n<blockquote class=\"wp-block-quote is-layout-flow wp-block-quote-is-layout-flow\">\n<p><strong><em>Com informa\u00e7\u00f5es do BHAZ.<\/em><\/strong><\/p>\n<\/blockquote>\n","protected":false},"excerpt":{"rendered":"<p>Imagens registradas no entorno do local geraram inc\u00f4modo e questionamentos sobre os procedimentos realizados nas proximidades dos jazigos V\u00eddeos registrados por moradores do entorno do Cemit\u00e9rio Municipal, chamaram aten\u00e7\u00e3o para procedimentos envolvendo cad\u00e1veres realizados nas proximidades dos jazigos. As imagens mostram profissionais utilizando jalecos, luvas e m\u00e1scaras durante a manipula\u00e7\u00e3o de corpos \u2014 em uma [&hellip;]<\/p>\n","protected":false},"author":1,"featured_media":35061,"comment_status":"open","ping_status":"open","sticky":false,"template":"","format":"standard","meta":{"_editorskit_title_hidden":false,"_editorskit_reading_time":0,"_editorskit_is_block_options_detached":false,"_editorskit_block_options_position":"{}","amp_status":"","footnotes":""},"categories":[25,17],"tags":[],"class_list":["post-35060","post","type-post","status-publish","format-standard","has-post-thumbnail","hentry","category-destaque","category-teofilootoni"],"_links":{"self":[{"href":"https:\/\/diariotribuna.com.br\/index.php?rest_route=\/wp\/v2\/posts\/35060"}],"collection":[{"href":"https:\/\/diariotribuna.com.br\/index.php?rest_route=\/wp\/v2\/posts"}],"about":[{"href":"https:\/\/diariotribuna.com.br\/index.php?rest_route=\/wp\/v2\/types\/post"}],"author":[{"embeddable":true,"href":"https:\/\/diariotribuna.com.br\/index.php?rest_route=\/wp\/v2\/users\/1"}],"replies":[{"embeddable":true,"href":"https:\/\/diariotribuna.com.br\/index.php?rest_route=%2Fwp%2Fv2%2Fcomments&post=35060"}],"version-history":[{"count":8,"href":"https:\/\/diariotribuna.com.br\/index.php?rest_route=\/wp\/v2\/posts\/35060\/revisions"}],"predecessor-version":[{"id":35071,"href":"https:\/\/diariotribuna.com.br\/index.php?rest_route=\/wp\/v2\/posts\/35060\/revisions\/35071"}],"wp:featuredmedia":[{"embeddable":true,"href":"https:\/\/diariotribuna.com.br\/index.php?rest_route=\/wp\/v2\/media\/35061"}],"wp:attachment":[{"href":"https:\/\/diariotribuna.com.br\/index.php?rest_route=%2Fwp%2Fv2%2Fmedia&parent=35060"}],"wp:term":[{"taxonomy":"category","embeddable":true,"href":"https:\/\/diariotribuna.com.br\/index.php?rest_route=%2Fwp%2Fv2%2Fcategories&post=35060"},{"taxonomy":"post_tag","embeddable":true,"href":"https:\/\/diariotribuna.com.br\/index.php?rest_route=%2Fwp%2Fv2%2Ftags&post=35060"}],"curies":[{"name":"wp","href":"https:\/\/api.w.org\/{rel}","templated":true}]}}