{"id":35075,"date":"2026-09-02T12:04:05","date_gmt":"2026-09-02T15:04:05","guid":{"rendered":"https:\/\/diariotribuna.com.br\/?p=35075"},"modified":"2026-09-02T12:04:05","modified_gmt":"2026-09-02T15:04:05","slug":"multinacional-kohler-fecha-unidade-em-andradas","status":"publish","type":"post","link":"https:\/\/diariotribuna.com.br\/?p=35075","title":{"rendered":"Multinacional Kohler fecha unidade em Andradas\u00a0"},"content":{"rendered":"<p><em><span>Foto: Divulga\u00e7\u00e3o<\/span><\/em><\/p>\n<p><strong><span>COLUNA MG<\/span><\/strong><br \/><span>Principais destaques dos jornais e portais integrantes da Rede Sindijori MG<\/span><br \/><span><a href=\"https:\/\/www.sindijorimg.com.br\/\">www.sindijorimg.com.br<\/a><\/span><\/p>\n<p><strong><span><\/span><\/strong><\/p>\n<p><strong><span>Multinacional Kohler fecha unidade no sul\u00a0<\/span><\/strong><br \/><span>A multinacional de lou\u00e7as e metais Kohler anunciou o fim das atividades de sua unidade fabril em Andradas-MG e a descontinua\u00e7\u00e3o da marca Fiori. O encerramento das opera\u00e7\u00f5es ocorreu em 31 de agosto, resultando na demiss\u00e3o de mais de 400 colaboradores. A companhia justificou a medida como parte de um realinhamento estrat\u00e9gico global para focar no mercado premium e de luxo, otimizando recursos e direcionando investimentos para \u00e1reas de maior rentabilidade. (Jornal da Regi\u00e3o)<\/span><br \/><span><a href=\"https:\/\/www.jornaldaregiaoonline.com.br\/multinacional-kohler-fecha-unidade-em-mg-e-corta-mais-de-400-empregos-no-brasil\">https:\/\/www.jornaldaregiaoonline.com.br\/multinacional-kohler-fecha-unidade-em-mg-e-corta-mais-de-400-empregos-no-brasil<\/a><\/span><\/p>\n<p><strong><span><\/span><\/strong><\/p>\n<p><strong><span>Ja\u00edba busca parceria com hospital<\/span><\/strong><br \/><span>A Prefeitura de Ja\u00edba busca ampliar a parceria com o Hospital do C\u00e2ncer de Jana\u00faba para fortalecer o atendimento aos pacientes oncol\u00f3gicos do munic\u00edpio e facilitar o acesso aos servi\u00e7os especializados oferecidos na regi\u00e3o. A iniciativa foi discutida durante uma visita t\u00e9cnica realizada pelo secret\u00e1rio municipal de Sa\u00fade, Welton Luiz, conhecido como Eltin, \u00e0 unidade hospitalar. Durante a visita, o secret\u00e1rio conheceu as instala\u00e7\u00f5es do hospital e participou de discuss\u00f5es sobre estrat\u00e9gias para aprimorar o fluxo de atendimento dos pacientes de Ja\u00edba encaminhados para tratamento oncol\u00f3gico. (Gazeta Norte Mineira)<\/span><br \/><span><a href=\"https:\/\/gazetanm.com.br\/jaiba-busca-ampliar-parceria-com-hospital-do-cancer-para-fortalecer-atendimento-oncologico\/\">https:\/\/gazetanm.com.br\/jaiba-busca-ampliar-parceria-com-hospital-do-cancer-para-fortalecer-atendimento-oncologico\/<\/a><\/span><\/p>\n<p><span><\/span><\/p>\n<p><strong><span>Ramal ferrovi\u00e1rio inclu\u00eddo no edital<\/span><\/strong><br \/><span>Varginha acompanha com expectativa um novo avan\u00e7o no processo de concess\u00e3o do Corredor Ferrovi\u00e1rio Minas-Rio. A Ag\u00eancia Nacional de Transportes Terrestres (ANTT) aprovou, na quinta-feira (27\/8), a vers\u00e3o definitiva do edital de concess\u00e3o do corredor, que possui aproximadamente 733 quil\u00f4metros de extens\u00e3o e atualmente \u00e9 operado pela Ferrovia Centro-Atl\u00e2ntica (FCA). O projeto prev\u00ea a divis\u00e3o da malha ferrovi\u00e1ria em dois lotes. Um deles contempla o trecho entre Iguatama (MG) e Barra Mansa (RJ), incluindo o ramal ferrovi\u00e1rio que liga Varginha a Lavras. (Gazeta de Varginha)<\/span><br \/><span><a href=\"https:\/\/www.gazetadevarginha.com.br\/post\/concess%C3%A3o-do-corredor-minas-rio-avan%C3%A7a-e-ramal-varginha-lavras-est%C3%A1-inclu%C3%ADdo-no-projeto\">https:\/\/www.gazetadevarginha.com.br\/post\/concess%C3%A3o-do-corredor-minas-rio-avan%C3%A7a-e-ramal-varginha-lavras-est%C3%A1-inclu%C3%ADdo-no-projeto<\/a><\/span><\/p>\n<p><strong><span><\/span><\/strong><\/p>\n<p><strong><span>Orienta\u00e7\u00e3o sobre carreira na 69\u00aa Expo Muria\u00e9<\/span><\/strong><br \/><span>Quem passar pela 69\u00aa Exposi\u00e7\u00e3o Agropecu\u00e1ria de Muria\u00e9 (Expo Muria\u00e9), entre os dias 2 e 7 de setembro, ter\u00e1 mais um espa\u00e7o para incluir no roteiro pelo Parque de Exposi\u00e7\u00f5es. A Faminas, uma das patrocinadoras desta edi\u00e7\u00e3o, estar\u00e1 no espa\u00e7o Fenamata com um stand voltado tanto a quem deseja conhecer novas possibilidades profissionais quanto a quem busca informa\u00e7\u00f5es sobre sa\u00fade e cuidados com os animais. (Gazeta de Muria\u00e9)<\/span><br \/><span><a href=\"https:\/\/gazetademuriae.com.br\/noticia\/detalhe\/16350\/faminas-leva-orientacao-sobre-carreira-e-saude-animal-a-69a-expo-muriae-\">https:\/\/gazetademuriae.com.br\/noticia\/detalhe\/16350\/faminas-leva-orientacao-sobre-carreira-e-saude-animal-a-69a-expo-muriae-<\/a><\/span><\/p>\n<p><strong><span><\/span><\/strong><\/p>\n<p><strong><span>C\u00e2mara aprova Guarda em Vi\u00e7osa<\/span><\/strong><br \/><span>De autoria da prefeitura, a medida que cria e organiza a Guarda Civil Municipal em Vi\u00e7osa foi aprovada em definitivo na C\u00e2mara Municipal nesta segunda-feira, 31, durante reuni\u00e3o ordin\u00e1ria. Na ocasi\u00e3o, sete vereadores votaram a favor e tr\u00eas contra, com quatro ausentes. A medida segue agora para a san\u00e7\u00e3o do Executivo. (Folha da Mata)<\/span><br \/><span><a href=\"https:\/\/www.folhadamata.com.br\/prefeitura-tem-caminho-livre-para-implantar-a-guarda-civil-em-vicosa\">https:\/\/www.folhadamata.com.br\/prefeitura-tem-caminho-livre-para-implantar-a-guarda-civil-em-vicosa<\/a><\/span><\/p>\n<p><strong><span><\/span><\/strong><\/p>\n<p><strong><span>Queijos da Cruz\u00edlia acumulam 161 medalhas<\/span><\/strong><br \/><span>Os queijos autorais da Cruz\u00edlia acumulam reconhecimento em concursos nacionais e internacionais e integram a trajet\u00f3ria da marca, que completa 78 anos em 2026. Segundo a empresa, s\u00e3o 161 medalhas conquistadas por produtos desenvolvidos a partir de refer\u00eancias da queijaria europeia e das caracter\u00edsticas da Serra da Mantiqueira. A hist\u00f3ria da Cruz\u00edlia come\u00e7ou em 1948, com uma pequena banca no Mercado Municipal de S\u00e3o Paulo. No final da d\u00e9cada de 1980, a empresa inaugurou um latic\u00ednio pr\u00f3prio em Cruz\u00edlia, no sul de Minas Gerais (MG Turismo)<\/span><br \/><span><a href=\"https:\/\/mgturismo.com.br\/queijos-autorais-da-cruzilia\/\">https:\/\/mgturismo.com.br\/queijos-autorais-da-cruzilia\/<\/a><\/span><\/p>\n<p><span><\/span><\/p>\n<p><strong><span>Arcos vai revisar plano diretor<\/span><\/strong><br \/><span>A Prefeitura de Arcos anunciou a realiza\u00e7\u00e3o da 1\u00aa Audi\u00eancia P\u00fablica para a Revis\u00e3o do Plano Diretor do munic\u00edpio. O encontro ser\u00e1 realizado no dia 17 de setembro, \u00e0s 18h30, na C\u00e2mara Municipal de Arcos, com participa\u00e7\u00e3o aberta \u00e0 popula\u00e7\u00e3o. A audi\u00eancia dever\u00e1 abrir espa\u00e7o para que moradores, representantes de entidades e outros segmentos da sociedade apresentem sugest\u00f5es e participem das discuss\u00f5es sobre o planejamento urbano do munic\u00edpio. \u00a0(Correio do Centro Oeste)<\/span><br \/><span><a href=\"https:\/\/www.jornalcco.com.br\/arcos-tera-audiencia-publica-para-revisao-do-plano-diretor\">https:\/\/www.jornalcco.com.br\/arcos-tera-audiencia-publica-para-revisao-do-plano-diretor<\/a><\/span><\/p>\n<p><span><\/span><\/p>\n<p>\u00a0<\/p>","protected":false},"excerpt":{"rendered":"<p>Foto: Divulga\u00e7\u00e3o COLUNA MGPrincipais destaques dos jornais e portais integrantes da Rede Sindijori MGwww.sindijorimg.com.br Multinacional Kohler fecha unidade no sul\u00a0A multinacional de lou\u00e7as e metais Kohler anunciou o fim das atividades de sua unidade fabril em Andradas-MG e a descontinua\u00e7\u00e3o da marca Fiori. O encerramento das opera\u00e7\u00f5es ocorreu em 31 de agosto, resultando na demiss\u00e3o [&hellip;]<\/p>\n","protected":false},"author":0,"featured_media":35076,"comment_status":"open","ping_status":"open","sticky":false,"template":"","format":"standard","meta":{"_editorskit_title_hidden":false,"_editorskit_reading_time":0,"_editorskit_is_block_options_detached":false,"_editorskit_block_options_position":"{}","amp_status":"","footnotes":""},"categories":[6745],"tags":[],"class_list":["post-35075","post","type-post","status-publish","format-standard","has-post-thumbnail","hentry","category-coluna-sindijori"],"_links":{"self":[{"href":"https:\/\/diariotribuna.com.br\/index.php?rest_route=\/wp\/v2\/posts\/35075"}],"collection":[{"href":"https:\/\/diariotribuna.com.br\/index.php?rest_route=\/wp\/v2\/posts"}],"about":[{"href":"https:\/\/diariotribuna.com.br\/index.php?rest_route=\/wp\/v2\/types\/post"}],"replies":[{"embeddable":true,"href":"https:\/\/diariotribuna.com.br\/index.php?rest_route=%2Fwp%2Fv2%2Fcomments&post=35075"}],"version-history":[{"count":0,"href":"https:\/\/diariotribuna.com.br\/index.php?rest_route=\/wp\/v2\/posts\/35075\/revisions"}],"wp:featuredmedia":[{"embeddable":true,"href":"https:\/\/diariotribuna.com.br\/index.php?rest_route=\/wp\/v2\/media\/35076"}],"wp:attachment":[{"href":"https:\/\/diariotribuna.com.br\/index.php?rest_route=%2Fwp%2Fv2%2Fmedia&parent=35075"}],"wp:term":[{"taxonomy":"category","embeddable":true,"href":"https:\/\/diariotribuna.com.br\/index.php?rest_route=%2Fwp%2Fv2%2Fcategories&post=35075"},{"taxonomy":"post_tag","embeddable":true,"href":"https:\/\/diariotribuna.com.br\/index.php?rest_route=%2Fwp%2Fv2%2Ftags&post=35075"}],"curies":[{"name":"wp","href":"https:\/\/api.w.org\/{rel}","templated":true}]}}