{"id":35104,"date":"2026-09-03T16:57:05","date_gmt":"2026-09-03T19:57:05","guid":{"rendered":"https:\/\/diariotribuna.com.br\/?p=35104"},"modified":"2026-09-03T16:58:40","modified_gmt":"2026-09-03T19:58:40","slug":"dupla-encapuzada-invade-casa-e-mata-homem-com-varios-tiros-em-itambacuri","status":"publish","type":"post","link":"https:\/\/diariotribuna.com.br\/?p=35104","title":{"rendered":"Dupla encapuzada invade casa e mata homem com v\u00e1rios tiros em Itambacuri"},"content":{"rendered":"\n<h2 class=\"wp-block-heading\"><sup><mark style=\"background-color:rgba(0, 0, 0, 0)\" class=\"has-inline-color has-cyan-bluish-gray-color\">V\u00edtima foi encontrada morta nos fundos da resid\u00eancia; c\u00e2meras registraram suspeitos correndo para o im\u00f3vel e cerca de nove estampidos de disparos<\/mark><\/sup><\/h2>\n\n\n\n<p>Um homem foi morto a tiros ap\u00f3s ter a resid\u00eancia invadida por dois homens encapuzados, na noite desta ter\u00e7a-feira (1\u00ba), no bairro Vila Coqueiros, em Itambacuri. A v\u00edtima foi identificada como Rangel Cl\u00e1udio de Deus Correia.<\/p>\n\n\n\n<p>Segundo a Pol\u00edcia Militar, os policiais foram acionados ap\u00f3s moradores relatarem disparos de arma de fogo. Ao chegarem ao im\u00f3vel, encontraram Rangel ca\u00eddo nos fundos da casa, com diversas perfura\u00e7\u00f5es pelo corpo e sem sinais vitais. Na entrada da resid\u00eancia, os militares localizaram dois cartuchos deflagrados.<\/p>\n\n\n<div class=\"wp-block-image\">\n<figure class=\"aligncenter size-large is-resized\"><img fetchpriority=\"high\" decoding=\"async\" width=\"1024\" height=\"576\" src=\"https:\/\/diariotribuna.com.br\/wp-content\/uploads\/2026\/09\/ChatGPT-Image-3-de-set.-de-2026-16_55_08-1024x576.png\" alt=\"\" class=\"wp-image-35105\" style=\"width:521px;height:auto\" srcset=\"https:\/\/diariotribuna.com.br\/wp-content\/uploads\/2026\/09\/ChatGPT-Image-3-de-set.-de-2026-16_55_08-1024x576.png 1024w, https:\/\/diariotribuna.com.br\/wp-content\/uploads\/2026\/09\/ChatGPT-Image-3-de-set.-de-2026-16_55_08-300x169.png 300w, https:\/\/diariotribuna.com.br\/wp-content\/uploads\/2026\/09\/ChatGPT-Image-3-de-set.-de-2026-16_55_08-768x432.png 768w, https:\/\/diariotribuna.com.br\/wp-content\/uploads\/2026\/09\/ChatGPT-Image-3-de-set.-de-2026-16_55_08-1536x864.png 1536w, https:\/\/diariotribuna.com.br\/wp-content\/uploads\/2026\/09\/ChatGPT-Image-3-de-set.-de-2026-16_55_08-696x392.png 696w, https:\/\/diariotribuna.com.br\/wp-content\/uploads\/2026\/09\/ChatGPT-Image-3-de-set.-de-2026-16_55_08-1068x601.png 1068w, https:\/\/diariotribuna.com.br\/wp-content\/uploads\/2026\/09\/ChatGPT-Image-3-de-set.-de-2026-16_55_08-746x420.png 746w, https:\/\/diariotribuna.com.br\/wp-content\/uploads\/2026\/09\/ChatGPT-Image-3-de-set.-de-2026-16_55_08.png 1672w\" sizes=\"(max-width: 1024px) 100vw, 1024px\" \/><\/figure><\/div>\n\n\n<h2 class=\"wp-block-heading\"><strong><sup>Suspeitos arrombaram a porta<\/sup><\/strong><\/h2>\n\n\n\n<p>A companheira da v\u00edtima contou aos policiais que estava dormindo quando ouviu barulhos semelhantes a tiros. Ao se levantar, encontrou Rangel ferido e ca\u00eddo nos fundos da resid\u00eancia.<\/p>\n\n\n\n<p>Um vizinho relatou \u00e0 PM que estava na porta de casa quando percebeu dois homens vestidos com roupas escuras e usando capuzes correndo em dire\u00e7\u00e3o ao im\u00f3vel. Segundo a testemunha, a dupla arrombou a porta com chutes e entrou na resid\u00eancia \u2014 logo depois, foram ouvidos v\u00e1rios disparos. Ap\u00f3s o ataque, os suspeitos fugiram em dire\u00e7\u00e3o a uma \u00e1rea de mata pr\u00f3xima ao c\u00f3rrego que passa pela rua.<\/p>\n\n\n\n<h2 class=\"wp-block-heading\"><strong><sup>C\u00e2meras registraram movimenta\u00e7\u00e3o<\/sup><\/strong><\/h2>\n\n\n\n<p>Durante o atendimento da ocorr\u00eancia, os policiais tiveram acesso a imagens de uma c\u00e2mera de seguran\u00e7a instalada em uma resid\u00eancia em frente ao local do crime. As grava\u00e7\u00f5es mostram duas pessoas correndo em dire\u00e7\u00e3o \u00e0 casa da v\u00edtima e registram aproximadamente nove estampidos semelhantes a disparos de arma de fogo. Segundo a PM, no entanto, a baixa qualidade das imagens n\u00e3o permitiu identificar os suspeitos.<\/p>\n\n\n\n<h2 class=\"wp-block-heading\"><strong><sup>V\u00edtima respondia a processo<\/sup><\/strong><\/h2>\n\n\n\n<p>Durante o registro da ocorr\u00eancia, a companheira de Rangel informou aos policiais que ele era egresso do sistema prisional, utilizava tornozeleira eletr\u00f4nica e respondia a um processo por estupro de vulner\u00e1vel. Segundo o relato apresentado \u00e0 PM, a pr\u00f3pria mulher seria a v\u00edtima desse processo \u2014 ela informou ainda que os dois haviam retomado o relacionamento posteriormente.<\/p>\n\n\n\n<p>Ainda conforme a ocorr\u00eancia, no dia do crime Rangel teria ido at\u00e9 Te\u00f3filo Otoni para entregar a tornozeleira eletr\u00f4nica. Depois de retornar para casa, entrou na resid\u00eancia e se deitou. Pouco tempo depois, os disparos foram ouvidos.<\/p>\n\n\n\n<h2 class=\"wp-block-heading\"><strong><sup>Per\u00edcia encontrou sete perfura\u00e7\u00f5es<\/sup><\/strong><\/h2>\n\n\n\n<p>A per\u00edcia da Pol\u00edcia Civil esteve no im\u00f3vel e constatou inicialmente sete perfura\u00e7\u00f5es no corpo da v\u00edtima. Ap\u00f3s os trabalhos periciais, o corpo foi encaminhado ao Instituto M\u00e9dico-Legal (IML) de Te\u00f3filo Otoni.<\/p>\n\n\n\n<p>A Pol\u00edcia Militar informou que recebeu informa\u00e7\u00f5es sobre um poss\u00edvel suspeito e realizou uma abordagem. At\u00e9 o momento, por\u00e9m, n\u00e3o foram encontrados elementos que comprovassem a participa\u00e7\u00e3o dele no homic\u00eddio. Ningu\u00e9m foi preso.<\/p>\n\n\n\n<p>O caso ser\u00e1 investigado pela Pol\u00edcia Civil, que dever\u00e1 apurar a autoria, a motiva\u00e7\u00e3o e as circunst\u00e2ncias do assassinato.<\/p>\n","protected":false},"excerpt":{"rendered":"<p>V\u00edtima foi encontrada morta nos fundos da resid\u00eancia; c\u00e2meras registraram suspeitos correndo para o im\u00f3vel e cerca de nove estampidos de disparos Um homem foi morto a tiros ap\u00f3s ter a resid\u00eancia invadida por dois homens encapuzados, na noite desta ter\u00e7a-feira (1\u00ba), no bairro Vila Coqueiros, em Itambacuri. A v\u00edtima foi identificada como Rangel Cl\u00e1udio [&hellip;]<\/p>\n","protected":false},"author":1,"featured_media":35105,"comment_status":"open","ping_status":"open","sticky":false,"template":"","format":"standard","meta":{"_editorskit_title_hidden":false,"_editorskit_reading_time":0,"_editorskit_is_block_options_detached":false,"_editorskit_block_options_position":"{}","footnotes":""},"categories":[25,20],"tags":[],"class_list":["post-35104","post","type-post","status-publish","format-standard","has-post-thumbnail","hentry","category-destaque","category-policia"],"_links":{"self":[{"href":"https:\/\/diariotribuna.com.br\/index.php?rest_route=\/wp\/v2\/posts\/35104"}],"collection":[{"href":"https:\/\/diariotribuna.com.br\/index.php?rest_route=\/wp\/v2\/posts"}],"about":[{"href":"https:\/\/diariotribuna.com.br\/index.php?rest_route=\/wp\/v2\/types\/post"}],"author":[{"embeddable":true,"href":"https:\/\/diariotribuna.com.br\/index.php?rest_route=\/wp\/v2\/users\/1"}],"replies":[{"embeddable":true,"href":"https:\/\/diariotribuna.com.br\/index.php?rest_route=%2Fwp%2Fv2%2Fcomments&post=35104"}],"version-history":[{"count":1,"href":"https:\/\/diariotribuna.com.br\/index.php?rest_route=\/wp\/v2\/posts\/35104\/revisions"}],"predecessor-version":[{"id":35106,"href":"https:\/\/diariotribuna.com.br\/index.php?rest_route=\/wp\/v2\/posts\/35104\/revisions\/35106"}],"wp:featuredmedia":[{"embeddable":true,"href":"https:\/\/diariotribuna.com.br\/index.php?rest_route=\/wp\/v2\/media\/35105"}],"wp:attachment":[{"href":"https:\/\/diariotribuna.com.br\/index.php?rest_route=%2Fwp%2Fv2%2Fmedia&parent=35104"}],"wp:term":[{"taxonomy":"category","embeddable":true,"href":"https:\/\/diariotribuna.com.br\/index.php?rest_route=%2Fwp%2Fv2%2Fcategories&post=35104"},{"taxonomy":"post_tag","embeddable":true,"href":"https:\/\/diariotribuna.com.br\/index.php?rest_route=%2Fwp%2Fv2%2Ftags&post=35104"}],"curies":[{"name":"wp","href":"https:\/\/api.w.org\/{rel}","templated":true}]}}