{"id":35115,"date":"2026-09-04T12:17:10","date_gmt":"2026-09-04T15:17:10","guid":{"rendered":"https:\/\/diariotribuna.com.br\/?p=35115"},"modified":"2026-09-04T12:17:12","modified_gmt":"2026-09-04T15:17:12","slug":"operacao-da-independencia-2026-reforca-fiscalizacao-nas-rodovias-de-mg","status":"publish","type":"post","link":"https:\/\/diariotribuna.com.br\/?p=35115","title":{"rendered":"Opera\u00e7\u00e3o da Independ\u00eancia 2026 refor\u00e7a fiscaliza\u00e7\u00e3o nas rodovias de MG"},"content":{"rendered":"\n<h2 class=\"wp-block-heading\"><sup><mark style=\"background-color:rgba(0, 0, 0, 0)\" class=\"has-inline-color has-cyan-bluish-gray-color\">PM Rodovi\u00e1ria espera aumento no fluxo de ve\u00edculos durante o feriado e intensifica a\u00e7\u00f5es contra infra\u00e7\u00f5es de tr\u00e2nsito e crimes nas estradas da regi\u00e3o<\/mark><\/sup><\/h2>\n\n\n\n<p>A Pol\u00edcia Militar Rodovi\u00e1ria deu in\u00edcio a Opera\u00e7\u00e3o da Independ\u00eancia 2026, que refor\u00e7a a fiscaliza\u00e7\u00e3o nas rodovias de Minas Gerais entre esta sexta-feira (4) e a pr\u00f3xima segunda-feira (7), per\u00edodo do feriado da Independ\u00eancia do Brasil. A corpora\u00e7\u00e3o prev\u00ea aumento no movimento de ve\u00edculos, principalmente nos hor\u00e1rios de sa\u00edda e retorno do feriado, e concentra parte das equipes no Norte de Minas, no Centro de Minas e no Vale do Jequitinhonha \u2014 regi\u00e3o que inclui parte da \u00e1rea de cobertura do Di\u00e1rio Tribuna.<\/p>\n\n\n<div class=\"wp-block-image\">\n<figure class=\"aligncenter size-full is-resized\"><img fetchpriority=\"high\" decoding=\"async\" width=\"906\" height=\"542\" src=\"https:\/\/diariotribuna.com.br\/wp-content\/uploads\/2026\/09\/transito-BRs-MG.jpg\" alt=\"\" class=\"wp-image-35116\" style=\"width:654px;height:auto\" srcset=\"https:\/\/diariotribuna.com.br\/wp-content\/uploads\/2026\/09\/transito-BRs-MG.jpg 906w, https:\/\/diariotribuna.com.br\/wp-content\/uploads\/2026\/09\/transito-BRs-MG-300x179.jpg 300w, https:\/\/diariotribuna.com.br\/wp-content\/uploads\/2026\/09\/transito-BRs-MG-768x459.jpg 768w, https:\/\/diariotribuna.com.br\/wp-content\/uploads\/2026\/09\/transito-BRs-MG-696x416.jpg 696w, https:\/\/diariotribuna.com.br\/wp-content\/uploads\/2026\/09\/transito-BRs-MG-702x420.jpg 702w\" sizes=\"(max-width: 906px) 100vw, 906px\" \/><figcaption class=\"wp-element-caption\"><sub>(foto: Alexandre Guzanshe\/EM\/D.A Press)<\/sub><\/figcaption><\/figure><\/div>\n\n\n<h2 class=\"wp-block-heading\"><strong><sup>Foco em infra\u00e7\u00f5es de tr\u00e2nsito<\/sup><\/strong><\/h2>\n\n\n\n<p>Durante a opera\u00e7\u00e3o, os policiais v\u00e3o intensificar a fiscaliza\u00e7\u00e3o de infra\u00e7\u00f5es que costumam se repetir em per\u00edodos de feriado, como:<\/p>\n\n\n\n<ul class=\"wp-block-list\">\n<li>ultrapassagens em locais proibidos;<\/li>\n\n\n\n<li>excesso de velocidade;<\/li>\n\n\n\n<li>dire\u00e7\u00e3o ap\u00f3s o consumo de \u00e1lcool;<\/li>\n\n\n\n<li>uso de celular ao volante;<\/li>\n\n\n\n<li>falta do uso do cinto de seguran\u00e7a;<\/li>\n\n\n\n<li>transporte inadequado de crian\u00e7as.<\/li>\n<\/ul>\n\n\n\n<p>Al\u00e9m da fiscaliza\u00e7\u00e3o de tr\u00e2nsito, as equipes tamb\u00e9m v\u00e3o atuar no combate \u00e0 criminalidade nas estradas, com a\u00e7\u00f5es voltadas \u00e0 identifica\u00e7\u00e3o e recupera\u00e7\u00e3o de ve\u00edculos furtados ou roubados e \u00e0 apreens\u00e3o de drogas, armas e outras mercadorias ilegais.<\/p>\n\n\n\n<h2 class=\"wp-block-heading\"><strong><sup>Restri\u00e7\u00e3o para ve\u00edculos de carga<\/sup><\/strong><\/h2>\n\n\n\n<p>Durante o feriado, rodovias federais de pista simples ter\u00e3o restri\u00e7\u00e3o de hor\u00e1rio para a circula\u00e7\u00e3o de determinados ve\u00edculos de carga. A medida vale para ve\u00edculos ou combina\u00e7\u00f5es de ve\u00edculos \u2014 com ou sem Autoriza\u00e7\u00e3o Especial de Tr\u00e2nsito (AET) ou Autoriza\u00e7\u00e3o Espec\u00edfica (AE) \u2014 que ultrapassem pelo menos um destes limites:<\/p>\n\n\n\n<ul class=\"wp-block-list\">\n<li>2,6 metros de largura;<\/li>\n\n\n\n<li>4,4 metros de altura;<\/li>\n\n\n\n<li>19,8 metros de comprimento;<\/li>\n\n\n\n<li>58,5 toneladas de Peso Bruto Total Combinado (PBTC).<\/li>\n<\/ul>\n\n\n\n<p>Segundo a PM Rodovi\u00e1ria, a restri\u00e7\u00e3o tem o objetivo de reduzir o impacto desses ve\u00edculos nos hor\u00e1rios de maior movimento, contribuindo para a seguran\u00e7a e a fluidez do tr\u00e2nsito nas estradas.<\/p>\n\n\n\n<h2 class=\"wp-block-heading\"><strong>Hor\u00e1rios da restri\u00e7\u00e3o:<\/strong><\/h2>\n\n\n\n<ul class=\"wp-block-list\">\n<li>Sexta-feira (4): das 16h \u00e0s 22h<\/li>\n\n\n\n<li>S\u00e1bado (5): das 6h \u00e0s 12h<\/li>\n\n\n\n<li>Segunda-feira (7): das 16h \u00e0s 22h<\/li>\n<\/ul>\n\n\n\n<h2 class=\"wp-block-heading\"><strong><sup>Recomenda\u00e7\u00f5es aos motoristas<\/sup><\/strong><\/h2>\n\n\n\n<p>A orienta\u00e7\u00e3o da corpora\u00e7\u00e3o \u00e9 que os condutores redobrem a aten\u00e7\u00e3o durante o feriado, respeitem os limites de velocidade, evitem ultrapassagens de risco e n\u00e3o dirijam ap\u00f3s consumir bebida alco\u00f3lica. A PM Rodovi\u00e1ria recomenda ainda que os motoristas fa\u00e7am uma revis\u00e3o b\u00e1sica do ve\u00edculo antes de viajar e planejem os deslocamentos levando em conta os hor\u00e1rios de maior movimento nas rodovias.<\/p>\n","protected":false},"excerpt":{"rendered":"<p>PM Rodovi\u00e1ria espera aumento no fluxo de ve\u00edculos durante o feriado e intensifica a\u00e7\u00f5es contra infra\u00e7\u00f5es de tr\u00e2nsito e crimes nas estradas da regi\u00e3o A Pol\u00edcia Militar Rodovi\u00e1ria deu in\u00edcio a Opera\u00e7\u00e3o da Independ\u00eancia 2026, que refor\u00e7a a fiscaliza\u00e7\u00e3o nas rodovias de Minas Gerais entre esta sexta-feira (4) e a pr\u00f3xima segunda-feira (7), per\u00edodo do [&hellip;]<\/p>\n","protected":false},"author":1,"featured_media":0,"comment_status":"open","ping_status":"open","sticky":false,"template":"","format":"standard","meta":{"_editorskit_title_hidden":false,"_editorskit_reading_time":0,"_editorskit_is_block_options_detached":false,"_editorskit_block_options_position":"{}","footnotes":""},"categories":[1],"tags":[],"class_list":["post-35115","post","type-post","status-publish","format-standard","hentry","category-sem-categoria"],"_links":{"self":[{"href":"https:\/\/diariotribuna.com.br\/index.php?rest_route=\/wp\/v2\/posts\/35115"}],"collection":[{"href":"https:\/\/diariotribuna.com.br\/index.php?rest_route=\/wp\/v2\/posts"}],"about":[{"href":"https:\/\/diariotribuna.com.br\/index.php?rest_route=\/wp\/v2\/types\/post"}],"author":[{"embeddable":true,"href":"https:\/\/diariotribuna.com.br\/index.php?rest_route=\/wp\/v2\/users\/1"}],"replies":[{"embeddable":true,"href":"https:\/\/diariotribuna.com.br\/index.php?rest_route=%2Fwp%2Fv2%2Fcomments&post=35115"}],"version-history":[{"count":1,"href":"https:\/\/diariotribuna.com.br\/index.php?rest_route=\/wp\/v2\/posts\/35115\/revisions"}],"predecessor-version":[{"id":35117,"href":"https:\/\/diariotribuna.com.br\/index.php?rest_route=\/wp\/v2\/posts\/35115\/revisions\/35117"}],"wp:attachment":[{"href":"https:\/\/diariotribuna.com.br\/index.php?rest_route=%2Fwp%2Fv2%2Fmedia&parent=35115"}],"wp:term":[{"taxonomy":"category","embeddable":true,"href":"https:\/\/diariotribuna.com.br\/index.php?rest_route=%2Fwp%2Fv2%2Fcategories&post=35115"},{"taxonomy":"post_tag","embeddable":true,"href":"https:\/\/diariotribuna.com.br\/index.php?rest_route=%2Fwp%2Fv2%2Ftags&post=35115"}],"curies":[{"name":"wp","href":"https:\/\/api.w.org\/{rel}","templated":true}]}}