{"id":35118,"date":"2026-09-04T11:45:08","date_gmt":"2026-09-04T14:45:08","guid":{"rendered":"https:\/\/diariotribuna.com.br\/?p=35118"},"modified":"2026-09-04T11:45:08","modified_gmt":"2026-09-04T14:45:08","slug":"mg-050-lidera-acidentes-entre-rodovias-estaduais","status":"publish","type":"post","link":"https:\/\/diariotribuna.com.br\/?p=35118","title":{"rendered":"MG-050 lidera acidentes entre rodovias estaduais\u00a0"},"content":{"rendered":"<p><em><span>Foto: Reprodu\u00e7\u00e3o CCO<\/span><\/em><\/p>\n<p><strong><span>COLUNA MG<\/span><\/strong><br \/><span>Principais destaques dos jornais e portais integrantes da Rede Sindijori MG<\/span><br \/><span><a href=\"https:\/\/www.sindijorimg.com.br\/\">www.sindijorimg.com.br<\/a><\/span><\/p>\n<p><strong><span><\/span><\/strong><\/p>\n<p><strong><span>MG-050 lidera acidentes entre rodovias estaduais<\/span><\/strong><br \/><span>A MG-050 foi a rodovia estadual de Minas Gerais com o maior n\u00famero de sinistros de tr\u00e2nsito registrados no primeiro semestre de 2026. Entre janeiro e junho, foram contabilizados 847 sinistros, 218 pessoas feridas e 22 mortes. Os n\u00fameros foram compilados a partir de dados da Pol\u00edcia Rodovi\u00e1ria e da Secretaria de Estado de Justi\u00e7a e Seguran\u00e7a P\u00fablica de Minas Gerais. Na compara\u00e7\u00e3o com o primeiro semestre de 2025, quando foram registrados 768 sinistros na MG-050, houve aumento de 10,3% nas ocorr\u00eancias. O n\u00famero de feridos passou de 215 para 218, crescimento de 1,4%. (Correio do Centro Oeste)<\/span><br \/><span><a href=\"https:\/\/www.jornalcco.com.br\/mg-050-lidera-acidentes-entre-rodovias-estaduais-de-minas\">https:\/\/www.jornalcco.com.br\/mg-050-lidera-acidentes-entre-rodovias-estaduais-de-minas<\/a><\/span><\/p>\n<p><strong><span><\/span><\/strong><\/p>\n<p><strong><span>Cunha \u00e9 barrado e Anderson enfrenta batalha<\/span><\/strong><br \/><span>A decis\u00e3o do Tribunal Regional Eleitoral de Minas Gerais de considerar Eduardo Cunha ineleg\u00edvel e indeferir seu registro de candidatura a deputado federal coloca ainda mais aten\u00e7\u00e3o sobre outra disputa jur\u00eddica que movimenta a elei\u00e7\u00e3o em Minas Gerais: o pedido de registro de Anderson Adauto. Os dois casos t\u00eam diferen\u00e7as importantes e n\u00e3o podem ser tratados como situa\u00e7\u00f5es id\u00eanticas. Existe, por\u00e9m, um ponto jur\u00eddico em comum: a discuss\u00e3o sobre os efeitos da Lei Complementar n\u00ba 219\/2025, que modificou regras de inelegibilidade. (Jornal de Uberaba)<\/span><br \/><span><a href=\"https:\/\/www.jornaldeuberaba.com.br\/noticia\/163564\/cunha-e-barrado-agora-anderson-enfrenta-batalha-decisiva-no-tre\">https:\/\/www.jornaldeuberaba.com.br\/noticia\/163564\/cunha-e-barrado-agora-anderson-enfrenta-batalha-decisiva-no-tre<\/a><\/span><\/p>\n<p><strong><span><\/span><\/strong><\/p>\n<p><strong><span>Fabriciano lan\u00e7a Refloresta Fabri<\/span><\/strong><br \/><span>A Prefeitura de Coronel Fabriciano lan\u00e7ou nesta quarta-feira (2) o Refloresta Fabri, programa criado para promover a recupera\u00e7\u00e3o de \u00e1reas degradadas, ampliar a cobertura vegetal e fortalecer as a\u00e7\u00f5es de preserva\u00e7\u00e3o ambiental no munic\u00edpio. A iniciativa prev\u00ea o plantio de quase 500 mil mudas de esp\u00e9cies nativas em uma \u00e1rea de 452 hectares, equivalente a aproximadamente 1.050 campos de futebol. O programa re\u00fane a\u00e7\u00f5es de reflorestamento, prote\u00e7\u00e3o de nascentes, educa\u00e7\u00e3o ambiental e forma\u00e7\u00e3o de parcerias entre o poder p\u00fablico, iniciativa privada, institui\u00e7\u00f5es de ensino, organiza\u00e7\u00f5es da sociedade civil e comunidades. (Portal Carlos Souto)<\/span><br \/><span><a href=\"https:\/\/www.portalcarlossouto.com.br\/noticias\/regional\/coronel-fabriciano\/coronel-fabriciano-lanca-refloresta-fabri-e-preve-plantio-de-quase-500-mil-mudas-nativas\/\">https:\/\/www.portalcarlossouto.com.br\/noticias\/regional\/coronel-fabriciano\/coronel-fabriciano-lanca-refloresta-fabri-e-preve-plantio-de-quase-500-mil-mudas-nativas\/<\/a><\/span><\/p>\n<p><strong><span><\/span><\/strong><\/p>\n<p><strong><span>Tri\u00e2ngulo entra na rota de expans\u00e3o da Triumph<\/span><\/strong><br \/><span>Com concession\u00e1rias Triumph em Belo Horizonte e em Juiz de Fora, o Grupo BHR assumiu oficialmente a gest\u00e3o da autorizada da marca brit\u00e2nica de motos em Uberl\u00e2ndia, no Tri\u00e2ngulo Mineiro, e marcou a nova fase da concession\u00e1ria com uma reinaugura\u00e7\u00e3o aberta ao p\u00fablico no \u00faltumo dia 29 de agosto. A nova gest\u00e3o chega com uma estrutura renovada e a proposta de reproduzir na cidade o modelo de atendimento adotado pelo Grupo BHR nas suas outras opera\u00e7\u00f5es. A concession\u00e1ria passa a oferecer atendimento especializado, servi\u00e7os de p\u00f3s-venda e acesso ao portf\u00f3lio da fabricante brit\u00e2nica, incluindo os lan\u00e7amentos mais recentes. (Cidade Conecta)<\/span><br \/><span><a href=\"https:\/\/www.cidadeconecta.com\/noticias\/velocidade\/triangulo-mineiro-entra-na-rota-de-expansao-da-triumph\/\">https:\/\/www.cidadeconecta.com\/noticias\/velocidade\/triangulo-mineiro-entra-na-rota-de-expansao-da-triumph\/<\/a><\/span><\/p>\n<p><strong><span><\/span><\/strong><\/p>\n<p><strong><span>S\u00e3o Gon\u00e7alo tem a primeira CacauTech<\/span><\/strong><br \/><span>A Fral\u00eda Cacau Brasil est\u00e1 inovando na forma de abordagem industrial de seu principal \u00a0produto. \u201cA pergunta que n\u00e3o quer calar \u00e9: ser\u00e1 que estamos tratando o cacau com o tamanho \u00a0do futuro que ele realmente merece?\u201d, afirma Matheus Pedrosa dos Reis, CEO da Fral\u00eda, \u00a0sediada em S\u00e3o Gon\u00e7alo do Rio Abaixo, na regi\u00e3o do Vale do A\u00e7o. A empresa inovou ao apresentar um manifesto no formato audiovisual defendendo que \u00a0ind\u00fastria do cacau precisa deixar de olhar s\u00f3 para a am\u00eandoa, que hoje significa entre 6% e 10% do fruto. (Portal Silmara de Freitas)<\/span><br \/><span><a href=\"https:\/\/www.silmaradefreitas.com.br\/industria-de-sao-goncalo-do-rio-abaixo-e-a-primeira-cacautech-do-mundo\/\">https:\/\/www.silmaradefreitas.com.br\/industria-de-sao-goncalo-do-rio-abaixo-e-a-primeira-cacautech-do-mundo\/<\/a><\/span><\/p>\n<p><strong><span><\/span><\/strong><\/p>\n<p><strong><span>Maria Fuma\u00e7a tem 14 viagens durante o feriado\u00a0<\/span><\/strong><br \/><span>O trem tur\u00edstico de Tiradentes \u00e9 uma das poucas m\u00e1quinas a vapor ainda em opera\u00e7\u00e3o no mundo e a mais antiga do Brasil. A locomotiva liga as duas cidades hist\u00f3ricas em um percurso de 12 km. Entre os dias 4 e 7 de setembro, ser\u00e3o sete partidas de S\u00e3o Jo\u00e3o del-Rei para Tiradentes e outras sete de Tiradentes para S\u00e3o Jo\u00e3o del-Rei. Em caso de alta demanda, novos hor\u00e1rios podem ser adicionados. Entre esta sexta-feira (4) e segunda-feira (7), ser\u00e3o sete partidas de S\u00e3o Jo\u00e3o del-Rei para Tiradentes e outras sete no sentido contr\u00e1rio. Em caso de alta demanda, novos hor\u00e1rios poder\u00e3o ser acrescentados. (Portal 14 B)<\/span><br \/><span><a href=\"https:\/\/portal14b.com.br\/Publicacao.aspx?id=695180\">https:\/\/portal14b.com.br\/Publicacao.aspx?id=695180<\/a><\/span><\/p>\n<p><span><\/span><\/p>\n<p>\u00a0<\/p>","protected":false},"excerpt":{"rendered":"<p>Foto: Reprodu\u00e7\u00e3o CCO COLUNA MGPrincipais destaques dos jornais e portais integrantes da Rede Sindijori MGwww.sindijorimg.com.br MG-050 lidera acidentes entre rodovias estaduaisA MG-050 foi a rodovia estadual de Minas Gerais com o maior n\u00famero de sinistros de tr\u00e2nsito registrados no primeiro semestre de 2026. Entre janeiro e junho, foram contabilizados 847 sinistros, 218 pessoas feridas e [&hellip;]<\/p>\n","protected":false},"author":0,"featured_media":35119,"comment_status":"open","ping_status":"open","sticky":false,"template":"","format":"standard","meta":{"_editorskit_title_hidden":false,"_editorskit_reading_time":0,"_editorskit_is_block_options_detached":false,"_editorskit_block_options_position":"{}","footnotes":""},"categories":[6745],"tags":[],"class_list":["post-35118","post","type-post","status-publish","format-standard","has-post-thumbnail","hentry","category-coluna-sindijori"],"_links":{"self":[{"href":"https:\/\/diariotribuna.com.br\/index.php?rest_route=\/wp\/v2\/posts\/35118"}],"collection":[{"href":"https:\/\/diariotribuna.com.br\/index.php?rest_route=\/wp\/v2\/posts"}],"about":[{"href":"https:\/\/diariotribuna.com.br\/index.php?rest_route=\/wp\/v2\/types\/post"}],"replies":[{"embeddable":true,"href":"https:\/\/diariotribuna.com.br\/index.php?rest_route=%2Fwp%2Fv2%2Fcomments&post=35118"}],"version-history":[{"count":0,"href":"https:\/\/diariotribuna.com.br\/index.php?rest_route=\/wp\/v2\/posts\/35118\/revisions"}],"wp:featuredmedia":[{"embeddable":true,"href":"https:\/\/diariotribuna.com.br\/index.php?rest_route=\/wp\/v2\/media\/35119"}],"wp:attachment":[{"href":"https:\/\/diariotribuna.com.br\/index.php?rest_route=%2Fwp%2Fv2%2Fmedia&parent=35118"}],"wp:term":[{"taxonomy":"category","embeddable":true,"href":"https:\/\/diariotribuna.com.br\/index.php?rest_route=%2Fwp%2Fv2%2Fcategories&post=35118"},{"taxonomy":"post_tag","embeddable":true,"href":"https:\/\/diariotribuna.com.br\/index.php?rest_route=%2Fwp%2Fv2%2Ftags&post=35118"}],"curies":[{"name":"wp","href":"https:\/\/api.w.org\/{rel}","templated":true}]}}