{"id":35122,"date":"2026-09-05T12:04:14","date_gmt":"2026-09-05T15:04:14","guid":{"rendered":"https:\/\/diariotribuna.com.br\/?p=35122"},"modified":"2026-09-05T12:04:14","modified_gmt":"2026-09-05T15:04:14","slug":"tres-coracoes-compra-a-yoki-e-kitano","status":"publish","type":"post","link":"https:\/\/diariotribuna.com.br\/?p=35122","title":{"rendered":"Tr\u00eas Cora\u00e7\u00f5es compra a Yoki e Kitano\u00a0\u00a0"},"content":{"rendered":"<p><em><span>Foto: Divulga\u00e7\u00e3o General Mills<\/span><\/em><\/p>\n<p><strong><span>COLUNA MG<\/span><\/strong><br \/><span>Principais destaques dos jornais e portais integrantes da Rede Sindijori MG<\/span><br \/><span><a href=\"https:\/\/www.sindijorimg.com.br\/\">www.sindijorimg.com.br<\/a><\/span><\/p>\n<p><strong><span><\/span><\/strong><\/p>\n<p><strong><span>Tr\u00eas Cora\u00e7\u00f5es compra a Yoki e Kitano\u00a0<\/span><\/strong><br \/><span>O Grupo 3cora\u00e7\u00f5es, dono da marca de caf\u00e9 Tr\u00eas Cora\u00e7\u00f5es, concluiu, na quarta-feira (2), a aquisi\u00e7\u00e3o das opera\u00e7\u00f5es da General Mills no Brasil, incluindo as marcas Yoki e Kitano. Com a incorpora\u00e7\u00e3o, a empresa passa a contar com 12,7 mil funcion\u00e1rios e presen\u00e7a em mais de 600 mil pontos de venda em todo o Pa\u00eds. A opera\u00e7\u00e3o havia sido anunciada em mar\u00e7o deste ano, com valor estimado de R$ 800 milh\u00f5es. \u00a0A aquisi\u00e7\u00e3o inclui ainda instala\u00e7\u00f5es da General Mills, como a unidade produtiva de Pouso Alegre. Tamb\u00e9m fazem parte da opera\u00e7\u00e3o o escrit\u00f3rio administrativo em S\u00e3o Bernardo do Campo (SP) e outra unidade produtiva em Campo Novo do Parecis (Di\u00e1rio do Com\u00e9rcio).<\/span><br \/><span><a href=\"https:\/\/diariodocomercio.com.br\/negocios\/tres-coracoes-yoki-kitano\/\">https:\/\/diariodocomercio.com.br\/negocios\/tres-coracoes-yoki-kitano\/<\/a><\/span><\/p>\n<p><strong><span><\/span><\/strong><\/p>\n<p><strong><span>Produtores ter\u00e3o mais calc\u00e1rio<\/span><\/strong><br \/><span>Os produtores rurais de Patroc\u00ednio ter\u00e3o mais calc\u00e1rio \u00e0 disposi\u00e7\u00e3o em 2026. A quantidade distribu\u00edda pelo munic\u00edpio subiu de 5 mil para 7 mil toneladas, um aumento de 40% em rela\u00e7\u00e3o ao ano passado. Outra mudan\u00e7a est\u00e1 na cota individual. Em 2025, cada produtor podia receber at\u00e9 9 toneladas. Neste ano, o limite passou para 13 toneladas, conforme os crit\u00e9rios do programa. A distribui\u00e7\u00e3o das requisi\u00e7\u00f5es j\u00e1 come\u00e7ou e \u00e9 organizada com a participa\u00e7\u00e3o dos 35 Conselhos Comunit\u00e1rios, que indicam os produtores aptos a receber o insumo. (Jornal de Patroc\u00ednio)<\/span><br \/><span><a href=\"https:\/\/www.jornaldepatrocinio.com\/produtores-de-patrocinio-poderao-receber-ate-13-toneladas-de-calcario\">https:\/\/www.jornaldepatrocinio.com\/produtores-de-patrocinio-poderao-receber-ate-13-toneladas-de-calcario<\/a><\/span><\/p>\n<p><strong><span><\/span><\/strong><\/p>\n<p><strong><span>Sarna faz Prefeitura suspender desfile<\/span><\/strong><br \/><span>A Prefeitura de Alfenas emitiu nota\u00a0 comunicando a popula\u00e7\u00e3o sobre a suspens\u00e3o do Desfile C\u00edvico de 7 de Setembro, como uma das medidas de preven\u00e7\u00e3o e controle da transmiss\u00e3o de escabiose humana (sarna), que vem registrando casos na cidade no meio escolar nas \u00faltimas semanas, atingindo principalmente alunos e profissionais de educa\u00e7\u00e3o. Ser\u00e1 realizado apenas um ato c\u00edvico com presen\u00e7a de autoridades na Pra\u00e7a Get\u00falio Vargas em frente a Matriz de S\u00e3o Jos\u00e9 e Dores para o hasteamento das bandeiras, enfatizando a data de independ\u00eancia do Brasil. (Observo)<\/span><br \/><span><a href=\"https:\/\/www.observo.com.br\/surto-de-sarna-faz-prefeitura-suspender-desfile-de-7-de-setembro\">https:\/\/www.observo.com.br\/surto-de-sarna-faz-prefeitura-suspender-desfile-de-7-de-setembro<\/a><\/span><\/p>\n<p><span><\/span><\/p>\n<p><strong><span>BR-040 ganha ponto gratuito para descanso\u00a0<\/span><\/strong><br \/><span>Caminhoneiros que trafegam pela BR-040 passar\u00e3o a contar, a partir deste s\u00e1bado (5), com um novo espa\u00e7o gratuito para descanso em Caranda\u00ed, na Regi\u00e3o Central de Minas Gerais. A EPR Via Mineira inicia, \u00e0s 7h, a opera\u00e7\u00e3o do primeiro Ponto de Parada e Descanso (PPD) para motoristas profissionais da rodovia no Brasil. A estrutura ocupa uma \u00e1rea de 26 mil metros quadrados e disp\u00f5e de 69 vagas para caminh\u00f5es. O espa\u00e7o oferece gratuitamente refeit\u00f3rio, banheiros, vesti\u00e1rios, bebedouros e acesso \u00e0 internet por wi-fi, al\u00e9m de monitoramento durante 24 horas. (Por Dentro de Minas)<\/span><br \/><span><a href=\"https:\/\/pordentrodeminas.com.br\/noticias\/gerais\/2026\/09\/br-040-ganha-primeiro-ponto-gratuito-para-descanso-de-caminhoneiros-no-brasil\/?utm_source=whatsapp&amp;utm_medium=Refer%C3%AAncia&amp;utm_term=noticias\">https:\/\/pordentrodeminas.com.br\/noticias\/gerais\/2026\/09\/br-040-ganha-primeiro-ponto-gratuito-para-descanso-de-caminhoneiros-no-brasil\/?utm_source=whatsapp&amp;utm_medium=Refer%C3%AAncia&amp;utm_term=noticias<\/a><\/span><\/p>\n<p><strong><span><\/span><\/strong><\/p>\n<p><strong><span>Mutir\u00e3o retira fios em Divin\u00f3polis<\/span><\/strong><br \/><span>Cerca de 60 quilos de fios e cabos de telefonia e internet sem uso foram retirados dos postes da avenida Primeiro de Junho, em Divin\u00f3polis, durante o primeiro mutir\u00e3o realizado pela Prefeitura para organizar o cabeamento da cidade. A a\u00e7\u00e3o ocorreu no s\u00e1bado, 29, e deve se repetir a cada 15 dias. O trabalho reuniu equipes das empresas de internet, al\u00e9m de representante da Cemig, por meio da Eletropontes. A iniciativa foi articulada com o objetivo de retirar estruturas que n\u00e3o est\u00e3o mais em funcionamento e reduzir a polui\u00e7\u00e3o visual e os riscos provocados pelo excesso de cabos nos postes. (Jornal Agora)<\/span><br \/><span><a href=\"https:\/\/agoracomvoce.com.br\/noticia\/mutirao-retira-cerca-de-60-quilos-de-cabos-sem-uso-em-divinopolis\">https:\/\/agoracomvoce.com.br\/noticia\/mutirao-retira-cerca-de-60-quilos-de-cabos-sem-uso-em-divinopolis<\/a><\/span><\/p>\n<p><span><\/span><\/p>\n<p><strong><span>Feira re\u00fane panificadores em Montes Claros<\/span><\/strong><br \/><span>A primeira edi\u00e7\u00e3o da Panicon \u2013 Feira da Panifica\u00e7\u00e3o encerrou sua programa\u00e7\u00e3o com saldo positivo e a perspectiva de se consolidar como um dos principais eventos do setor no Norte de Minas. Realizada durante dois dias, em Montes Claros, a feira reuniu cerca de 600 participantes, entre empres\u00e1rios, profissionais, fornecedores e representantes de grandes marcas dos segmentos de panifica\u00e7\u00e3o, confeitaria e alimenta\u00e7\u00e3o. O evento contou ainda com aproximadamente 20 expositores, que apresentaram produtos, equipamentos, insumos, tecnologias e solu\u00e7\u00f5es destinadas a empresas de diferentes portes. Al\u00e9m da exposi\u00e7\u00e3o, a programa\u00e7\u00e3o criou um ambiente para troca de experi\u00eancias, aproxima\u00e7\u00e3o entre fornecedores e empreendedores e gera\u00e7\u00e3o de novas oportunidades comerciais. (Gazeta Norte Mineira)<\/span><br \/><span><a href=\"https:\/\/gazetanm.com.br\/panicon-encerra-primeira-edicao-com-600-participantes-e-fortalece-setor-da-panificacao-no-norte-de-minas\/\">https:\/\/gazetanm.com.br\/panicon-encerra-primeira-edicao-com-600-participantes-e-fortalece-setor-da-panificacao-no-norte-de-minas\/<\/a><\/span><\/p>\n<p><span><\/span><\/p>\n<p>\u00a0<\/p>","protected":false},"excerpt":{"rendered":"<p>Foto: Divulga\u00e7\u00e3o General Mills COLUNA MGPrincipais destaques dos jornais e portais integrantes da Rede Sindijori MGwww.sindijorimg.com.br Tr\u00eas Cora\u00e7\u00f5es compra a Yoki e Kitano\u00a0O Grupo 3cora\u00e7\u00f5es, dono da marca de caf\u00e9 Tr\u00eas Cora\u00e7\u00f5es, concluiu, na quarta-feira (2), a aquisi\u00e7\u00e3o das opera\u00e7\u00f5es da General Mills no Brasil, incluindo as marcas Yoki e Kitano. Com a incorpora\u00e7\u00e3o, a [&hellip;]<\/p>\n","protected":false},"author":0,"featured_media":35123,"comment_status":"open","ping_status":"open","sticky":false,"template":"","format":"standard","meta":{"_editorskit_title_hidden":false,"_editorskit_reading_time":0,"_editorskit_is_block_options_detached":false,"_editorskit_block_options_position":"{}","footnotes":""},"categories":[6745],"tags":[],"class_list":["post-35122","post","type-post","status-publish","format-standard","has-post-thumbnail","hentry","category-coluna-sindijori"],"_links":{"self":[{"href":"https:\/\/diariotribuna.com.br\/index.php?rest_route=\/wp\/v2\/posts\/35122"}],"collection":[{"href":"https:\/\/diariotribuna.com.br\/index.php?rest_route=\/wp\/v2\/posts"}],"about":[{"href":"https:\/\/diariotribuna.com.br\/index.php?rest_route=\/wp\/v2\/types\/post"}],"replies":[{"embeddable":true,"href":"https:\/\/diariotribuna.com.br\/index.php?rest_route=%2Fwp%2Fv2%2Fcomments&post=35122"}],"version-history":[{"count":0,"href":"https:\/\/diariotribuna.com.br\/index.php?rest_route=\/wp\/v2\/posts\/35122\/revisions"}],"wp:featuredmedia":[{"embeddable":true,"href":"https:\/\/diariotribuna.com.br\/index.php?rest_route=\/wp\/v2\/media\/35123"}],"wp:attachment":[{"href":"https:\/\/diariotribuna.com.br\/index.php?rest_route=%2Fwp%2Fv2%2Fmedia&parent=35122"}],"wp:term":[{"taxonomy":"category","embeddable":true,"href":"https:\/\/diariotribuna.com.br\/index.php?rest_route=%2Fwp%2Fv2%2Fcategories&post=35122"},{"taxonomy":"post_tag","embeddable":true,"href":"https:\/\/diariotribuna.com.br\/index.php?rest_route=%2Fwp%2Fv2%2Ftags&post=35122"}],"curies":[{"name":"wp","href":"https:\/\/api.w.org\/{rel}","templated":true}]}}