{"id":35124,"date":"2026-09-06T18:14:55","date_gmt":"2026-09-06T21:14:55","guid":{"rendered":"https:\/\/diariotribuna.com.br\/?p=35124"},"modified":"2026-09-06T18:14:57","modified_gmt":"2026-09-06T21:14:57","slug":"mulher-morre-e-duas-pessoas-ficam-feridas-apos-carro-da-prefeitura-de-jequitinhonha-capotar-na-br-116","status":"publish","type":"post","link":"https:\/\/diariotribuna.com.br\/?p=35124","title":{"rendered":"Mulher morre e duas pessoas ficam feridas ap\u00f3s carro da Prefeitura de Jequitinhonha capotar na BR-116"},"content":{"rendered":"\n<h2 class=\"wp-block-heading\"><sup><mark style=\"background-color:rgba(0, 0, 0, 0)\" class=\"has-inline-color has-cyan-bluish-gray-color\">Ve\u00edculo retornava de Te\u00f3filo Otoni, onde uma das passageiras havia realizado tratamento oncol\u00f3gico; acidente aconteceu em Ponto dos Volantes<\/mark><\/sup><\/h2>\n\n\n\n<p>Uma mulher morreu e outras duas pessoas ficaram feridas ap\u00f3s um carro da Secretaria Municipal de Sa\u00fade de Jequitinhonha sair da pista e capotar na BR-116, em Ponto dos Volantes, no Vale do Jequitinhonha. O acidente aconteceu na tarde da \u00faltima quinta-feira (3).<\/p>\n\n\n<div class=\"wp-block-image\">\n<figure class=\"aligncenter size-full is-resized\"><img fetchpriority=\"high\" decoding=\"async\" width=\"984\" height=\"738\" src=\"https:\/\/diariotribuna.com.br\/wp-content\/uploads\/2026\/09\/WhatsApp-Image-2026-09-05-at-13.53.34.jpeg\" alt=\"\" class=\"wp-image-35125\" style=\"width:565px;height:auto\" srcset=\"https:\/\/diariotribuna.com.br\/wp-content\/uploads\/2026\/09\/WhatsApp-Image-2026-09-05-at-13.53.34.jpeg 984w, https:\/\/diariotribuna.com.br\/wp-content\/uploads\/2026\/09\/WhatsApp-Image-2026-09-05-at-13.53.34-300x225.jpeg 300w, https:\/\/diariotribuna.com.br\/wp-content\/uploads\/2026\/09\/WhatsApp-Image-2026-09-05-at-13.53.34-768x576.jpeg 768w, https:\/\/diariotribuna.com.br\/wp-content\/uploads\/2026\/09\/WhatsApp-Image-2026-09-05-at-13.53.34-80x60.jpeg 80w, https:\/\/diariotribuna.com.br\/wp-content\/uploads\/2026\/09\/WhatsApp-Image-2026-09-05-at-13.53.34-265x198.jpeg 265w, https:\/\/diariotribuna.com.br\/wp-content\/uploads\/2026\/09\/WhatsApp-Image-2026-09-05-at-13.53.34-696x522.jpeg 696w, https:\/\/diariotribuna.com.br\/wp-content\/uploads\/2026\/09\/WhatsApp-Image-2026-09-05-at-13.53.34-560x420.jpeg 560w\" sizes=\"(max-width: 984px) 100vw, 984px\" \/><\/figure><\/div>\n\n\n<p>Segundo a Pol\u00edcia Rodovi\u00e1ria Federal (PRF), o ve\u00edculo retornava de Te\u00f3filo Otoni, onde uma das passageiras havia realizado tratamento oncol\u00f3gico. No autom\u00f3vel estavam a paciente, uma acompanhante e o motorista. A acompanhante, identificada como Edna Aparecida, morreu no local. A paciente e o condutor sofreram ferimentos leves.<\/p>\n\n\n\n<h2 class=\"wp-block-heading\"><strong><sub>V\u00edtimas foram socorridas<\/sub><\/strong><\/h2>\n\n\n\n<p>As duas pessoas feridas receberam atendimento de equipes do Samu e foram encaminhadas para um hospital em Itaobim.<\/p>\n\n\n\n<p>As circunst\u00e2ncias do acidente ainda ser\u00e3o investigadas. At\u00e9 o momento, n\u00e3o foram divulgadas informa\u00e7\u00f5es que apontem o que teria provocado a sa\u00edda do ve\u00edculo da pista e o posterior capotamento.<\/p>\n\n\n\n<h2 class=\"wp-block-heading\"><strong><sub>Prefeitura lamenta morte<\/sub><\/strong><\/h2>\n\n\n\n<p>Em nota, a Prefeitura de Jequitinhonha lamentou a morte de Edna Aparecida e informou que acompanha a situa\u00e7\u00e3o das duas pessoas hospitalizadas. O munic\u00edpio tamb\u00e9m declarou que est\u00e1 prestando apoio aos familiares da v\u00edtima.<\/p>\n\n\n\n<p>A ocorr\u00eancia foi registrada pelas autoridades respons\u00e1veis, que dever\u00e3o apurar as circunst\u00e2ncias do acidente.<\/p>\n","protected":false},"excerpt":{"rendered":"<p>Ve\u00edculo retornava de Te\u00f3filo Otoni, onde uma das passageiras havia realizado tratamento oncol\u00f3gico; acidente aconteceu em Ponto dos Volantes Uma mulher morreu e outras duas pessoas ficaram feridas ap\u00f3s um carro da Secretaria Municipal de Sa\u00fade de Jequitinhonha sair da pista e capotar na BR-116, em Ponto dos Volantes, no Vale do Jequitinhonha. O acidente [&hellip;]<\/p>\n","protected":false},"author":1,"featured_media":35125,"comment_status":"open","ping_status":"open","sticky":false,"template":"","format":"standard","meta":{"_editorskit_title_hidden":false,"_editorskit_reading_time":0,"_editorskit_is_block_options_detached":false,"_editorskit_block_options_position":"{}","amp_status":"","footnotes":""},"categories":[25,18],"tags":[],"class_list":["post-35124","post","type-post","status-publish","format-standard","has-post-thumbnail","hentry","category-destaque","category-regiao"],"_links":{"self":[{"href":"https:\/\/diariotribuna.com.br\/index.php?rest_route=\/wp\/v2\/posts\/35124"}],"collection":[{"href":"https:\/\/diariotribuna.com.br\/index.php?rest_route=\/wp\/v2\/posts"}],"about":[{"href":"https:\/\/diariotribuna.com.br\/index.php?rest_route=\/wp\/v2\/types\/post"}],"author":[{"embeddable":true,"href":"https:\/\/diariotribuna.com.br\/index.php?rest_route=\/wp\/v2\/users\/1"}],"replies":[{"embeddable":true,"href":"https:\/\/diariotribuna.com.br\/index.php?rest_route=%2Fwp%2Fv2%2Fcomments&post=35124"}],"version-history":[{"count":1,"href":"https:\/\/diariotribuna.com.br\/index.php?rest_route=\/wp\/v2\/posts\/35124\/revisions"}],"predecessor-version":[{"id":35126,"href":"https:\/\/diariotribuna.com.br\/index.php?rest_route=\/wp\/v2\/posts\/35124\/revisions\/35126"}],"wp:featuredmedia":[{"embeddable":true,"href":"https:\/\/diariotribuna.com.br\/index.php?rest_route=\/wp\/v2\/media\/35125"}],"wp:attachment":[{"href":"https:\/\/diariotribuna.com.br\/index.php?rest_route=%2Fwp%2Fv2%2Fmedia&parent=35124"}],"wp:term":[{"taxonomy":"category","embeddable":true,"href":"https:\/\/diariotribuna.com.br\/index.php?rest_route=%2Fwp%2Fv2%2Fcategories&post=35124"},{"taxonomy":"post_tag","embeddable":true,"href":"https:\/\/diariotribuna.com.br\/index.php?rest_route=%2Fwp%2Fv2%2Ftags&post=35124"}],"curies":[{"name":"wp","href":"https:\/\/api.w.org\/{rel}","templated":true}]}}