{"id":35127,"date":"2026-09-06T18:57:17","date_gmt":"2026-09-06T21:57:17","guid":{"rendered":"https:\/\/diariotribuna.com.br\/?p=35127"},"modified":"2026-09-06T18:57:19","modified_gmt":"2026-09-06T21:57:19","slug":"acidente-entre-itambacuri-e-campanario-termina-com-morte-de-adolescente-de-16-anos","status":"publish","type":"post","link":"https:\/\/diariotribuna.com.br\/?p=35127","title":{"rendered":"Acidente entre Itambacuri e Campan\u00e1rio termina com morte de adolescente de 16 anos"},"content":{"rendered":"\n<h2 class=\"wp-block-heading\"><sub><mark style=\"background-color:rgba(0, 0, 0, 0)\" class=\"has-inline-color has-cyan-bluish-gray-color\">Raiane Alves da Silva foi socorrida em estado grave, mas n\u00e3o resistiu aos ferimentos e morreu dentro da unidade de resgate do Samu<\/mark><\/sub><\/h2>\n\n\n<div class=\"wp-block-image\">\n<figure class=\"aligncenter size-large is-resized\"><img fetchpriority=\"high\" decoding=\"async\" width=\"1024\" height=\"786\" src=\"https:\/\/diariotribuna.com.br\/wp-content\/uploads\/2026\/09\/WhatsApp-Image-2026-09-06-at-15.08.44-1024x786.jpeg\" alt=\"\" class=\"wp-image-35128\" style=\"width:449px;height:auto\" srcset=\"https:\/\/diariotribuna.com.br\/wp-content\/uploads\/2026\/09\/WhatsApp-Image-2026-09-06-at-15.08.44-1024x786.jpeg 1024w, https:\/\/diariotribuna.com.br\/wp-content\/uploads\/2026\/09\/WhatsApp-Image-2026-09-06-at-15.08.44-300x230.jpeg 300w, https:\/\/diariotribuna.com.br\/wp-content\/uploads\/2026\/09\/WhatsApp-Image-2026-09-06-at-15.08.44-768x590.jpeg 768w, https:\/\/diariotribuna.com.br\/wp-content\/uploads\/2026\/09\/WhatsApp-Image-2026-09-06-at-15.08.44-80x60.jpeg 80w, https:\/\/diariotribuna.com.br\/wp-content\/uploads\/2026\/09\/WhatsApp-Image-2026-09-06-at-15.08.44-696x535.jpeg 696w, https:\/\/diariotribuna.com.br\/wp-content\/uploads\/2026\/09\/WhatsApp-Image-2026-09-06-at-15.08.44-547x420.jpeg 547w, https:\/\/diariotribuna.com.br\/wp-content\/uploads\/2026\/09\/WhatsApp-Image-2026-09-06-at-15.08.44.jpeg 1069w\" sizes=\"(max-width: 1024px) 100vw, 1024px\" \/><\/figure><\/div>\n\n\n<p>Um grave acidente registrado na manh\u00e3 deste domingo (6), no trecho entre Itambacuri e Campan\u00e1rio, terminou com a morte de uma adolescente de 16 anos. A v\u00edtima foi identificada como Raiane Alves da Silva, natural de Itambacuri, nascida em 1\u00ba de janeiro de 2010.<\/p>\n\n\n\n<p><strong>Adolescente foi socorrida pelo Samu<\/strong><\/p>\n\n\n\n<p>Ap\u00f3s o acidente, Raiane foi encontrada em estado grave e recebeu atendimento de uma equipe do Servi\u00e7o de Atendimento M\u00f3vel de Urg\u00eancia (Samu). Apesar dos esfor\u00e7os dos socorristas, a adolescente n\u00e3o resistiu aos ferimentos e morreu ainda dentro da unidade de resgate.<\/p>\n\n\n\n<p>O corpo foi encaminhado ao Instituto M\u00e9dico-Legal (IML) de Te\u00f3filo Otoni, onde passar\u00e1 pelos procedimentos legais.<\/p>\n\n\n\n<p>As circunst\u00e2ncias do acidente ainda dever\u00e3o ser apuradas pelas autoridades.<\/p>\n","protected":false},"excerpt":{"rendered":"<p>Raiane Alves da Silva foi socorrida em estado grave, mas n\u00e3o resistiu aos ferimentos e morreu dentro da unidade de resgate do Samu Um grave acidente registrado na manh\u00e3 deste domingo (6), no trecho entre Itambacuri e Campan\u00e1rio, terminou com a morte de uma adolescente de 16 anos. A v\u00edtima foi identificada como Raiane Alves [&hellip;]<\/p>\n","protected":false},"author":1,"featured_media":35128,"comment_status":"open","ping_status":"open","sticky":false,"template":"","format":"standard","meta":{"_editorskit_title_hidden":false,"_editorskit_reading_time":0,"_editorskit_is_block_options_detached":false,"_editorskit_block_options_position":"{}","amp_status":"","footnotes":""},"categories":[25,18],"tags":[],"class_list":["post-35127","post","type-post","status-publish","format-standard","has-post-thumbnail","hentry","category-destaque","category-regiao"],"_links":{"self":[{"href":"https:\/\/diariotribuna.com.br\/index.php?rest_route=\/wp\/v2\/posts\/35127"}],"collection":[{"href":"https:\/\/diariotribuna.com.br\/index.php?rest_route=\/wp\/v2\/posts"}],"about":[{"href":"https:\/\/diariotribuna.com.br\/index.php?rest_route=\/wp\/v2\/types\/post"}],"author":[{"embeddable":true,"href":"https:\/\/diariotribuna.com.br\/index.php?rest_route=\/wp\/v2\/users\/1"}],"replies":[{"embeddable":true,"href":"https:\/\/diariotribuna.com.br\/index.php?rest_route=%2Fwp%2Fv2%2Fcomments&post=35127"}],"version-history":[{"count":1,"href":"https:\/\/diariotribuna.com.br\/index.php?rest_route=\/wp\/v2\/posts\/35127\/revisions"}],"predecessor-version":[{"id":35129,"href":"https:\/\/diariotribuna.com.br\/index.php?rest_route=\/wp\/v2\/posts\/35127\/revisions\/35129"}],"wp:featuredmedia":[{"embeddable":true,"href":"https:\/\/diariotribuna.com.br\/index.php?rest_route=\/wp\/v2\/media\/35128"}],"wp:attachment":[{"href":"https:\/\/diariotribuna.com.br\/index.php?rest_route=%2Fwp%2Fv2%2Fmedia&parent=35127"}],"wp:term":[{"taxonomy":"category","embeddable":true,"href":"https:\/\/diariotribuna.com.br\/index.php?rest_route=%2Fwp%2Fv2%2Fcategories&post=35127"},{"taxonomy":"post_tag","embeddable":true,"href":"https:\/\/diariotribuna.com.br\/index.php?rest_route=%2Fwp%2Fv2%2Ftags&post=35127"}],"curies":[{"name":"wp","href":"https:\/\/api.w.org\/{rel}","templated":true}]}}