{"id":3622,"date":"2020-09-03T00:59:56","date_gmt":"2020-09-03T03:59:56","guid":{"rendered":"https:\/\/diariotribuna.com.br\/?p=3622"},"modified":"2020-09-03T21:53:31","modified_gmt":"2020-09-04T00:53:31","slug":"teofilo-otoni-registra-2-141-casos-positivos-de-covid-19-1-833-pessoas-estao-recuperadas","status":"publish","type":"post","link":"https:\/\/diariotribuna.com.br\/?p=3622","title":{"rendered":"Te\u00f3filo Otoni registra 2.141 casos positivos de covid-19; 1.833 pessoas est\u00e3o recuperadas"},"content":{"rendered":"\n<figure class=\"wp-block-image size-large is-resized\"><img loading=\"lazy\" decoding=\"async\" src=\"https:\/\/diariotribuna.com.br\/wp-content\/uploads\/2020\/09\/90127239_2607949282827065_4095575144385216512_n.jpg\" alt=\"\" class=\"wp-image-3623\" width=\"415\" height=\"233\" srcset=\"https:\/\/diariotribuna.com.br\/wp-content\/uploads\/2020\/09\/90127239_2607949282827065_4095575144385216512_n.jpg 350w, https:\/\/diariotribuna.com.br\/wp-content\/uploads\/2020\/09\/90127239_2607949282827065_4095575144385216512_n-300x168.jpg 300w\" sizes=\"(max-width: 415px) 100vw, 415px\" \/><\/figure>\n\n\n\n<p>A Secretaria Municipal de Sa\u00fade divulgou boletim epidemiol\u00f3gico nesta Quarta-feira (02\/09), confirmando <strong>2.141 casos <\/strong>de Covid-19 em Te\u00f3filo Otoni, 31 a mais nas \u00faltimas 24 horas. Dos 2.141 casos, segundo a secretaria <strong>1.833 pessoas est\u00e3o recuperadas<\/strong>, 08 internadas em ala, 06 em UTI e 216 est\u00e3o em isolamento domiciliar. At\u00e9 esta data o munic\u00edpio registra <strong>78 \u00f3bitos<\/strong>.<\/p>\n\n\n\n<p>Conforme o boletim nesta data tem 48 suspeitos em investiga\u00e7\u00e3o e monitoramento, sendo que 32 pessoas est\u00e3o em isolamento domiciliar, 14 est\u00e3o internadas em ala, tem 01 internado em UTI e tem 01 \u00f3bito em investiga\u00e7\u00e3o aguardando resultado de exame laboratorial. J\u00e1 foram conclu\u00eddas 9.163 investiga\u00e7\u00f5es, sendo que 6.587 foram descartadas por exame laboratorial e 2.576 monitoramentos foram conclu\u00eddos por crit\u00e9rio cl\u00ednico. At\u00e9 esta data foram notificadas 11.352 pessoas.<\/p>\n\n\n\n<p><strong>Casos confirmados por faixa et\u00e1ria: menor de 01 ano <\/strong>(05), de <strong>01 a 09 anos <\/strong>(40), de <strong>10 a 19 anos <\/strong>(95), de <strong>20 a 29 anos<\/strong> (420), de <strong>30 a 39 anos<\/strong> (569), de <strong>40 a 49 anos<\/strong> (422), de <strong>50 a 59 anos<\/strong> (283), de <strong>60 anos ou mais<\/strong> (307).<\/p>\n\n\n\n<p><strong>Casos confirmados por bairros de Te\u00f3filo Otoni:<\/strong> O <strong>Centro<\/strong> registra nesta data 168 casos, em seguida o Bairro <strong>Bela Vista<\/strong> com 119, o <strong>Manoel Pimenta<\/strong> com 113, <strong>Matinha<\/strong> 95, <strong>Ipiranga<\/strong> 87, <strong>S\u00e3o Crist\u00f3v\u00e3o<\/strong> 84 e <strong>Marajoara<\/strong> 72. O Bairro <strong>S\u00e3o jacinto<\/strong> est\u00e1 com 67 casos, <strong>Conc\u00f3rdia<\/strong> com 65, <strong>Castro Pires<\/strong> 53, <strong>Jardim S\u00e3o Paulo<\/strong> 47 e <strong>Jardim Iracema<\/strong> 44. Os bairros <strong>Joaquim Pedrosa<\/strong> e <strong>Palmeiras<\/strong> com 40 casos cada. Os bairros <strong>Frei Dimas<\/strong> e <strong>Vila S\u00e3o Jo\u00e3o<\/strong> com 32 casos cada. Os bairros <strong>Jardim das Ac\u00e1cias<\/strong> e <strong>F\u00e1tima<\/strong> 31 casos cada. <strong>Te\u00f3filo Rocha<\/strong> com 30 e <strong>Laerte Laender<\/strong> 29. Os bairros <strong>Gr\u00e3o Par\u00e1<\/strong> e <strong>Mucuri<\/strong> 27 casos cada. Os bairros <strong>Cidade Alta,<\/strong> <strong>S\u00e3o Diogo<\/strong> e <strong>Tabajaras<\/strong> 26 casos cada. Bairro <strong>Funcion\u00e1rios<\/strong> est\u00e1 com 25, <strong>Vila Barreiros<\/strong> 24 e S<strong>erra Verde <\/strong>23. Os bairros <strong>Vila Santa Clara<\/strong> e <strong>Vila Betel<\/strong> 22 casos cada. Bairro <strong>Taquara<\/strong> com 21. Os bairros <strong>Belvedere<\/strong>, <strong>Filad\u00e9lfia<\/strong> e <strong>Viriato<\/strong> 17 casos cada. Os bairros <strong>Solidariedade<\/strong> e <strong>Novo Horizonte<\/strong> 16 casos cada. <strong>Unidades prisionais de Te\u00f3filo Otoni:<\/strong> 281 casos. <strong>Outras 55 localidades<\/strong> est\u00e3o inclu\u00eddas no boletim, com registro de 01 a 14 casos cada. <strong>OBS.:<\/strong> Nos casos relacionados por bairros est\u00e1 inclu\u00eddo o n\u00famero de recuperados.<\/p>\n","protected":false},"excerpt":{"rendered":"<p>A Secretaria Municipal de Sa\u00fade divulgou boletim epidemiol\u00f3gico nesta Quarta-feira (02\/09), confirmando 2.141 casos de Covid-19 em Te\u00f3filo Otoni, 31 a mais nas \u00faltimas 24 horas. Dos 2.141 casos, segundo a secretaria 1.833 pessoas est\u00e3o recuperadas, 08 internadas em ala, 06 em UTI e 216 est\u00e3o em isolamento domiciliar. At\u00e9 esta data o munic\u00edpio registra [&hellip;]<\/p>\n","protected":false},"author":1,"featured_media":3623,"comment_status":"open","ping_status":"open","sticky":false,"template":"","format":"standard","meta":{"rop_custom_images_group":[],"rop_custom_messages_group":[],"rop_publish_now":"initial","rop_publish_now_accounts":[],"rop_publish_now_history":[],"rop_publish_now_status":"pending","footnotes":""},"categories":[192],"tags":[1404,67,65,75],"class_list":["post-3622","post","type-post","status-publish","format-standard","has-post-thumbnail","hentry","category-covid19","tag-02-09","tag-boletim","tag-covid","tag-teofilo-otoni"],"_links":{"self":[{"href":"https:\/\/diariotribuna.com.br\/index.php?rest_route=\/wp\/v2\/posts\/3622"}],"collection":[{"href":"https:\/\/diariotribuna.com.br\/index.php?rest_route=\/wp\/v2\/posts"}],"about":[{"href":"https:\/\/diariotribuna.com.br\/index.php?rest_route=\/wp\/v2\/types\/post"}],"author":[{"embeddable":true,"href":"https:\/\/diariotribuna.com.br\/index.php?rest_route=\/wp\/v2\/users\/1"}],"replies":[{"embeddable":true,"href":"https:\/\/diariotribuna.com.br\/index.php?rest_route=%2Fwp%2Fv2%2Fcomments&post=3622"}],"version-history":[{"count":3,"href":"https:\/\/diariotribuna.com.br\/index.php?rest_route=\/wp\/v2\/posts\/3622\/revisions"}],"predecessor-version":[{"id":3638,"href":"https:\/\/diariotribuna.com.br\/index.php?rest_route=\/wp\/v2\/posts\/3622\/revisions\/3638"}],"wp:featuredmedia":[{"embeddable":true,"href":"https:\/\/diariotribuna.com.br\/index.php?rest_route=\/wp\/v2\/media\/3623"}],"wp:attachment":[{"href":"https:\/\/diariotribuna.com.br\/index.php?rest_route=%2Fwp%2Fv2%2Fmedia&parent=3622"}],"wp:term":[{"taxonomy":"category","embeddable":true,"href":"https:\/\/diariotribuna.com.br\/index.php?rest_route=%2Fwp%2Fv2%2Fcategories&post=3622"},{"taxonomy":"post_tag","embeddable":true,"href":"https:\/\/diariotribuna.com.br\/index.php?rest_route=%2Fwp%2Fv2%2Ftags&post=3622"}],"curies":[{"name":"wp","href":"https:\/\/api.w.org\/{rel}","templated":true}]}}