{"id":3625,"date":"2020-09-03T01:13:56","date_gmt":"2020-09-03T04:13:56","guid":{"rendered":"https:\/\/diariotribuna.com.br\/?p=3625"},"modified":"2020-09-03T01:13:57","modified_gmt":"2020-09-03T04:13:57","slug":"estado-reabre-unidades-de-prevencao-a-criminalidade","status":"publish","type":"post","link":"https:\/\/diariotribuna.com.br\/?p=3625","title":{"rendered":"Estado reabre Unidades de Preven\u00e7\u00e3o \u00e0 Criminalidade"},"content":{"rendered":"\n<p><em>Atendimento a programas de media\u00e7\u00e3o e preven\u00e7\u00e3o ao crime ser\u00e1 presencial e digital<\/em><\/p>\n\n\n\n<figure class=\"wp-block-image size-large is-resized\"><img loading=\"lazy\" decoding=\"async\" src=\"https:\/\/diariotribuna.com.br\/wp-content\/uploads\/2020\/09\/estado-reabre-unidades-de-prevencao-a-criminalidade.jpg\" alt=\"\" class=\"wp-image-3626\" width=\"463\" height=\"390\" srcset=\"https:\/\/diariotribuna.com.br\/wp-content\/uploads\/2020\/09\/estado-reabre-unidades-de-prevencao-a-criminalidade.jpg 797w, https:\/\/diariotribuna.com.br\/wp-content\/uploads\/2020\/09\/estado-reabre-unidades-de-prevencao-a-criminalidade-300x253.jpg 300w, https:\/\/diariotribuna.com.br\/wp-content\/uploads\/2020\/09\/estado-reabre-unidades-de-prevencao-a-criminalidade-768x648.jpg 768w, https:\/\/diariotribuna.com.br\/wp-content\/uploads\/2020\/09\/estado-reabre-unidades-de-prevencao-a-criminalidade-696x587.jpg 696w, https:\/\/diariotribuna.com.br\/wp-content\/uploads\/2020\/09\/estado-reabre-unidades-de-prevencao-a-criminalidade-498x420.jpg 498w\" sizes=\"(max-width: 463px) 100vw, 463px\" \/><\/figure>\n\n\n\n<p>O&nbsp;<a href=\"https:\/\/www.mg.gov.br\/\" target=\"_blank\" rel=\"noreferrer noopener\">Governo de Minas<\/a>&nbsp;reabre, a partir desta ter\u00e7a-feira (1\/9), todas as 41 Unidades de Preven\u00e7\u00e3o \u00e0 Criminalidade (UPCs) no estado.&nbsp;A retomada das atividades presenciais tem sido gradual e alguns dos servi\u00e7os seguir\u00e3o dispon\u00edveis na forma digital.<\/p>\n\n\n\n<p>Balan\u00e7o referente ao per\u00edodo de trabalho remoto mostra que houve mais de 13 mil atendimentos de mar\u00e7o at\u00e9 agora por meio das UPCs. Alternativas como videoconfer\u00eancias, chamadas telef\u00f4nicas e aplicativos de mensagens foram usadas para o desenvolvimento dos programas Fica Vivo!, Central de Acompanhamento de Alternativas Penais (Ceapa), Programa Media\u00e7\u00e3o de Conflitos (PMC), Programa de Inclus\u00e3o Social de Egressos do Sistema Prisional (PrEsp) e Se Liga.<\/p>\n\n\n\n<p>Subsecret\u00e1ria de Preven\u00e7\u00e3o \u00e0 Criminalidade, Andreza Gomes destaca que o retorno \u00e0s atividades presenciais refor\u00e7a a constru\u00e7\u00e3o de propostas estrat\u00e9gicas para afastamento da trajet\u00f3ria criminal. \u201cO retorno presencial favorece o acesso a esse p\u00fablico, o atendimento e as interven\u00e7\u00f5es preventivas concebidas por meio dos programas\u201d, avalia.<\/p>\n\n\n\n<h3 class=\"wp-block-heading\"><strong>Agendamento<\/strong><\/h3>\n\n\n\n<p>Para acessar o atendimento presencial, o p\u00fablico deve fazer uso de equipamentos de prote\u00e7\u00e3o individual, como m\u00e1scaras e \u00e1lcool em gel, al\u00e9m de respeitar regras de distanciamento e n\u00famero m\u00e1ximo de pessoas reunidas em um espa\u00e7o.<\/p>\n\n\n\n<p>A expectativa \u00e9 expandir as a\u00e7\u00f5es presenciais na UPCs, zelando sempre pela sa\u00fade e seguran\u00e7a de todos os envolvidos.<\/p>\n\n\n\n<h3 class=\"wp-block-heading\"><strong>Fica Vivo! e PMC<\/strong><\/h3>\n\n\n\n<p>Os programas Fica Vivo! e Media\u00e7\u00e3o de Conflitos funcionam em 26 Unidades de Preven\u00e7\u00e3o \u00e0 Criminalidade mineiras. O primeiro atua na preven\u00e7\u00e3o de homic\u00eddios dolosos de adolescentes e jovens, na faixa et\u00e1ria de 12 a 24 anos, em \u00e1reas onde \u00e9 registrada maior concentra\u00e7\u00e3o desse delitos. J\u00e1 o PMC tem objetivo de estimular o di\u00e1logo e o capital social para a promo\u00e7\u00e3o de acesso a direitos e de uma seguran\u00e7a cidad\u00e3, estabelecendo meios pac\u00edficos para a resolu\u00e7\u00e3o de conflitos, por meio da media\u00e7\u00e3o comunit\u00e1ria.<\/p>\n\n\n\n<p>Em ambos os programas, os atendimentos s\u00e3o de forma coletiva e individual.<\/p>\n\n\n\n<p>Sete UPCs retomam as oficinas presenciais do Fica Vivo! neste m\u00eas de setembro. S\u00e3o elas: Palmital e Via Col\u00e9gio, em Santa Luzia; Morro Alto, em Vespasiano; Olavo Costa, em Juiz de Fora; Carapina e Turmalina, em Governador Valadares; e Santos Reis, em Montes Claros.<\/p>\n\n\n\n<h3 class=\"wp-block-heading\"><strong>Atendimento on-line<\/strong><\/h3>\n\n\n\n<p>Os atendimentos virtuais permanecem em conjunto com o retorno gradual das atividades presenciais. Um exemplo \u00e9 a reuni\u00e3o virtual de grupos do Ceapa, programa cujo objetivo \u00e9 contribuir para o fortalecimento e a consolida\u00e7\u00e3o de alternativas \u00e0 pris\u00e3o para homens enquadrados na Lei Maria da Penha e que conta com servi\u00e7os de equipes interdisciplinares, como profissionais de Direito, Psicologia e Servi\u00e7o Social.<\/p>\n\n\n\n<p>Os atendimentos presencial e virtual ser\u00e3o usados para os programas Se Liga e o PrEsp, direcionados a jovens que cumprem medidas socioeducativas e de interna\u00e7\u00e3o e indiv\u00edduos que estiveram sob cust\u00f3dia do sistema prisional. (Cr\u00e9dito\/foto:\u00a0Sejusp\/Divulga\u00e7\u00e3o)<\/p>\n\n\n\n<figure class=\"wp-block-table\"><table><tbody><tr><td><strong>SECGERAL &#8211; Governo de Minas &#8211; Central de Imprensa<\/strong><\/td><\/tr><\/tbody><\/table><\/figure>\n","protected":false},"excerpt":{"rendered":"<p>Atendimento a programas de media\u00e7\u00e3o e preven\u00e7\u00e3o ao crime ser\u00e1 presencial e digital O&nbsp;Governo de Minas&nbsp;reabre, a partir desta ter\u00e7a-feira (1\/9), todas as 41 Unidades de Preven\u00e7\u00e3o \u00e0 Criminalidade (UPCs) no estado.&nbsp;A retomada das atividades presenciais tem sido gradual e alguns dos servi\u00e7os seguir\u00e3o dispon\u00edveis na forma digital. Balan\u00e7o referente ao per\u00edodo de trabalho remoto [&hellip;]<\/p>\n","protected":false},"author":1,"featured_media":3626,"comment_status":"open","ping_status":"open","sticky":false,"template":"","format":"standard","meta":{"rop_custom_images_group":[],"rop_custom_messages_group":[],"rop_publish_now":"initial","rop_publish_now_accounts":[],"rop_publish_now_history":[],"rop_publish_now_status":"pending","footnotes":""},"categories":[19],"tags":[91,1405],"class_list":["post-3625","post","type-post","status-publish","format-standard","has-post-thumbnail","hentry","category-gerais","tag-minas","tag-unidades-de-prevencao-a-criminalidade"],"_links":{"self":[{"href":"https:\/\/diariotribuna.com.br\/index.php?rest_route=\/wp\/v2\/posts\/3625"}],"collection":[{"href":"https:\/\/diariotribuna.com.br\/index.php?rest_route=\/wp\/v2\/posts"}],"about":[{"href":"https:\/\/diariotribuna.com.br\/index.php?rest_route=\/wp\/v2\/types\/post"}],"author":[{"embeddable":true,"href":"https:\/\/diariotribuna.com.br\/index.php?rest_route=\/wp\/v2\/users\/1"}],"replies":[{"embeddable":true,"href":"https:\/\/diariotribuna.com.br\/index.php?rest_route=%2Fwp%2Fv2%2Fcomments&post=3625"}],"version-history":[{"count":1,"href":"https:\/\/diariotribuna.com.br\/index.php?rest_route=\/wp\/v2\/posts\/3625\/revisions"}],"predecessor-version":[{"id":3627,"href":"https:\/\/diariotribuna.com.br\/index.php?rest_route=\/wp\/v2\/posts\/3625\/revisions\/3627"}],"wp:featuredmedia":[{"embeddable":true,"href":"https:\/\/diariotribuna.com.br\/index.php?rest_route=\/wp\/v2\/media\/3626"}],"wp:attachment":[{"href":"https:\/\/diariotribuna.com.br\/index.php?rest_route=%2Fwp%2Fv2%2Fmedia&parent=3625"}],"wp:term":[{"taxonomy":"category","embeddable":true,"href":"https:\/\/diariotribuna.com.br\/index.php?rest_route=%2Fwp%2Fv2%2Fcategories&post=3625"},{"taxonomy":"post_tag","embeddable":true,"href":"https:\/\/diariotribuna.com.br\/index.php?rest_route=%2Fwp%2Fv2%2Ftags&post=3625"}],"curies":[{"name":"wp","href":"https:\/\/api.w.org\/{rel}","templated":true}]}}