{"id":4886,"date":"2020-10-10T09:55:34","date_gmt":"2020-10-10T12:55:34","guid":{"rendered":"https:\/\/diariotribuna.com.br\/?p=4886"},"modified":"2020-10-12T23:36:00","modified_gmt":"2020-10-13T02:36:00","slug":"dia-de-nossa-senhora-aparecida-sera-comemorado-diferente-em-teofilo-otoni","status":"publish","type":"post","link":"https:\/\/diariotribuna.com.br\/?p=4886","title":{"rendered":"Dia de Nossa Senhora Aparecida ser\u00e1 comemorado diferente em Te\u00f3filo Otoni"},"content":{"rendered":"\n<p><strong><em>Bispo Bom Messias informa que este ano haver\u00e1 uma carreata como express\u00e3o de f\u00e9 com a imagem pelas ruas da cidade<\/em><\/strong><\/p>\n\n\n\n<figure class=\"wp-block-image size-large is-resized\"><img loading=\"lazy\" decoding=\"async\" src=\"https:\/\/diariotribuna.com.br\/wp-content\/uploads\/2020\/10\/1-6.jpg\" alt=\"\" class=\"wp-image-4887\" width=\"547\" height=\"306\" srcset=\"https:\/\/diariotribuna.com.br\/wp-content\/uploads\/2020\/10\/1-6.jpg 700w, https:\/\/diariotribuna.com.br\/wp-content\/uploads\/2020\/10\/1-6-300x168.jpg 300w, https:\/\/diariotribuna.com.br\/wp-content\/uploads\/2020\/10\/1-6-696x391.jpg 696w\" sizes=\"(max-width: 547px) 100vw, 547px\" \/><figcaption><strong>Celebra\u00e7\u00e3o no Santu\u00e1rio de Nossa Senhora Aparecida, Bairro Taquara, em Te\u00f3filo Otoni, em 2019 &#8211; (Foto: Arquivo Di\u00e1rio Tribuna)<\/strong><\/figcaption><\/figure>\n\n\n\n<p>Na pr\u00f3xima segunda-feira, 12 de outubro, cat\u00f3licos comemoram o Dia de Nossa Senhora Aparecida, padroeira do Brasil, feriado nacional. No ano passado as festividades foram de intensa movimenta\u00e7\u00e3o durante o dia inteiro no Santu\u00e1rio no Bairro Taquara em Te\u00f3filo Otoni, mas neste ano em tempo de pandemia do novo coronav\u00edrus (Covid-19), as comemora\u00e7\u00f5es ser\u00e3o diferentes.<\/p>\n\n\n\n<figure class=\"wp-block-image size-large is-resized\"><img loading=\"lazy\" decoding=\"async\" src=\"https:\/\/diariotribuna.com.br\/wp-content\/uploads\/2020\/10\/Dom-Messias-dos-Reis-Silveira-bispo-da-diocese-de-Te\u00f3filo-Otoni.jpg\" alt=\"\" class=\"wp-image-4888\" width=\"507\" height=\"304\" srcset=\"https:\/\/diariotribuna.com.br\/wp-content\/uploads\/2020\/10\/Dom-Messias-dos-Reis-Silveira-bispo-da-diocese-de-Te\u00f3filo-Otoni.jpg 600w, https:\/\/diariotribuna.com.br\/wp-content\/uploads\/2020\/10\/Dom-Messias-dos-Reis-Silveira-bispo-da-diocese-de-Te\u00f3filo-Otoni-300x180.jpg 300w\" sizes=\"(max-width: 507px) 100vw, 507px\" \/><\/figure>\n\n\n\n<p>O <strong>bispo diocesano Dom Messias dos Reis da Silveira<\/strong> explica que, nesta data especialmente o cora\u00e7\u00e3o dos brasileiros est\u00e1 voltado para a Virgem de Aparecida, ela que no ano de 1717, nas \u00e1guas do rio Para\u00edba, foi encontrada sua imagem por tr\u00eas humildes pescadores, numa pesca milagrosa. \u201cSabemos que ao puxarem a rede para o barco descobriram dentro dela uma pequena imagem de Nossa Senhora da Concei\u00e7\u00e3o. E n\u00f3s com todos os que amam a Virgem Maria vamos celebrar o seu dia, especialmente Dia de Nossa Senhora Aparecida \u2013 padroeira do Brasil\u201d, disse.<\/p>\n\n\n\n<p>Dom Messias destaca que, aqui em Te\u00f3filo Otoni temos esta grande express\u00e3o de f\u00e9 \u00e0 Virgem Maria \u2013 Senhora de Aparecida, que acontece no Santu\u00e1rio Diocesano de Nossa Senhora Aparecida. Em todos os anos s\u00e3o muitas as pessoas que passam por l\u00e1 demonstrando amor e f\u00e9 \u00e0 Nossa Senhora. No Santu\u00e1rio tem uma gruta onde os fi\u00e9is acendem velas, fazem ora\u00e7\u00f5es, pedidos. Mas este ano haver\u00e1 uma programa\u00e7\u00e3o especial para celebrar t\u00e3o importante data.<\/p>\n\n\n\n<p><strong>Programa\u00e7\u00e3o &#8211;<\/strong> O bispo explica que, \u201cao inv\u00e9s das pessoas irem at\u00e9 o santu\u00e1rio, n\u00f3s queremos levar a imagem de Nossa Senhora Aparecida at\u00e9 as pessoas\u201d. Portanto, n\u00e3o haver\u00e1 aquelas celebra\u00e7\u00f5es com grande concentra\u00e7\u00e3o das pessoas, n\u00e3o \u00e9 permitido fazer isso em tempo de pandemia. Haver\u00e1 a celebra\u00e7\u00e3o de uma missa \u00e0s 8h30 presidida por dom Messias, logo ap\u00f3s a celebra\u00e7\u00e3o da Eucaristia a imagem vai sair do Santu\u00e1rio, no Bairro Taquara para ir ao encontro das pessoas percorrendo ruas da cidade.<\/p>\n\n\n\n<p>\u201cCom certeza vamos encontrar muitos testemunhos de olhares de f\u00e9 voltados para a imagem de Nossa Senhora Aparecida e com o cora\u00e7\u00e3o voltado para ela, mas especialmente fazendo o que ela pediu \u2013 tendo o cora\u00e7\u00e3o voltado para o Seu filho Jesus, porque Nossa Senhora nos indica Jesus o seu filho \u2013 fazei tudo o que Ele nos disser\u201d, destaca o bispo informando ainda que \u201cno retorno haver\u00e1 as ora\u00e7\u00f5es, o Hino Nacional e uma grande queima de fogos. Convidamos as pessoas, os fi\u00e9is nesse dia 12 de outubro ao meio dia soltar o foguete, fazer uma queima de fogos. Isso tem sido no Brasil, em v\u00e1rios lugares, uma grande manifesta\u00e7\u00e3o de f\u00e9, de amor, de carinho \u00e0 Nossa Senhora\u201d. (Foto: Arquivo Di\u00e1rio Tribuna\/ 2019).<\/p>\n","protected":false},"excerpt":{"rendered":"<p>Bispo Bom Messias informa que este ano haver\u00e1 uma carreata como express\u00e3o de f\u00e9 com a imagem pelas ruas da cidade Na pr\u00f3xima segunda-feira, 12 de outubro, cat\u00f3licos comemoram o Dia de Nossa Senhora Aparecida, padroeira do Brasil, feriado nacional. No ano passado as festividades foram de intensa movimenta\u00e7\u00e3o durante o dia inteiro no Santu\u00e1rio [&hellip;]<\/p>\n","protected":false},"author":1,"featured_media":4887,"comment_status":"open","ping_status":"open","sticky":false,"template":"","format":"standard","meta":{"rop_custom_images_group":[],"rop_custom_messages_group":[],"rop_publish_now":"initial","rop_publish_now_accounts":[],"rop_publish_now_history":[],"rop_publish_now_status":"pending","footnotes":""},"categories":[17],"tags":[1837,1836,75],"class_list":["post-4886","post","type-post","status-publish","format-standard","has-post-thumbnail","hentry","category-teofilootoni","tag-12-de-outubro-2020","tag-dia-de-nossa-senhora-aparecida","tag-teofilo-otoni"],"_links":{"self":[{"href":"https:\/\/diariotribuna.com.br\/index.php?rest_route=\/wp\/v2\/posts\/4886"}],"collection":[{"href":"https:\/\/diariotribuna.com.br\/index.php?rest_route=\/wp\/v2\/posts"}],"about":[{"href":"https:\/\/diariotribuna.com.br\/index.php?rest_route=\/wp\/v2\/types\/post"}],"author":[{"embeddable":true,"href":"https:\/\/diariotribuna.com.br\/index.php?rest_route=\/wp\/v2\/users\/1"}],"replies":[{"embeddable":true,"href":"https:\/\/diariotribuna.com.br\/index.php?rest_route=%2Fwp%2Fv2%2Fcomments&post=4886"}],"version-history":[{"count":2,"href":"https:\/\/diariotribuna.com.br\/index.php?rest_route=\/wp\/v2\/posts\/4886\/revisions"}],"predecessor-version":[{"id":4890,"href":"https:\/\/diariotribuna.com.br\/index.php?rest_route=\/wp\/v2\/posts\/4886\/revisions\/4890"}],"wp:featuredmedia":[{"embeddable":true,"href":"https:\/\/diariotribuna.com.br\/index.php?rest_route=\/wp\/v2\/media\/4887"}],"wp:attachment":[{"href":"https:\/\/diariotribuna.com.br\/index.php?rest_route=%2Fwp%2Fv2%2Fmedia&parent=4886"}],"wp:term":[{"taxonomy":"category","embeddable":true,"href":"https:\/\/diariotribuna.com.br\/index.php?rest_route=%2Fwp%2Fv2%2Fcategories&post=4886"},{"taxonomy":"post_tag","embeddable":true,"href":"https:\/\/diariotribuna.com.br\/index.php?rest_route=%2Fwp%2Fv2%2Ftags&post=4886"}],"curies":[{"name":"wp","href":"https:\/\/api.w.org\/{rel}","templated":true}]}}