{"id":4891,"date":"2020-10-10T10:13:25","date_gmt":"2020-10-10T13:13:25","guid":{"rendered":"https:\/\/diariotribuna.com.br\/?p=4891"},"modified":"2020-10-10T10:13:26","modified_gmt":"2020-10-10T13:13:26","slug":"pra-voce","status":"publish","type":"post","link":"https:\/\/diariotribuna.com.br\/?p=4891","title":{"rendered":"Pra voc\u00ea"},"content":{"rendered":"\n<figure class=\"wp-block-image size-large is-resized\"><img loading=\"lazy\" decoding=\"async\" src=\"https:\/\/diariotribuna.com.br\/wp-content\/uploads\/2020\/10\/f9718fac-dbb2-45bc-ab17-a6cc5a19a494-1.jpg\" alt=\"\" class=\"wp-image-4892\" width=\"336\" height=\"276\" srcset=\"https:\/\/diariotribuna.com.br\/wp-content\/uploads\/2020\/10\/f9718fac-dbb2-45bc-ab17-a6cc5a19a494-1.jpg 700w, https:\/\/diariotribuna.com.br\/wp-content\/uploads\/2020\/10\/f9718fac-dbb2-45bc-ab17-a6cc5a19a494-1-509x420.jpg 509w\" sizes=\"(max-width: 336px) 100vw, 336px\" \/><figcaption><strong>An\u00edbal Gon\u00e7alves<\/strong> &#8211; Pedagogo<\/figcaption><\/figure>\n\n\n\n<p>Claro que voc\u00ea bem merece uma cr\u00f4nica brotada de meu modesto estro. H\u00e1 tanta coisa escrita por a\u00ed a solta, tanta coisa ruim e evidentemente falsa, tanta tinta e papel gastos em v\u00e3o e voc\u00ea n\u00e3o acha o escrito tupiniquim meio assim? Voc\u00ea n\u00e3o acha como eu a realidade meio chata? Pois eu acho. E mergulho as m\u00e3os sedentas l\u00e1 bem fundo, onde a vida \u00e9 buli\u00e7osa, onde fervem as paix\u00f5es mais contradit\u00f3rias. Ah, como eu te amo de um amor mais natural poss\u00edvel e at\u00e9 hoje n\u00e3o entendi como voc\u00ea suporta bravamente o amargo peso do mundo.<\/p>\n\n\n\n<p>Isso porque sei de suas asas embutidas na armadura corporal, dos seus vulc\u00f5es, de suas furnas espirituais e sei de seus jardins e seus pomares sentimentais, da sua sensibilidade, por vezes quase feminina, todavia, uma sensibilidade com luvas de boxe. O quanto ainda lhe interessa sinceramente&#8230; o mundo? O Brasil? E os destinos dos homens? As pessoas realmente lhe s\u00e3o, de certo modo, interessantes? Mat\u00e9ria de seu lavor? Oh, doce e obsceno p\u00e1ssaro da juventude quando a vida, um gesto nada mais que um gesto, simplesmente.<\/p>\n\n\n\n<p>Nada mais \u00f3bvio que mesmo enquanto voc\u00ea bebe vinho Naturelle, o diabo do mundo n\u00e3o vai parar de girar nem um m\u00edsero segundo. A vida segue dengosa sobre os trilhos e a tarde azul estende-se pregui\u00e7osa sobre os horizontes da nossa cidade, que nem \u00e9 mais a sua cidade, naquela hora \u00edntima que voc\u00ea est\u00e1 receptiva e solit\u00e1ria feito uma crian\u00e7a sem brinquedos. Tem nada n\u00e3o. Pensa que \u00e9 s\u00f3 voc\u00ea que ouve um piano solit\u00e1rio dentro do mar? Sabe aquela hora infinitamente deserta em que voc\u00ea se apaixona por algu\u00e9m que voc\u00ea nem conhece o nome?<\/p>\n\n\n\n<p>Vem uma vontade de comer pipocas feitas pelo Fl\u00e1vio, de beber caldo de cana na \u201cEstrada do Boi\u201d e tudo isso e mais aquilo como fazer um poema e descortinar da sua janela a imensid\u00e3o do mundo &#8211; que lhe \u00e9 mostrada aos domingos pelo Alvaro Garnero &#8211; e pensar que ele \u00e9 pequeno para o seu desejo e a culpa nem \u00e9 sua se o mundo sempre foi menor que seu menor poema e esse tal de amor espalhado pela cidade como uma doen\u00e7a contagiosa e voc\u00ea n\u00e3o precisa disso tudo nunca mais. E a\u00ed voc\u00ea descobre a origem da sua dor e reveste a lama do sofrimento com o aveludado das palavras.<\/p>\n\n\n\n<p><strong>An\u00edbal Gon\u00e7alves<\/strong> \u00e9 pedagogo, graduado em Administra\u00e7\u00e3o Escolar, ex-diretor da Escola Estadual de Coroaci &#8211; MG [hoje Dona Sinhaninha Gon\u00e7alves] e professor de Filosofia, Sociologia e Hist\u00f3ria da Educa\u00e7\u00e3o. Foi chefe do Departamento de Educa\u00e7\u00e3o Cooperativista da CLTO. Atualmente, jornalista e radialista da 98 FM (Te\u00f3filo Otoni) e colunista do Jornal Di\u00e1rio Tribuna.<\/p>\n","protected":false},"excerpt":{"rendered":"<p>Claro que voc\u00ea bem merece uma cr\u00f4nica brotada de meu modesto estro. H\u00e1 tanta coisa escrita por a\u00ed a solta, tanta coisa ruim e evidentemente falsa, tanta tinta e papel gastos em v\u00e3o e voc\u00ea n\u00e3o acha o escrito tupiniquim meio assim? Voc\u00ea n\u00e3o acha como eu a realidade meio chata? Pois eu acho. E [&hellip;]<\/p>\n","protected":false},"author":1,"featured_media":4892,"comment_status":"open","ping_status":"open","sticky":false,"template":"","format":"standard","meta":{"rop_custom_images_group":[],"rop_custom_messages_group":[],"rop_publish_now":"initial","rop_publish_now_accounts":[],"rop_publish_now_history":[],"rop_publish_now_status":"pending","footnotes":""},"categories":[24],"tags":[1839,474,42,1838],"class_list":["post-4891","post","type-post","status-publish","format-standard","has-post-thumbnail","hentry","category-opiniao","tag-09-10-2020","tag-anibal-goncalves-2","tag-diario-tribuna","tag-pra-voce"],"_links":{"self":[{"href":"https:\/\/diariotribuna.com.br\/index.php?rest_route=\/wp\/v2\/posts\/4891"}],"collection":[{"href":"https:\/\/diariotribuna.com.br\/index.php?rest_route=\/wp\/v2\/posts"}],"about":[{"href":"https:\/\/diariotribuna.com.br\/index.php?rest_route=\/wp\/v2\/types\/post"}],"author":[{"embeddable":true,"href":"https:\/\/diariotribuna.com.br\/index.php?rest_route=\/wp\/v2\/users\/1"}],"replies":[{"embeddable":true,"href":"https:\/\/diariotribuna.com.br\/index.php?rest_route=%2Fwp%2Fv2%2Fcomments&post=4891"}],"version-history":[{"count":1,"href":"https:\/\/diariotribuna.com.br\/index.php?rest_route=\/wp\/v2\/posts\/4891\/revisions"}],"predecessor-version":[{"id":4893,"href":"https:\/\/diariotribuna.com.br\/index.php?rest_route=\/wp\/v2\/posts\/4891\/revisions\/4893"}],"wp:featuredmedia":[{"embeddable":true,"href":"https:\/\/diariotribuna.com.br\/index.php?rest_route=\/wp\/v2\/media\/4892"}],"wp:attachment":[{"href":"https:\/\/diariotribuna.com.br\/index.php?rest_route=%2Fwp%2Fv2%2Fmedia&parent=4891"}],"wp:term":[{"taxonomy":"category","embeddable":true,"href":"https:\/\/diariotribuna.com.br\/index.php?rest_route=%2Fwp%2Fv2%2Fcategories&post=4891"},{"taxonomy":"post_tag","embeddable":true,"href":"https:\/\/diariotribuna.com.br\/index.php?rest_route=%2Fwp%2Fv2%2Ftags&post=4891"}],"curies":[{"name":"wp","href":"https:\/\/api.w.org\/{rel}","templated":true}]}}