{"id":4897,"date":"2020-10-10T10:33:12","date_gmt":"2020-10-10T13:33:12","guid":{"rendered":"https:\/\/diariotribuna.com.br\/?p=4897"},"modified":"2020-10-10T10:33:13","modified_gmt":"2020-10-10T13:33:13","slug":"clinica-e-medico-sao-condenados-por-erro-em-diagnostico","status":"publish","type":"post","link":"https:\/\/diariotribuna.com.br\/?p=4897","title":{"rendered":"Cl\u00ednica e m\u00e9dico s\u00e3o condenados por erro em diagn\u00f3stico"},"content":{"rendered":"\n<p>Tratamento ortop\u00e9dico equivocado piorou condi\u00e7\u00e3o da paciente<\/p>\n\n\n\n<figure class=\"wp-block-image size-large is-resized\"><img loading=\"lazy\" decoding=\"async\" src=\"https:\/\/diariotribuna.com.br\/wp-content\/uploads\/2020\/10\/unnamed-4.jpg\" alt=\"\" class=\"wp-image-4898\" width=\"467\" height=\"311\" srcset=\"https:\/\/diariotribuna.com.br\/wp-content\/uploads\/2020\/10\/unnamed-4.jpg 600w, https:\/\/diariotribuna.com.br\/wp-content\/uploads\/2020\/10\/unnamed-4-300x200.jpg 300w\" sizes=\"(max-width: 467px) 100vw, 467px\" \/><figcaption><strong>Exame radiol\u00f3gico foi realizado com erro por cl\u00ednica e avalia\u00e7\u00e3o provocou tratamento equivocado de paciente<\/strong><\/figcaption><\/figure>\n\n\n\n<p>A\u00a0Sermig Servi\u00e7o de Radiologia e Ultrassonografia e um m\u00e9dico da cl\u00ednica ter\u00e3o que indenizar uma paciente por erro de diagn\u00f3stico durante a realiza\u00e7\u00e3o de um exame radiol\u00f3gico. Em fun\u00e7\u00e3o da falha, ela foi submetida a um tratamento errado, o que piorou seu quadro cl\u00ednico. O Tribunal de Justi\u00e7a de Minas Gerais (TJMG) manteve a senten\u00e7a da Comarca de Belo Horizonte, que responsabilizou a cl\u00ednica e o profissional pelo ocorrido.<\/p>\n\n\n\n<p><strong>Exames &#8211;<\/strong> De acordo com o relat\u00f3rio m\u00e9dico, a paciente apresentava dor lombar e foi submetida a uma\u00a0escanometria radiol\u00f3gica na cl\u00ednica Sermig, para averiguar se havia diferen\u00e7a entre os membros inferiores (pernas). O resultado do exame apontou um encurtamento da perna esquerda de 1,8 cm.<\/p>\n\n\n\n<p>O m\u00e9dico que acompanha a paciente prescreveu uma palmilha para corrigir a diferen\u00e7a. No entanto, as dores persistiram e a paciente fez um novo exame, dessa vez em outro laborat\u00f3rio. O resultado detectou uma diferen\u00e7a de 0,8 cm entre os membros, revelando uma discrep\u00e2ncia com rela\u00e7\u00e3o ao primeiro procedimento.<\/p>\n\n\n\n<p>Posteriormente, o exame foi refeito na cl\u00ednica&nbsp;Sermig e o m\u00e9dico que havia realizado o exame da primeira vez reconheceu que houve falha. Diante disso, o relat\u00f3rio concluiu que o erro prejudicou o quadro da paciente, uma vez que, com base no resultado, foi prescrito um tratamento equivocado que agravou as dores que ela sentia.<\/p>\n\n\n\n<p>Na primeira inst\u00e2ncia, a senten\u00e7a da Comarca de Belo Horizonte condenou a empresa a indenizar a paciente em R$ 20 mil, por danos morais, e R$ 900 pelos danos materiais causados. A conduta do profissional tamb\u00e9m ser\u00e1 julgada pelo Conselho Regional de Medicina (CRM).<\/p>\n\n\n\n<p><strong>Recurso &#8211; <\/strong>A empresa e o m\u00e9dico recorreram da decis\u00e3o. Segundo a defesa, o resultado equivocado n\u00e3o teria ocorrido por falha do profissional, mas pela m\u00e1 postura da cliente durante o procedimento. A defesa disse ainda que o m\u00e9dico que acompanhava a paciente deveria ter confrontado os resultados apresentados, uma vez que estes n\u00e3o s\u00e3o conclusivos.<\/p>\n\n\n\n<p>Para a relatora, desembargadora Jaqueline Cal\u00e1bria Albuquerque, &#8220;as provas denotam a falta de dilig\u00eancia adotada pelo m\u00e9dico requerido, que cometeu erro grosseiro durante o exame de\u00a0escanometria radiol\u00f3gica&#8221;. A magistrada destacou ainda que o pr\u00f3prio profissional constatou o erro ap\u00f3s realizar um novo exame.<\/p>\n\n\n\n<p>Com rela\u00e7\u00e3o \u00e0 alega\u00e7\u00e3o de que a posi\u00e7\u00e3o da paciente interferiu no resultado, a relatora destacou que era dever do profissional que conduzia o exame orient\u00e1-la sobre o posicionamento correto. Dessa forma, a condena\u00e7\u00e3o foi mantida integralmente. Acompanharam o voto da relatora o desembargador \u00c1lvares Cabral da Silva e o juiz de direito convocado Marcelo Pereira da Silva.<\/p>\n\n\n\n<p>Leia o&nbsp;<a href=\"https:\/\/yraawiytiinerle.i-mpr.com\/link.php?code=bDpodHRwJTNBJTJGJTJGd3d3NS50am1nLmp1cy5iciUyRmp1cmlzcHJ1ZGVuY2lhJTJGcGVzcXVpc2FOdW1lcm9DTkpFc3BlbGhvQWNvcmRhby5kbyUzRm51bWVyb1JlZ2lzdHJvJTNEMSUyNnRvdGFsTGluaGFzJTNEMSUyNmxpbmhhc1BvclBhZ2luYSUzRDEwJTI2bnVtZXJvVW5pY28lM0QxLjAwMDAuMjAuMDM1OTg0LTIlMjUyRjAwMSUyNnBlc3F1aXNhTnVtZXJvQ05KJTNEUGVzcXVpc2FyOjM4MDc1MTA0MjE6dHJpYnVuYWRvbXVjdXJpQGdtYWlsLmNvbTowOWI4ZWU=\" target=\"_blank\" rel=\"noreferrer noopener\">ac\u00f3rd\u00e3o&nbsp;<\/a>e acompanhe&nbsp;<a href=\"https:\/\/yraawiytiinerle.i-mpr.com\/link.php?code=bDpodHRwJTNBJTJGJTJGd3d3NC50am1nLmp1cy5iciUyRmp1cmlkaWNvJTJGc2YlMkZwcm9jX3Jlc3VsdGFkbzIuanNwJTNGdGlwb1Blc3F1aXNhMiUzRDElMjZ0eHRQcm9jZXNzbyUzRDEwMDAwMjAwMzU5ODQyMDAxJTI2bm9tZVBlc3NvYSUzRCUyNnRpcG9QZXNzb2ElM0RYJTI2bmF0dXJlemFQcm9jZXNzbyUzRDAlMjZzaXR1YWNhb1BhcnRlJTNEWCUyNmNvZGlnb09BQjIlM0QlMjZ0aXBvT0FCJTNETiUyNnVmT0FCJTNETUclMjZudW1lcm8lM0QyMCUyNnNlbGVjdCUzRDElMjZsaXN0YVByb2Nlc3NvcyUzRDEwMDAwMjAwMzU5ODQyMDAxJTI2dGlwb0NvbnN1bHRhJTNEMSUyNm5hdHVyZXphJTNEMCUyNmF0aXZvQmFpeGFkbyUzRFglMjZjb21yQ29kaWdvJTNEMDAyNDozODA3NTEwNDIxOnRyaWJ1bmFkb211Y3VyaUBnbWFpbC5jb206M2ExMGM1\" target=\"_blank\" rel=\"noreferrer noopener\">movimenta\u00e7\u00e3o&nbsp;<\/a>do processo.<\/p>\n\n\n\n<p><strong>Assessoria de Comunica\u00e7\u00e3o Institucional &#8211;\u00a0Ascom<br>Tribunal de Justi\u00e7a de Minas Gerais &#8211; TJMG<\/strong><\/p>\n","protected":false},"excerpt":{"rendered":"<p>Tratamento ortop\u00e9dico equivocado piorou condi\u00e7\u00e3o da paciente A\u00a0Sermig Servi\u00e7o de Radiologia e Ultrassonografia e um m\u00e9dico da cl\u00ednica ter\u00e3o que indenizar uma paciente por erro de diagn\u00f3stico durante a realiza\u00e7\u00e3o de um exame radiol\u00f3gico. Em fun\u00e7\u00e3o da falha, ela foi submetida a um tratamento errado, o que piorou seu quadro cl\u00ednico. O Tribunal de Justi\u00e7a [&hellip;]<\/p>\n","protected":false},"author":1,"featured_media":4898,"comment_status":"open","ping_status":"open","sticky":false,"template":"","format":"standard","meta":{"rop_custom_images_group":[],"rop_custom_messages_group":[],"rop_publish_now":"initial","rop_publish_now_accounts":[],"rop_publish_now_history":[],"rop_publish_now_status":"pending","footnotes":""},"categories":[31],"tags":[1841,1842,53],"class_list":["post-4897","post","type-post","status-publish","format-standard","has-post-thumbnail","hentry","category-juridico","tag-clinica-e-medico-condenados","tag-erro-de-doagnostico","tag-tjmg"],"_links":{"self":[{"href":"https:\/\/diariotribuna.com.br\/index.php?rest_route=\/wp\/v2\/posts\/4897"}],"collection":[{"href":"https:\/\/diariotribuna.com.br\/index.php?rest_route=\/wp\/v2\/posts"}],"about":[{"href":"https:\/\/diariotribuna.com.br\/index.php?rest_route=\/wp\/v2\/types\/post"}],"author":[{"embeddable":true,"href":"https:\/\/diariotribuna.com.br\/index.php?rest_route=\/wp\/v2\/users\/1"}],"replies":[{"embeddable":true,"href":"https:\/\/diariotribuna.com.br\/index.php?rest_route=%2Fwp%2Fv2%2Fcomments&post=4897"}],"version-history":[{"count":1,"href":"https:\/\/diariotribuna.com.br\/index.php?rest_route=\/wp\/v2\/posts\/4897\/revisions"}],"predecessor-version":[{"id":4899,"href":"https:\/\/diariotribuna.com.br\/index.php?rest_route=\/wp\/v2\/posts\/4897\/revisions\/4899"}],"wp:featuredmedia":[{"embeddable":true,"href":"https:\/\/diariotribuna.com.br\/index.php?rest_route=\/wp\/v2\/media\/4898"}],"wp:attachment":[{"href":"https:\/\/diariotribuna.com.br\/index.php?rest_route=%2Fwp%2Fv2%2Fmedia&parent=4897"}],"wp:term":[{"taxonomy":"category","embeddable":true,"href":"https:\/\/diariotribuna.com.br\/index.php?rest_route=%2Fwp%2Fv2%2Fcategories&post=4897"},{"taxonomy":"post_tag","embeddable":true,"href":"https:\/\/diariotribuna.com.br\/index.php?rest_route=%2Fwp%2Fv2%2Ftags&post=4897"}],"curies":[{"name":"wp","href":"https:\/\/api.w.org\/{rel}","templated":true}]}}