{"id":5072,"date":"2020-10-16T12:50:16","date_gmt":"2020-10-16T15:50:16","guid":{"rendered":"https:\/\/diariotribuna.com.br\/?p=5072"},"modified":"2020-10-18T23:27:32","modified_gmt":"2020-10-19T02:27:32","slug":"final-de-semana-tem-novas-atracoes-culturais-gratuitas-oferecidas-pela-cemig","status":"publish","type":"post","link":"https:\/\/diariotribuna.com.br\/?p=5072","title":{"rendered":"Final de semana tem novas atra\u00e7\u00f5es culturais gratuitas oferecidas pela Cemig"},"content":{"rendered":"\n<p><em><strong>Programa\u00e7\u00e3o &nbsp; apresenta &nbsp;festival de pintura e grandes espet\u00e1culos de &nbsp;m\u00fasica e dan\u00e7a<\/strong><\/em><\/p>\n\n\n\n<figure class=\"wp-block-image size-large is-resized\"><img loading=\"lazy\" decoding=\"async\" src=\"https:\/\/diariotribuna.com.br\/wp-content\/uploads\/2020\/10\/copa-mundo-blog.jpg\" alt=\"\" class=\"wp-image-5073\" width=\"449\" height=\"299\" srcset=\"https:\/\/diariotribuna.com.br\/wp-content\/uploads\/2020\/10\/copa-mundo-blog.jpg 600w, https:\/\/diariotribuna.com.br\/wp-content\/uploads\/2020\/10\/copa-mundo-blog-300x200.jpg 300w\" sizes=\"(max-width: 449px) 100vw, 449px\" \/><\/figure>\n\n\n\n<p>O #EnergiadaCultura desta semana apresenta artistas e projetos apoiados pela Cemig com uma programa\u00e7\u00e3o que re\u00fane o primeiro festival de pinturas em empenas de Belo Horizonte, temporada de \u00f3pera, m\u00fasica independente mineira e os melhores momentos dos 45 anos do Grupo Corpo.<\/p>\n\n\n\n<p>As atra\u00e7\u00f5es est\u00e3o dispon\u00edveis gratuitamente em plataformas digitais para curtir de casa, sem gastar nada, e podem ser acessadas&nbsp;na p\u00e1gina da Cemig no Facebook&nbsp;&nbsp;<a href=\"https:\/\/www.facebook.com\/events\/829922724488802\/\" target=\"_blank\" rel=\"noreferrer noopener\">https:\/\/www.facebook.com\/events\/829922724488802\/<\/a><\/p>\n\n\n\n<h2 class=\"wp-block-heading\"><strong>Confira a programa\u00e7\u00e3o:<\/strong><\/h2>\n\n\n\n<p><strong>Dia 16 \/10 &#8211; Temporada de \u00d3pera on-line Funda\u00e7\u00e3o Cl\u00f3vis Salgado<\/strong><\/p>\n\n\n\n<p>Os f\u00e3s de \u00f3pera podem acompanhar a tradicional temporada do Pal\u00e1cio das Artes sem sair de casa. A temporada deste ano vai at\u00e9 o fim de novembro e contar\u00e1 com debates, aulas, palestras, mostra de cinema, exposi\u00e7\u00e3o de artes gr\u00e1ficas e exibi\u00e7\u00e3o de v\u00eddeo in\u00e9dito em sua programa\u00e7\u00e3o. Para come\u00e7ar, at\u00e9 domingo, dia 18, voc\u00ea pode acompanhar o WEBINAR #\u00d3PERAHOJE que contar\u00e1 com palestras, mesas de discuss\u00f5es e apresenta\u00e7\u00e3o de casos com grandes nomes do mercado.<\/p>\n\n\n\n<p><strong>Dia 17\/10 &#8211; Cine Horto Som &amp; F\u00faria: Cliver Honorato e Babadan Banda de Rua<\/strong><\/p>\n\n\n\n<p>O Galp\u00e3o Cine Horto \u00e9 o centro cultural do Grupo Galp\u00e3o, e, neste semestre, est\u00e1 promovendo diversas atividades culturais on-line. Uma delas \u00e9 o tradicional Festival SOM &amp; F\u00daRIA, que, na edi\u00e7\u00e3o de 2020, traz ao p\u00fablico o melhor da m\u00fasica independente mineira, com duas apresenta\u00e7\u00f5es por m\u00eas. A estreia n\u00e3o podia ser melhor. No s\u00e1bado, o violonista Cliver Honorato lan\u00e7a o \u00e1lbum +1&#8242; (Mais Um Minuto), e no domingo \u00e9 a vez da big band Babadan &nbsp;Banda de Rua lan\u00e7ar o seu primeiro CD, &#8220;Anunciando&#8221;.<\/p>\n\n\n\n<p><strong>Dia 18\/10 &#8211; &nbsp;O CURA \u00e9 o primeiro festival de pintura em empenas de Belo Horizonte, que transformou a rua Sapuca\u00ed no primeiro mirante de arte urbana do mundo.<\/strong><\/p>\n\n\n\n<p>A edi\u00e7\u00e3o de 2020 foi sensacional e agora a cidade conta quatro novas empenas no centro, al\u00e9m de duas instala\u00e7\u00f5es. Aproveite que uma delas, \u201cEntidades\u201d, criada pelo artista ind\u00edgena roraimense Jaider Esbell , permanece no Viaduto Santa Tereza s\u00f3 at\u00e9 o dia 22. At\u00e9 essa data tamb\u00e9m voc\u00ea pode conferir a galeria virtual do CURA. S\u00e3o obras diversas e para todos os gostos de mais de 40 artistas de todo o Brasil.<\/p>\n\n\n\n<p><strong>Grupo Corpo &#8211; Especial 45 anos<\/strong><\/p>\n\n\n\n<p>Uma das mais importantes companhias de dan\u00e7a contempor\u00e2nea do Brasil completa 45 anos e est\u00e1 lan\u00e7ando uma s\u00e9rie de a\u00e7\u00f5es on-line com document\u00e1rios, intera\u00e7\u00f5es art\u00edsticas e desafios. No IGTV do grupo Corpo voc\u00ea pode acompanhar a s\u00e9rie hist\u00f3rica, que traz trechos dos espet\u00e1culos, depoimentos e um pouco sobre cada uma das montagens do grupo. Al\u00e9m disso, voc\u00ea tamb\u00e9m pode acompanhar as trilhas completas dos espet\u00e1culos gratuitamente nas principais plataformas de streaming musical e alugar espet\u00e1culos inteiros do grupo para assistir no Vimeo.<\/p>\n\n\n\n<p>*Todas as atra\u00e7\u00f5es culturais foram gravadas antes do per\u00edodo da pandemia ou est\u00e3o seguindo as orienta\u00e7\u00f5es da OMS. (Ger\u00eancia de Comunica\u00e7\u00e3o e Marketing).<\/p>\n","protected":false},"excerpt":{"rendered":"<p>Programa\u00e7\u00e3o &nbsp; apresenta &nbsp;festival de pintura e grandes espet\u00e1culos de &nbsp;m\u00fasica e dan\u00e7a O #EnergiadaCultura desta semana apresenta artistas e projetos apoiados pela Cemig com uma programa\u00e7\u00e3o que re\u00fane o primeiro festival de pinturas em empenas de Belo Horizonte, temporada de \u00f3pera, m\u00fasica independente mineira e os melhores momentos dos 45 anos do Grupo Corpo. [&hellip;]<\/p>\n","protected":false},"author":1,"featured_media":5073,"comment_status":"open","ping_status":"open","sticky":false,"template":"","format":"standard","meta":{"rop_custom_images_group":[],"rop_custom_messages_group":[],"rop_publish_now":"initial","rop_publish_now_accounts":[],"rop_publish_now_history":[],"rop_publish_now_status":"pending","footnotes":""},"categories":[19],"tags":[1897,72,1898],"class_list":["post-5072","post","type-post","status-publish","format-standard","has-post-thumbnail","hentry","category-gerais","tag-atracoes-culturais","tag-cemig","tag-fim-de-semana"],"_links":{"self":[{"href":"https:\/\/diariotribuna.com.br\/index.php?rest_route=\/wp\/v2\/posts\/5072"}],"collection":[{"href":"https:\/\/diariotribuna.com.br\/index.php?rest_route=\/wp\/v2\/posts"}],"about":[{"href":"https:\/\/diariotribuna.com.br\/index.php?rest_route=\/wp\/v2\/types\/post"}],"author":[{"embeddable":true,"href":"https:\/\/diariotribuna.com.br\/index.php?rest_route=\/wp\/v2\/users\/1"}],"replies":[{"embeddable":true,"href":"https:\/\/diariotribuna.com.br\/index.php?rest_route=%2Fwp%2Fv2%2Fcomments&post=5072"}],"version-history":[{"count":2,"href":"https:\/\/diariotribuna.com.br\/index.php?rest_route=\/wp\/v2\/posts\/5072\/revisions"}],"predecessor-version":[{"id":5110,"href":"https:\/\/diariotribuna.com.br\/index.php?rest_route=\/wp\/v2\/posts\/5072\/revisions\/5110"}],"wp:featuredmedia":[{"embeddable":true,"href":"https:\/\/diariotribuna.com.br\/index.php?rest_route=\/wp\/v2\/media\/5073"}],"wp:attachment":[{"href":"https:\/\/diariotribuna.com.br\/index.php?rest_route=%2Fwp%2Fv2%2Fmedia&parent=5072"}],"wp:term":[{"taxonomy":"category","embeddable":true,"href":"https:\/\/diariotribuna.com.br\/index.php?rest_route=%2Fwp%2Fv2%2Fcategories&post=5072"},{"taxonomy":"post_tag","embeddable":true,"href":"https:\/\/diariotribuna.com.br\/index.php?rest_route=%2Fwp%2Fv2%2Ftags&post=5072"}],"curies":[{"name":"wp","href":"https:\/\/api.w.org\/{rel}","templated":true}]}}