{"id":5075,"date":"2020-10-16T13:03:06","date_gmt":"2020-10-16T16:03:06","guid":{"rendered":"https:\/\/diariotribuna.com.br\/?p=5075"},"modified":"2020-10-16T13:03:07","modified_gmt":"2020-10-16T16:03:07","slug":"19o-batalhao-apresenta-balanco-das-ocorrencias-destaque-no-feriado-da-padroeira","status":"publish","type":"post","link":"https:\/\/diariotribuna.com.br\/?p=5075","title":{"rendered":"19\u00ba Batalh\u00e3o apresenta balan\u00e7o das ocorr\u00eancias destaque no feriado da padroeira"},"content":{"rendered":"\n<figure class=\"wp-block-image size-large is-resized\"><img loading=\"lazy\" decoding=\"async\" src=\"https:\/\/diariotribuna.com.br\/wp-content\/uploads\/2020\/10\/e86fc98c-24ee-4fed-bfa8-f78dfa8f5c19.jpg\" alt=\"\" class=\"wp-image-5076\" width=\"414\" height=\"311\" srcset=\"https:\/\/diariotribuna.com.br\/wp-content\/uploads\/2020\/10\/e86fc98c-24ee-4fed-bfa8-f78dfa8f5c19.jpg 600w, https:\/\/diariotribuna.com.br\/wp-content\/uploads\/2020\/10\/e86fc98c-24ee-4fed-bfa8-f78dfa8f5c19-300x225.jpg 300w, https:\/\/diariotribuna.com.br\/wp-content\/uploads\/2020\/10\/e86fc98c-24ee-4fed-bfa8-f78dfa8f5c19-80x60.jpg 80w, https:\/\/diariotribuna.com.br\/wp-content\/uploads\/2020\/10\/e86fc98c-24ee-4fed-bfa8-f78dfa8f5c19-265x198.jpg 265w, https:\/\/diariotribuna.com.br\/wp-content\/uploads\/2020\/10\/e86fc98c-24ee-4fed-bfa8-f78dfa8f5c19-560x420.jpg 560w\" sizes=\"(max-width: 414px) 100vw, 414px\" \/><\/figure>\n\n\n\n<p>A Pol\u00edcia Militar fazendo valer de sua miss\u00e3o constitucional de pol\u00edcia ostensiva e preserva\u00e7\u00e3o da ordem p\u00fablica e com o objetivo de aumentar a sensa\u00e7\u00e3o de seguran\u00e7a durante o feriado realizou opera\u00e7\u00f5es que culminaram na apreens\u00e3o de drogas, armas de fogo e pris\u00e3o de infratores. Na sexta-feira (09\/10), foi apreendido um tablete de maconha na zona norte de Te\u00f3filo Otoni numa localidade conhecida pela comercializa\u00e7\u00e3o de entorpecentes.<\/p>\n\n\n\n<p>No s\u00e1bado (10), foram desencadeadas a\u00e7\u00f5es de repress\u00e3o qualificada ao tr\u00e1fico na zona rural e em um badalado estabelecimento comercial noturno situado no centro de Te\u00f3filo Otoni sendo aprendidas 39 buchas de maconha, 02 tabletes da mesma subst\u00e2ncia, uma por\u00e7\u00e3o de haxixe, 15 pinos de coca\u00edna, 28 pedras de crack e R$76 oriundos da venda de drogas. Tr\u00eas pessoas foram presas pelo crime de tr\u00e1fico de drogas.<\/p>\n\n\n\n<p>Na segunda-feira (12), foram realizados trabalhos com o objetivo de reprimir o crime de posse ilegal de armas de fogo, sendo apreendidas em Itambacuri 02 armas de fogo que foram utilizadas pelo autor preso, em crime de amea\u00e7a. Ainda no dia 12, na zona norte de Te\u00f3filo Otoni foi preso um foragido da justi\u00e7a que estava homiziado em um bairro na regi\u00e3o sul. Ele responde processo pelo crime de tr\u00e1fico de drogas.<\/p>\n\n\n\n<p>O per\u00edodo transcorreu sem transtornos levando paz e tranquilidade para a popula\u00e7\u00e3o da \u00e1rea do 19\u00ba Batalh\u00e3o de Pol\u00edcia Militar. (Assessoria de comunica\u00e7\u00e3o organizacional do 19\u00ba BPM).<\/p>\n\n\n\n<figure class=\"wp-block-gallery columns-2 is-cropped wp-block-gallery-1 is-layout-flex wp-block-gallery-is-layout-flex\"><ul class=\"blocks-gallery-grid\"><li class=\"blocks-gallery-item\"><figure><img loading=\"lazy\" decoding=\"async\" width=\"600\" height=\"597\" src=\"https:\/\/diariotribuna.com.br\/wp-content\/uploads\/2020\/10\/4487fcbd-d97f-49bb-9204-c55cd1f28849.jpg\" alt=\"\" data-id=\"5077\" data-full-url=\"https:\/\/diariotribuna.com.br\/wp-content\/uploads\/2020\/10\/4487fcbd-d97f-49bb-9204-c55cd1f28849.jpg\" data-link=\"https:\/\/diariotribuna.com.br\/?attachment_id=5077\" class=\"wp-image-5077\" srcset=\"https:\/\/diariotribuna.com.br\/wp-content\/uploads\/2020\/10\/4487fcbd-d97f-49bb-9204-c55cd1f28849.jpg 600w, https:\/\/diariotribuna.com.br\/wp-content\/uploads\/2020\/10\/4487fcbd-d97f-49bb-9204-c55cd1f28849-300x300.jpg 300w, https:\/\/diariotribuna.com.br\/wp-content\/uploads\/2020\/10\/4487fcbd-d97f-49bb-9204-c55cd1f28849-150x150.jpg 150w, https:\/\/diariotribuna.com.br\/wp-content\/uploads\/2020\/10\/4487fcbd-d97f-49bb-9204-c55cd1f28849-422x420.jpg 422w\" sizes=\"(max-width: 600px) 100vw, 600px\" \/><\/figure><\/li><li class=\"blocks-gallery-item\"><figure><img loading=\"lazy\" decoding=\"async\" width=\"600\" height=\"337\" src=\"https:\/\/diariotribuna.com.br\/wp-content\/uploads\/2020\/10\/bd08823e-d48f-4904-ae32-4e086eca8149.jpg\" alt=\"\" data-id=\"5078\" data-full-url=\"https:\/\/diariotribuna.com.br\/wp-content\/uploads\/2020\/10\/bd08823e-d48f-4904-ae32-4e086eca8149.jpg\" data-link=\"https:\/\/diariotribuna.com.br\/?attachment_id=5078\" class=\"wp-image-5078\" srcset=\"https:\/\/diariotribuna.com.br\/wp-content\/uploads\/2020\/10\/bd08823e-d48f-4904-ae32-4e086eca8149.jpg 600w, https:\/\/diariotribuna.com.br\/wp-content\/uploads\/2020\/10\/bd08823e-d48f-4904-ae32-4e086eca8149-300x169.jpg 300w\" sizes=\"(max-width: 600px) 100vw, 600px\" \/><\/figure><\/li><\/ul><\/figure>\n","protected":false},"excerpt":{"rendered":"<p>A Pol\u00edcia Militar fazendo valer de sua miss\u00e3o constitucional de pol\u00edcia ostensiva e preserva\u00e7\u00e3o da ordem p\u00fablica e com o objetivo de aumentar a sensa\u00e7\u00e3o de seguran\u00e7a durante o feriado realizou opera\u00e7\u00f5es que culminaram na apreens\u00e3o de drogas, armas de fogo e pris\u00e3o de infratores. Na sexta-feira (09\/10), foi apreendido um tablete de maconha na [&hellip;]<\/p>\n","protected":false},"author":1,"featured_media":5076,"comment_status":"open","ping_status":"open","sticky":false,"template":"","format":"standard","meta":{"rop_custom_images_group":[],"rop_custom_messages_group":[],"rop_publish_now":"initial","rop_publish_now_accounts":[],"rop_publish_now_history":[],"rop_publish_now_status":"pending","footnotes":""},"categories":[20],"tags":[1864,74,1448,1846,76,75],"class_list":["post-5075","post","type-post","status-publish","format-standard","has-post-thumbnail","hentry","category-policia","tag-12-10-2020","tag-19o-bpm","tag-balanco","tag-feriado-padroeira","tag-policia-militar","tag-teofilo-otoni"],"_links":{"self":[{"href":"https:\/\/diariotribuna.com.br\/index.php?rest_route=\/wp\/v2\/posts\/5075"}],"collection":[{"href":"https:\/\/diariotribuna.com.br\/index.php?rest_route=\/wp\/v2\/posts"}],"about":[{"href":"https:\/\/diariotribuna.com.br\/index.php?rest_route=\/wp\/v2\/types\/post"}],"author":[{"embeddable":true,"href":"https:\/\/diariotribuna.com.br\/index.php?rest_route=\/wp\/v2\/users\/1"}],"replies":[{"embeddable":true,"href":"https:\/\/diariotribuna.com.br\/index.php?rest_route=%2Fwp%2Fv2%2Fcomments&post=5075"}],"version-history":[{"count":1,"href":"https:\/\/diariotribuna.com.br\/index.php?rest_route=\/wp\/v2\/posts\/5075\/revisions"}],"predecessor-version":[{"id":5079,"href":"https:\/\/diariotribuna.com.br\/index.php?rest_route=\/wp\/v2\/posts\/5075\/revisions\/5079"}],"wp:featuredmedia":[{"embeddable":true,"href":"https:\/\/diariotribuna.com.br\/index.php?rest_route=\/wp\/v2\/media\/5076"}],"wp:attachment":[{"href":"https:\/\/diariotribuna.com.br\/index.php?rest_route=%2Fwp%2Fv2%2Fmedia&parent=5075"}],"wp:term":[{"taxonomy":"category","embeddable":true,"href":"https:\/\/diariotribuna.com.br\/index.php?rest_route=%2Fwp%2Fv2%2Fcategories&post=5075"},{"taxonomy":"post_tag","embeddable":true,"href":"https:\/\/diariotribuna.com.br\/index.php?rest_route=%2Fwp%2Fv2%2Ftags&post=5075"}],"curies":[{"name":"wp","href":"https:\/\/api.w.org\/{rel}","templated":true}]}}