{"id":5080,"date":"2020-10-16T14:05:46","date_gmt":"2020-10-16T17:05:46","guid":{"rendered":"https:\/\/diariotribuna.com.br\/?p=5080"},"modified":"2020-10-21T19:02:11","modified_gmt":"2020-10-21T22:02:11","slug":"cinco-pessoas-sao-presas-em-operacao-da-policia-civil-em-aracuai","status":"publish","type":"post","link":"https:\/\/diariotribuna.com.br\/?p=5080","title":{"rendered":"Cinco pessoas s\u00e3o presas em opera\u00e7\u00e3o da Pol\u00edcia Civil em Ara\u00e7ua\u00ed"},"content":{"rendered":"\n<figure class=\"wp-block-image size-large is-resized\"><img loading=\"lazy\" decoding=\"async\" src=\"https:\/\/diariotribuna.com.br\/wp-content\/uploads\/2020\/10\/bb227b39-d625-478e-bf21-a4365761064a.jpg\" alt=\"\" class=\"wp-image-5081\" width=\"516\" height=\"387\" srcset=\"https:\/\/diariotribuna.com.br\/wp-content\/uploads\/2020\/10\/bb227b39-d625-478e-bf21-a4365761064a.jpg 600w, https:\/\/diariotribuna.com.br\/wp-content\/uploads\/2020\/10\/bb227b39-d625-478e-bf21-a4365761064a-300x225.jpg 300w, https:\/\/diariotribuna.com.br\/wp-content\/uploads\/2020\/10\/bb227b39-d625-478e-bf21-a4365761064a-80x60.jpg 80w, https:\/\/diariotribuna.com.br\/wp-content\/uploads\/2020\/10\/bb227b39-d625-478e-bf21-a4365761064a-265x198.jpg 265w, https:\/\/diariotribuna.com.br\/wp-content\/uploads\/2020\/10\/bb227b39-d625-478e-bf21-a4365761064a-560x420.jpg 560w\" sizes=\"(max-width: 516px) 100vw, 516px\" \/><\/figure>\n\n\n\n<p>A Policia Civil desencadeou, nesta manh\u00e3 de quinta-feira (15\/10), na cidade de Ara\u00e7ua\u00ed, uma opera\u00e7\u00e3o visando a desarticula\u00e7\u00e3o de uma organiza\u00e7\u00e3o criminosa respons\u00e1vel pelo tr\u00e1fico de drogas em uma regi\u00e3o conhecida por Baixada. A opera\u00e7\u00e3o teve a participa\u00e7\u00e3o de 36 policiais civis, 10 viaturas e o canil da Policia Civil de Minas Gerais.<\/p>\n\n\n\n<figure class=\"wp-block-image size-large is-resized\"><img loading=\"lazy\" decoding=\"async\" src=\"https:\/\/diariotribuna.com.br\/wp-content\/uploads\/2020\/10\/7b669657-9106-48ec-ae06-7c4dca32935a.jpg\" alt=\"\" class=\"wp-image-5082\" width=\"545\" height=\"295\" srcset=\"https:\/\/diariotribuna.com.br\/wp-content\/uploads\/2020\/10\/7b669657-9106-48ec-ae06-7c4dca32935a.jpg 600w, https:\/\/diariotribuna.com.br\/wp-content\/uploads\/2020\/10\/7b669657-9106-48ec-ae06-7c4dca32935a-300x163.jpg 300w\" sizes=\"(max-width: 545px) 100vw, 545px\" \/><\/figure>\n\n\n\n<p>Durante o cumprimento das dilig\u00eancias cinco pessoas foram presas, segundo a PC, elas eram respons\u00e1veis por organizar a distribui\u00e7\u00e3o de drogas e a pr\u00e1tica de outros crimes. Ap\u00f3s meses de investiga\u00e7\u00f5es foi poss\u00edvel identificar a participa\u00e7\u00e3o ativa deles na movimenta\u00e7\u00e3o do tr\u00e1fico na regi\u00e3o. Foram presos 04 homens, com idades entre 23 e 34 anos e uma mulher de 45.<\/p>\n\n\n\n<figure class=\"wp-block-gallery columns-2 is-cropped wp-block-gallery-1 is-layout-flex wp-block-gallery-is-layout-flex\"><ul class=\"blocks-gallery-grid\"><li class=\"blocks-gallery-item\"><figure><img loading=\"lazy\" decoding=\"async\" width=\"600\" height=\"450\" src=\"https:\/\/diariotribuna.com.br\/wp-content\/uploads\/2020\/10\/7556b9f7-77af-4496-b272-f8a514717b7c.jpg\" alt=\"\" data-id=\"5083\" data-full-url=\"https:\/\/diariotribuna.com.br\/wp-content\/uploads\/2020\/10\/7556b9f7-77af-4496-b272-f8a514717b7c.jpg\" data-link=\"https:\/\/diariotribuna.com.br\/?attachment_id=5083\" class=\"wp-image-5083\" srcset=\"https:\/\/diariotribuna.com.br\/wp-content\/uploads\/2020\/10\/7556b9f7-77af-4496-b272-f8a514717b7c.jpg 600w, https:\/\/diariotribuna.com.br\/wp-content\/uploads\/2020\/10\/7556b9f7-77af-4496-b272-f8a514717b7c-300x225.jpg 300w, https:\/\/diariotribuna.com.br\/wp-content\/uploads\/2020\/10\/7556b9f7-77af-4496-b272-f8a514717b7c-80x60.jpg 80w, https:\/\/diariotribuna.com.br\/wp-content\/uploads\/2020\/10\/7556b9f7-77af-4496-b272-f8a514717b7c-265x198.jpg 265w, https:\/\/diariotribuna.com.br\/wp-content\/uploads\/2020\/10\/7556b9f7-77af-4496-b272-f8a514717b7c-560x420.jpg 560w\" sizes=\"(max-width: 600px) 100vw, 600px\" \/><\/figure><\/li><li class=\"blocks-gallery-item\"><figure><img loading=\"lazy\" decoding=\"async\" width=\"600\" height=\"930\" src=\"https:\/\/diariotribuna.com.br\/wp-content\/uploads\/2020\/10\/e3a18ac8-fdb7-455f-b835-cebf44914621.jpg\" alt=\"\" data-id=\"5085\" data-full-url=\"https:\/\/diariotribuna.com.br\/wp-content\/uploads\/2020\/10\/e3a18ac8-fdb7-455f-b835-cebf44914621.jpg\" data-link=\"https:\/\/diariotribuna.com.br\/?attachment_id=5085\" class=\"wp-image-5085\" srcset=\"https:\/\/diariotribuna.com.br\/wp-content\/uploads\/2020\/10\/e3a18ac8-fdb7-455f-b835-cebf44914621.jpg 600w, https:\/\/diariotribuna.com.br\/wp-content\/uploads\/2020\/10\/e3a18ac8-fdb7-455f-b835-cebf44914621-194x300.jpg 194w, https:\/\/diariotribuna.com.br\/wp-content\/uploads\/2020\/10\/e3a18ac8-fdb7-455f-b835-cebf44914621-271x420.jpg 271w\" sizes=\"(max-width: 600px) 100vw, 600px\" \/><\/figure><\/li><\/ul><\/figure>\n\n\n\n<p>Os investigados possuem diversas passagens pela pol\u00edcia, incluindo crimes graves, como homic\u00eddios, tr\u00e1fico de drogas e associa\u00e7\u00e3o para o tr\u00e1fico. Os c\u00e3es da Policia Civil tamb\u00e9m participaram da opera\u00e7\u00e3o e nas buscas. Eles s\u00e3o treinados para localizar drogas e fugitivos. Durante as buscas ainda foram localizadas por\u00e7\u00f5es de maconha e coca\u00edna, al\u00e9m de uma quantia aproximada de R$ 1.400,00. As pessoas detidas nesta opera\u00e7\u00e3o seriam encaminhadas para o presidio de Te\u00f3filo Otoni. (Informa\u00e7\u00f5es\/Fotos: Assessoria de comunica\u00e7\u00e3o da PCMG\/ Te\u00f3filo Otoni).<\/p>\n","protected":false},"excerpt":{"rendered":"<p>A Policia Civil desencadeou, nesta manh\u00e3 de quinta-feira (15\/10), na cidade de Ara\u00e7ua\u00ed, uma opera\u00e7\u00e3o visando a desarticula\u00e7\u00e3o de uma organiza\u00e7\u00e3o criminosa respons\u00e1vel pelo tr\u00e1fico de drogas em uma regi\u00e3o conhecida por Baixada. A opera\u00e7\u00e3o teve a participa\u00e7\u00e3o de 36 policiais civis, 10 viaturas e o canil da Policia Civil de Minas Gerais. Durante o [&hellip;]<\/p>\n","protected":false},"author":1,"featured_media":5082,"comment_status":"open","ping_status":"open","sticky":false,"template":"","format":"standard","meta":{"rop_custom_images_group":[],"rop_custom_messages_group":[],"rop_publish_now":"initial","rop_publish_now_accounts":[],"rop_publish_now_history":[],"rop_publish_now_status":"pending","footnotes":""},"categories":[20],"tags":[1901,1900,80,292],"class_list":["post-5080","post","type-post","status-publish","format-standard","has-post-thumbnail","hentry","category-policia","tag-5-presos","tag-aracuai-2","tag-operacao","tag-policia-civil"],"_links":{"self":[{"href":"https:\/\/diariotribuna.com.br\/index.php?rest_route=\/wp\/v2\/posts\/5080"}],"collection":[{"href":"https:\/\/diariotribuna.com.br\/index.php?rest_route=\/wp\/v2\/posts"}],"about":[{"href":"https:\/\/diariotribuna.com.br\/index.php?rest_route=\/wp\/v2\/types\/post"}],"author":[{"embeddable":true,"href":"https:\/\/diariotribuna.com.br\/index.php?rest_route=\/wp\/v2\/users\/1"}],"replies":[{"embeddable":true,"href":"https:\/\/diariotribuna.com.br\/index.php?rest_route=%2Fwp%2Fv2%2Fcomments&post=5080"}],"version-history":[{"count":1,"href":"https:\/\/diariotribuna.com.br\/index.php?rest_route=\/wp\/v2\/posts\/5080\/revisions"}],"predecessor-version":[{"id":5086,"href":"https:\/\/diariotribuna.com.br\/index.php?rest_route=\/wp\/v2\/posts\/5080\/revisions\/5086"}],"wp:featuredmedia":[{"embeddable":true,"href":"https:\/\/diariotribuna.com.br\/index.php?rest_route=\/wp\/v2\/media\/5082"}],"wp:attachment":[{"href":"https:\/\/diariotribuna.com.br\/index.php?rest_route=%2Fwp%2Fv2%2Fmedia&parent=5080"}],"wp:term":[{"taxonomy":"category","embeddable":true,"href":"https:\/\/diariotribuna.com.br\/index.php?rest_route=%2Fwp%2Fv2%2Fcategories&post=5080"},{"taxonomy":"post_tag","embeddable":true,"href":"https:\/\/diariotribuna.com.br\/index.php?rest_route=%2Fwp%2Fv2%2Ftags&post=5080"}],"curies":[{"name":"wp","href":"https:\/\/api.w.org\/{rel}","templated":true}]}}