{"id":5088,"date":"2020-10-16T14:23:06","date_gmt":"2020-10-16T17:23:06","guid":{"rendered":"https:\/\/diariotribuna.com.br\/?p=5088"},"modified":"2020-10-16T14:47:26","modified_gmt":"2020-10-16T17:47:26","slug":"centro-estadual-de-atencao-especializada-ceae-promove-evento-alusivo-a-campanha-outubro-rosa","status":"publish","type":"post","link":"https:\/\/diariotribuna.com.br\/?p=5088","title":{"rendered":"Centro Estadual de Aten\u00e7\u00e3o Especializada (CEAE) promove evento alusivo \u00e0 Campanha Outubro Rosa"},"content":{"rendered":"\n<figure class=\"wp-block-image size-large is-resized\"><img loading=\"lazy\" decoding=\"async\" src=\"https:\/\/diariotribuna.com.br\/wp-content\/uploads\/2020\/10\/1-Equipe-CEAE-com-o-grupo-Mulheres-de-F\u00e9-e-o-m\u00e9dico-mastologista-dr.-Paulo-Henrique.jpg\" alt=\"\" class=\"wp-image-5089\" width=\"527\" height=\"348\" srcset=\"https:\/\/diariotribuna.com.br\/wp-content\/uploads\/2020\/10\/1-Equipe-CEAE-com-o-grupo-Mulheres-de-F\u00e9-e-o-m\u00e9dico-mastologista-dr.-Paulo-Henrique.jpg 700w, https:\/\/diariotribuna.com.br\/wp-content\/uploads\/2020\/10\/1-Equipe-CEAE-com-o-grupo-Mulheres-de-F\u00e9-e-o-m\u00e9dico-mastologista-dr.-Paulo-Henrique-300x198.jpg 300w, https:\/\/diariotribuna.com.br\/wp-content\/uploads\/2020\/10\/1-Equipe-CEAE-com-o-grupo-Mulheres-de-F\u00e9-e-o-m\u00e9dico-mastologista-dr.-Paulo-Henrique-696x460.jpg 696w, https:\/\/diariotribuna.com.br\/wp-content\/uploads\/2020\/10\/1-Equipe-CEAE-com-o-grupo-Mulheres-de-F\u00e9-e-o-m\u00e9dico-mastologista-dr.-Paulo-Henrique-635x420.jpg 635w\" sizes=\"(max-width: 527px) 100vw, 527px\" \/><figcaption><strong>Equipe CEAE com o grupo Mulheres de F\u00e9 e o m\u00e9dico mastologista, dr. Paulo Henrique<\/strong><\/figcaption><\/figure>\n\n\n\n<p><strong>Te\u00f3filo Otoni &#8211;<\/strong> O Centro Estadual de Aten\u00e7\u00e3o Especializada (CEAE \/ CIS-EVMJ) promoveu na quarta-feira (14\/10\/2020), um evento com atra\u00e7\u00f5es alusivas \u00e0 campanha \u201cOutubro Rosa\u201d, com participa\u00e7\u00e3o do grupo Mulheres de F\u00e9. \u201cFoi uma manh\u00e3 muito agrad\u00e1vel ao ar livre e s\u00f3 temos a agradecer por mais um ano somando com o CEAE e abrilhantando nosso programa com tanta alegria e muita energia. Esse ano elas trouxeram duas can\u00e7\u00f5es muito lindas, composi\u00e7\u00e3o da Tia \u00c9lia Lisboa coordenadora do grupo e que colocou todo mundo para cantar. Foi muito lindo!\u201d, disse a coordenadora do CEAE, M\u00edria Hollerbach.<\/p>\n\n\n\n<figure class=\"wp-block-image size-large is-resized\"><img loading=\"lazy\" decoding=\"async\" src=\"https:\/\/diariotribuna.com.br\/wp-content\/uploads\/2020\/10\/4-O-evento-foi-realizado-ao-ar-livre-com-muita-alegria-seguindo-os-cuidados-com-uso-de-\u00e1lcool-e-m\u00e1scara.jpg\" alt=\"\" class=\"wp-image-5090\" width=\"541\" height=\"357\" srcset=\"https:\/\/diariotribuna.com.br\/wp-content\/uploads\/2020\/10\/4-O-evento-foi-realizado-ao-ar-livre-com-muita-alegria-seguindo-os-cuidados-com-uso-de-\u00e1lcool-e-m\u00e1scara.jpg 600w, https:\/\/diariotribuna.com.br\/wp-content\/uploads\/2020\/10\/4-O-evento-foi-realizado-ao-ar-livre-com-muita-alegria-seguindo-os-cuidados-com-uso-de-\u00e1lcool-e-m\u00e1scara-300x199.jpg 300w\" sizes=\"(max-width: 541px) 100vw, 541px\" \/><figcaption><strong>O evento foi realizado ao ar livre com muita alegria seguindo os cuidados com uso de \u00e1lcool em gel e m\u00e1scara<\/strong>,<strong> devido a pandemia do coronav\u00edrus<\/strong><\/figcaption><\/figure>\n\n\n\n<p>Outubro Rosa \u00e9 o m\u00eas que enfatiza a import\u00e2ncia da preven\u00e7\u00e3o do diagn\u00f3stico do c\u00e2ncer de mama, n\u00e3o s\u00f3 no Brasil, mas no mundo todo. O Grupo Mulheres de F\u00e9, de iniciativa de \u00c9lia Lisboa fez uma apresenta\u00e7\u00e3o art\u00edstica com engajamento de todos ali presentes. Segundo ela, tem o Outubro Rosa para ser comemorado, mas para as mulheres que fazem o tratamento \u00e9 o ano inteiro. Elas t\u00eam consultas, algumas a cada tr\u00eas meses, outras anualmente, enfim, v\u00e1rios casos diferentes. \u201cMas aqui o nosso tratamento \u00e9 maravilhoso, as pessoas s\u00e3o retribu\u00eddas com carinho, afeto. N\u00f3s temos a nossa f\u00e9 por isso nosso grupo chama Mulheres de F\u00e9\u201d. \u00c9lia explica que ela j\u00e1 ultrapassou os 10 anos de enfrentamento da doen\u00e7a, mas est\u00e1 sempre firme, alegre, conduzindo o grupo porque muitas ainda precisam de apoio.<\/p>\n\n\n\n<figure class=\"wp-block-image size-large is-resized\"><img loading=\"lazy\" decoding=\"async\" src=\"https:\/\/diariotribuna.com.br\/wp-content\/uploads\/2020\/10\/5-M\u00e9dico-mastologista-do-CEAE-dr.-Paulo-Henrique-Alves-Caetano.jpg\" alt=\"\" class=\"wp-image-5091\" width=\"484\" height=\"319\" srcset=\"https:\/\/diariotribuna.com.br\/wp-content\/uploads\/2020\/10\/5-M\u00e9dico-mastologista-do-CEAE-dr.-Paulo-Henrique-Alves-Caetano.jpg 600w, https:\/\/diariotribuna.com.br\/wp-content\/uploads\/2020\/10\/5-M\u00e9dico-mastologista-do-CEAE-dr.-Paulo-Henrique-Alves-Caetano-300x199.jpg 300w\" sizes=\"(max-width: 484px) 100vw, 484px\" \/><figcaption><strong>M\u00e9dico mastologista do CEAE, dr. Paulo Henrique Alves Caetano falando da import\u00e2ncia da preven\u00e7\u00e3o<\/strong><\/figcaption><\/figure>\n\n\n\n<p>Neste ano, pela quest\u00e3o da pandemia, Dr. Paulo Henrique m\u00e9dico do CEAE informou que houve mudan\u00e7as significativas do n\u00famero de exames de mamografia e de consultas, n\u00e3o s\u00f3 da \u00e1rea da mastologia como tamb\u00e9m na \u00e1rea de oncologia de forma geral, e essa mudan\u00e7a acabou levando ao retardo do diagn\u00f3stico do c\u00e2ncer. Disse que o foco da Sociedade Brasileira de Mastologia este ano \u00e9 \u201cQuanto antes melhor\u201d, no sentido de que medidas de preven\u00e7\u00e3o, melhora da qualidade de vida, alimenta\u00e7\u00e3o e atividade f\u00edsica, contribuem para a redu\u00e7\u00e3o do impacto do c\u00e2ncer de mama e v\u00e1rias outras doen\u00e7as.<\/p>\n\n\n\n<p>\u201cIsso foi observado pela Sociedade Brasileira de Mastologia em fun\u00e7\u00e3o da pandemia, em que houve uma restri\u00e7\u00e3o de acesso aos exames de sa\u00fade de uma forma geral. Isso teve impacto tamb\u00e9m na parte da mastologia, levando uma queda acentuada nos exames de mamografia, de consultas m\u00e9dicas e at\u00e9 de procedimentos cir\u00fargicos\u201d, confirmou o dr. Paulo Henrique lembrando que o c\u00e2ncer de mama \u00e9 a doen\u00e7a que mais afeta a mulher no mundo.<\/p>\n\n\n\n<p>\u201cNo Brasil hoje em torno de quase 30% das mulheres receberam o diagn\u00f3stico de c\u00e2ncer de mama. Elas t\u00eam que lembrar que mesmo com a pandemia t\u00eam que continuar fazendo seus exames peri\u00f3dicos\u201d. Dr. Paulo Henrique ressalta que ainda existe aquele estigma de que o c\u00e2ncer \u00e9 uma doen\u00e7a incur\u00e1vel que levaria a pessoa \u00e0 morte. \u201cA gente sabe que isso n\u00e3o \u00e9 verdade, que o importante na verdade \u00e9 fazer seus exames peri\u00f3dicos, quanto mais cedo se diagnostica o c\u00e2ncer de mama maior \u00e9 a possibilidade de sucesso no tratamento e, consequentemente, a cura\u201d.<\/p>\n\n\n\n<figure class=\"wp-block-image size-large is-resized\"><img loading=\"lazy\" decoding=\"async\" src=\"https:\/\/diariotribuna.com.br\/wp-content\/uploads\/2020\/10\/3-Enfermeira-Maria-Elo\u00edsa-e-as-psic\u00f3logas-Andr\u00e9ia-Pereira-e-Ciarla-Alves-CEAE.jpg\" alt=\"\" class=\"wp-image-5093\" width=\"479\" height=\"358\" srcset=\"https:\/\/diariotribuna.com.br\/wp-content\/uploads\/2020\/10\/3-Enfermeira-Maria-Elo\u00edsa-e-as-psic\u00f3logas-Andr\u00e9ia-Pereira-e-Ciarla-Alves-CEAE.jpg 600w, https:\/\/diariotribuna.com.br\/wp-content\/uploads\/2020\/10\/3-Enfermeira-Maria-Elo\u00edsa-e-as-psic\u00f3logas-Andr\u00e9ia-Pereira-e-Ciarla-Alves-CEAE-300x225.jpg 300w, https:\/\/diariotribuna.com.br\/wp-content\/uploads\/2020\/10\/3-Enfermeira-Maria-Elo\u00edsa-e-as-psic\u00f3logas-Andr\u00e9ia-Pereira-e-Ciarla-Alves-CEAE-80x60.jpg 80w, https:\/\/diariotribuna.com.br\/wp-content\/uploads\/2020\/10\/3-Enfermeira-Maria-Elo\u00edsa-e-as-psic\u00f3logas-Andr\u00e9ia-Pereira-e-Ciarla-Alves-CEAE-265x198.jpg 265w, https:\/\/diariotribuna.com.br\/wp-content\/uploads\/2020\/10\/3-Enfermeira-Maria-Elo\u00edsa-e-as-psic\u00f3logas-Andr\u00e9ia-Pereira-e-Ciarla-Alves-CEAE-561x420.jpg 561w\" sizes=\"(max-width: 479px) 100vw, 479px\" \/><figcaption><strong>Enfermeira Maria Elo\u00edsa e as psic\u00f3logas Andr\u00e9ia Pereira e Ciarla Alves &#8211; CEAE<\/strong><\/figcaption><\/figure>\n\n\n\n<p>A enfermeira do Ambulat\u00f3rio de Mastologia do CEAE, Maria Eloisa Fernandes dos Santos explica como o paciente chega at\u00e9 o CEAE que \u00e9 uma rede de aten\u00e7\u00e3o secund\u00e1ria. Ela informa que o paciente \u00e9 investigado inicialmente na aten\u00e7\u00e3o prim\u00e1ria, pois j\u00e1 passou pela primeira avalia\u00e7\u00e3o e possivelmente j\u00e1 realizou os exames de Ultrassonografia mam\u00e1ria ou exame de mamografia de rastreamento. A partir de um desses exames sendo detectada altera\u00e7\u00e3o mam\u00e1ria o paciente \u00e9 encaminhado ao CEAE para dar prosseguimento no diagn\u00f3stico precoce. Atrav\u00e9s das bi\u00f3psias de mama, sendo constatado positivo para a doen\u00e7a o paciente \u00e9 encaminhado para a aten\u00e7\u00e3o terci\u00e1ria. Os que n\u00e3o s\u00e3o positivados permanecem no CEAE fazendo rastreamento e dando continuidade ao tratamento.<\/p>\n\n\n\n<p>A abordagem psicol\u00f3gica auxilia o usu\u00e1rio na ader\u00eancia ao tratamento, na promo\u00e7\u00e3o da sa\u00fade, na preven\u00e7\u00e3o do agravamento da doen\u00e7a, no rastreio de poss\u00edveis transtornos, visando \u00e0 garantia de uma maior qualidade de vida, apesar das restri\u00e7\u00f5es impostas pelo tratamento. Essa abordagem busca conhecer e trabalhar as capacidades positivas dos pacientes no enfrentamento da doen\u00e7a e na busca pela sua sa\u00fade, incentivando-o, atrav\u00e9s da pr\u00e1tica interdisciplinar, ao empoderamento da sua condi\u00e7\u00e3o de sa\u00fade, ao desenvolvimento do autocuidado, ao reconhecimento dos seus direitos e deveres diante do tratamento, fatores que ir\u00e3o influenciar diretamente na sua motiva\u00e7\u00e3o.<\/p>\n\n\n\n<p style=\"background-color:#f78da3;color:#f7f0f0\" class=\"has-text-color has-background\"><strong>Objetivo do CEAE \u2013 Centro Estadual de Aten\u00e7\u00e3o Especializada: \u2022Promover a ader\u00eancia ao tratamento, reduzir sintomas de depress\u00e3o, ansiedade e decl\u00ednio cognitivo; \u2022Desenvolver resili\u00eancia, autoefic\u00e1cia, estrat\u00e9gias de enfrentamento e motiva\u00e7\u00e3o para mudan\u00e7a de comportamento.<\/strong><\/p>\n\n\n\n<p>A Psic\u00f3loga Andr\u00e9ia Pereira explica que os pacientes j\u00e1 chegam carregados de ansiedade, medos e muita ang\u00fastia, pois ficam preocupados com os resultados de exames e que muitas vezes ainda nem realizaram, j\u00e1 ficam com pensamento negativo sem mesmo saber os resultados. A a\u00e7\u00f5es como sala de espera, atividades em grupo e os atendimentos individuais que realizam, ajudam a minimizar essa ansiedade e melhorar a ades\u00e3o ao tratamento. Casos de agravos s\u00e3o encaminhados para continuidade de tratamento nos seus munic\u00edpios de origem. Destaca ainda que a mente sadia ajuda at\u00e9 na quest\u00e3o da imunidade pra n\u00e3o afetar a parte f\u00edsica.<\/p>\n\n\n\n<p>A Psic\u00f3loga Ciarla Alves disse que a preven\u00e7\u00e3o \u00e9 uma luta di\u00e1ria do CEAE com os pacientes. Destaca que outubro \u00e9 o m\u00eas s\u00edmbolo da campanha, mas preven\u00e7\u00f5es, cuidado, precisam ser constantes. \u201cO cuidado com a nossa sa\u00fade precisa ser no dia a dia. O autocuidado precisamos ter, porque nossos h\u00e1bitos influenciam na nossa sa\u00fade hoje e no futuro\u201d. Refor\u00e7a tamb\u00e9m \u201ca import\u00e2ncia de trabalhar as emo\u00e7\u00f5es, porque as nossas emo\u00e7\u00f5es influenciam na nossa vida\u201d.<\/p>\n\n\n\n<figure class=\"wp-block-image size-large is-resized\"><img loading=\"lazy\" decoding=\"async\" src=\"https:\/\/diariotribuna.com.br\/wp-content\/uploads\/2020\/10\/DSC_3347.jpg\" alt=\"\" class=\"wp-image-5092\" width=\"483\" height=\"319\" srcset=\"https:\/\/diariotribuna.com.br\/wp-content\/uploads\/2020\/10\/DSC_3347.jpg 600w, https:\/\/diariotribuna.com.br\/wp-content\/uploads\/2020\/10\/DSC_3347-300x199.jpg 300w\" sizes=\"(max-width: 483px) 100vw, 483px\" \/><\/figure>\n\n\n\n<p><strong>A coordenadora do CEAE, M\u00edria Hollerbach<\/strong> enfatiza a import\u00e2ncia do evento, da conscientiza\u00e7\u00e3o, da preven\u00e7\u00e3o. M\u00edria agradeceu ao grupo Mulheres de F\u00e9 na representatividade de \u00c9lia Lisboa, a cada pessoa que se disp\u00f4s de tempo para estar ali prestigiando o evento, toda equipe do CEAE que todos os dias recebem as pessoas, conduzindo e orientando da melhor forma poss\u00edvel, ao Dr. Paulo Henrique, m\u00e9dico mastologista do CEAE. \u201cEle falou aqui que nasceu no Dia da Mulher. Deus n\u00e3o escolheu melhor dia pra ele nascer, dia 8 de mar\u00e7o. E Deus deu a ele essa d\u00e1diva pra cuidar de cada uma de n\u00f3s, especialista nisso\u201d, destacou brincando.<\/p>\n\n\n\n<p>M\u00edria refor\u00e7a que o m\u00eas de outubro \u00e9 enfatizado como a campanha em especial, mas o CEAE trabalha diariamente essas a\u00e7\u00f5es de preven\u00e7\u00e3o a todos os usu\u00e1rios, estendendo aos homens, porque eles tamb\u00e9m precisam se cuidar. Nosso lema de campanha \u00e9 \u201cVoc\u00ea j\u00e1 cuidou de voc\u00ea hoje? Ent\u00e3o vamos nos cuidar, nos olhar todos os dias, e entender o quanto somos importantes. E fechou falando que o CEAE tamb\u00e9m cuida de cada uma deles.<\/p>\n\n\n\n<figure class=\"wp-block-image size-large is-resized\"><img loading=\"lazy\" decoding=\"async\" src=\"https:\/\/diariotribuna.com.br\/wp-content\/uploads\/2020\/10\/2-Equipe-do-Centro-Estadual-de-Atendimento-Especializado-com-a-coordenadora-M\u00edria.jpg\" alt=\"\" class=\"wp-image-5094\" width=\"500\" height=\"330\" srcset=\"https:\/\/diariotribuna.com.br\/wp-content\/uploads\/2020\/10\/2-Equipe-do-Centro-Estadual-de-Atendimento-Especializado-com-a-coordenadora-M\u00edria.jpg 600w, https:\/\/diariotribuna.com.br\/wp-content\/uploads\/2020\/10\/2-Equipe-do-Centro-Estadual-de-Atendimento-Especializado-com-a-coordenadora-M\u00edria-300x199.jpg 300w\" sizes=\"(max-width: 500px) 100vw, 500px\" \/><figcaption><strong>Equipe do Centro Estadual de Atendimento Especializado (CEAE) com a coordenadora M\u00edria Hollerbach<\/strong><\/figcaption><\/figure>\n\n\n\n<figure class=\"wp-block-image size-large is-resized\"><img loading=\"lazy\" decoding=\"async\" src=\"https:\/\/diariotribuna.com.br\/wp-content\/uploads\/2020\/10\/DSC_3330.jpg\" alt=\"\" class=\"wp-image-5095\" width=\"498\" height=\"329\" srcset=\"https:\/\/diariotribuna.com.br\/wp-content\/uploads\/2020\/10\/DSC_3330.jpg 600w, https:\/\/diariotribuna.com.br\/wp-content\/uploads\/2020\/10\/DSC_3330-300x199.jpg 300w\" sizes=\"(max-width: 498px) 100vw, 498px\" \/><figcaption><strong>Grupo Mulheres de F\u00e9<\/strong><\/figcaption><\/figure>\n\n\n\n<p><\/p>\n","protected":false},"excerpt":{"rendered":"<p>Te\u00f3filo Otoni &#8211; O Centro Estadual de Aten\u00e7\u00e3o Especializada (CEAE \/ CIS-EVMJ) promoveu na quarta-feira (14\/10\/2020), um evento com atra\u00e7\u00f5es alusivas \u00e0 campanha \u201cOutubro Rosa\u201d, com participa\u00e7\u00e3o do grupo Mulheres de F\u00e9. \u201cFoi uma manh\u00e3 muito agrad\u00e1vel ao ar livre e s\u00f3 temos a agradecer por mais um ano somando com o CEAE e abrilhantando [&hellip;]<\/p>\n","protected":false},"author":1,"featured_media":5089,"comment_status":"open","ping_status":"open","sticky":false,"template":"","format":"standard","meta":{"rop_custom_images_group":[],"rop_custom_messages_group":[],"rop_publish_now":"initial","rop_publish_now_accounts":[],"rop_publish_now_history":[],"rop_publish_now_status":"pending","footnotes":""},"categories":[25,17],"tags":[48,1424,1903,1902],"class_list":["post-5088","post","type-post","status-publish","format-standard","has-post-thumbnail","hentry","category-destaque","category-teofilootoni","tag-48","tag-ceae","tag-mulheres-de-fe","tag-outubro-rosa"],"_links":{"self":[{"href":"https:\/\/diariotribuna.com.br\/index.php?rest_route=\/wp\/v2\/posts\/5088"}],"collection":[{"href":"https:\/\/diariotribuna.com.br\/index.php?rest_route=\/wp\/v2\/posts"}],"about":[{"href":"https:\/\/diariotribuna.com.br\/index.php?rest_route=\/wp\/v2\/types\/post"}],"author":[{"embeddable":true,"href":"https:\/\/diariotribuna.com.br\/index.php?rest_route=\/wp\/v2\/users\/1"}],"replies":[{"embeddable":true,"href":"https:\/\/diariotribuna.com.br\/index.php?rest_route=%2Fwp%2Fv2%2Fcomments&post=5088"}],"version-history":[{"count":7,"href":"https:\/\/diariotribuna.com.br\/index.php?rest_route=\/wp\/v2\/posts\/5088\/revisions"}],"predecessor-version":[{"id":5104,"href":"https:\/\/diariotribuna.com.br\/index.php?rest_route=\/wp\/v2\/posts\/5088\/revisions\/5104"}],"wp:featuredmedia":[{"embeddable":true,"href":"https:\/\/diariotribuna.com.br\/index.php?rest_route=\/wp\/v2\/media\/5089"}],"wp:attachment":[{"href":"https:\/\/diariotribuna.com.br\/index.php?rest_route=%2Fwp%2Fv2%2Fmedia&parent=5088"}],"wp:term":[{"taxonomy":"category","embeddable":true,"href":"https:\/\/diariotribuna.com.br\/index.php?rest_route=%2Fwp%2Fv2%2Fcategories&post=5088"},{"taxonomy":"post_tag","embeddable":true,"href":"https:\/\/diariotribuna.com.br\/index.php?rest_route=%2Fwp%2Fv2%2Ftags&post=5088"}],"curies":[{"name":"wp","href":"https:\/\/api.w.org\/{rel}","templated":true}]}}