{"id":5352,"date":"2020-10-26T14:28:47","date_gmt":"2020-10-26T17:28:47","guid":{"rendered":"https:\/\/diariotribuna.com.br\/?p=5352"},"modified":"2020-10-26T14:28:48","modified_gmt":"2020-10-26T17:28:48","slug":"covid-19-casos-por-bairros-comunidades-e-distritos-de-teofilo-otoni","status":"publish","type":"post","link":"https:\/\/diariotribuna.com.br\/?p=5352","title":{"rendered":"Covid-19: casos por bairros, comunidades e distritos de Te\u00f3filo Otoni"},"content":{"rendered":"\n<p><strong>O munic\u00edpio j\u00e1 computa 2.565 casos positivos de Covid-19 e 103 \u00f3bitos; 2.125 pessoas j\u00e1 est\u00e3o recuperadas<\/strong><\/p>\n\n\n\n<figure class=\"wp-block-image size-large is-resized\"><img loading=\"lazy\" decoding=\"async\" src=\"https:\/\/diariotribuna.com.br\/wp-content\/uploads\/2020\/10\/90127239_2607949282827065_4095575144385216512_n-4.jpg\" alt=\"\" class=\"wp-image-5353\" width=\"446\" height=\"250\" srcset=\"https:\/\/diariotribuna.com.br\/wp-content\/uploads\/2020\/10\/90127239_2607949282827065_4095575144385216512_n-4.jpg 350w, https:\/\/diariotribuna.com.br\/wp-content\/uploads\/2020\/10\/90127239_2607949282827065_4095575144385216512_n-4-300x168.jpg 300w\" sizes=\"(max-width: 446px) 100vw, 446px\" \/><\/figure>\n\n\n\n<p>O boletim epidemiol\u00f3gico divulgado pela Secretaria Municipal de Sa\u00fade na noite deste domingo (25\/10), confirma <strong>2.565 casos positivos <\/strong>de Covid-19 em Te\u00f3filo Otoni, 06 a mais nas \u00faltimas 24h e <strong>103 \u00f3bitos<\/strong> ocorreram at\u00e9 esta data. Ainda de acordo com o boletim s\u00e3o 10.638 casos suspeitos descartados, 337 casos ativos e 2.125 pessoas infectadas j\u00e1 est\u00e3o recuperadas. Nesta data tem 18 pacientes internados, sendo 02 em UTI e 16 em leitos cl\u00ednicos. <strong>Nos leitos SUS:<\/strong> tem 24,32% de ocupa\u00e7\u00e3o dos leitos de UTI e 18,86% de ocupa\u00e7\u00e3o dos leitos cl\u00ednicos.<\/p>\n\n\n\n<p><strong>O 103\u00ba \u00f3bito<\/strong> por complica\u00e7\u00e3o causada pela Covid-19 ocorreu no s\u00e1bado (24\/10\/2020) e trata-se de uma mulher de 48 anos que estava internada no Hospital Philadelfia. Segundo a secretaria ela recebeu toda assist\u00eancia e tratamento necess\u00e1rios, era portadora de comorbidades e teve o resultado confirmado por RT-PCR.<\/p>\n\n\n\n<p><strong>O boletim mais detalhado divulgado na sexta-feira (23\/10)<\/strong>, pela Secretaria Municipal de Sa\u00fade informa o cen\u00e1rio da Covid-19 atualizado por bairros e comunidades rurais e a origem dos pacientes que ocupam leitos hospitalares em Te\u00f3filo Otoni. <strong>Veja abaixo:<\/strong><\/p>\n\n\n\n<p><strong>Casos confirmados por Bairros de Te\u00f3filo Otoni:<\/strong> Altino Barbosa (20), Bela Vista (134), Belvedere (21), Castro Pires (71), Centro (208), Cidade Alta (27), Cidade Nova (07), Conc\u00f3rdia (81), F\u00e1tima (37), Felicidade (06), Filad\u00e9lfia (19), Frei Dimas (35), Frei J\u00falio (08), Funcion\u00e1rios (30), Gangorrinha (03), Gr\u00e3o Par\u00e1 (58), Indai\u00e1 (10), Ipiranga (99), Itagua\u00e7u (08), Jardim das Ac\u00e1cias (40), Jardim Eldorado (09), Jardim Floresta (07), Jardim Iracema (54), Jardim S\u00e3o Paulo (49), Joaquim Pedrosa (48), Laerte Laender (31), Laranjeiras (05), Lourival Soares da Costa (11), Manoel Pimenta (136), Marajoara (82), Matinha (119), Minas Novas (03), Monte Carlo (06), Mucuri (28), Nossa Senhora das Gra\u00e7as (04), Novo Horizonte (17), Olga Corr\u00eaa Prates (05), Palmeiras (52), Pampulhinha (09), Paulo Freire (04), S\u00e3o Benedito (08), S\u00e3o Crist\u00f3v\u00e3o (100), S\u00e3o Diogo (33), S\u00e3o Francisco (15), S\u00e3o Jacinto (96), S\u00e3o Pedro (01), Serra Verde (24), Solidariedade (18), Tabajaras (37), Tancredo Neves (03), Taquara (23), Te\u00f3filo Rocha (41), Turma 37 (06), Turma 38 (02), Vila Barreiros (30), Vila Betel (28), Vila Esperan\u00e7a (16), Vila Jacar\u00e9 (01), Vila Ramos (06), Vila Santa Clara (27), Vila S\u00e3o Jo\u00e3o (40), Vila Vit\u00f3ria (09), Viriato (19).<\/p>\n\n\n\n<p><strong>Comunidades e Distritos:<\/strong> \u00c1gua Fria (01), Bamberg (01), Brej\u00e3o do cedro (01), Buritis (04), Cabeceira de S\u00e3o Pedro (02), Cedro (04), C\u00f3rrego Cama Alta (01), C\u00f3rrego Capit\u00f3lio (01), C\u00f3rrego Cris\u00f3lita (03), C\u00f3rrego Mestre Campos (03), C\u00f3rrego Mutum (01), C\u00f3rrego Santo Ant\u00f4nio (02), C\u00f3rrego S\u00e3o Jo\u00e3o (01), C\u00f3rrego Sobradinho (01), C\u00f3rrego Su\u00ed\u00e7a II (01), Crispim Jaques (01), Distrito Mucuri (11), Distrito de Pedro Versiani (08), Distrito Rio Pretinho (01), Distrito Top\u00e1zio (09), Estrada de Pot\u00e9 (01), Fazenda Arn\u00f4 (01), Fazenda Bom Retiro (01), Fazenda Mucuri (01), Fazenda Saudade (01), Itamunhec (01), Jaqueira (03), Lajinha (05), P\u00f3ton (03), Serra do Hon\u00f3rio (06), Su\u00ed\u00e7a II (01). <strong>Unidades Prisionais <\/strong>(283).<\/p>\n\n\n\n<p><strong>Interna\u00e7\u00f5es SUS de casos suspeitos ou confirmados de Covid-19 por munic\u00edpio de origem:<\/strong> Te\u00f3filo Otoni (15), Cara\u00ed (01), Itambacuri (01), Nanuque (02), Novo Cruzeiro (01), Ouro Verde de Minas (01), Padre Para\u00edso (02), Pot\u00e9 (01), Serra dos Aimor\u00e9s (01). <strong>TOTAL (25)<\/strong>.<\/p>\n\n\n\n<p><strong>Interna\u00e7\u00f5es de casos suspeitos ou confirmados em leitos SUS e de sa\u00fade suplementar (privados):<\/strong> SUS (25), 32% e Conv\u00eanio (12), 68%. <strong>Ocupa\u00e7\u00e3o de leitos SUS de casos suspeitos ou confirmados em Te\u00f3filo Otoni:<\/strong> Cl\u00ednicos 22,64% e UTI 30,95%.<\/p>\n\n\n\n<p>Dos 102 \u00f3bitos por complica\u00e7\u00f5es causadas pela Covid-19 em Te\u00f3filo Otoni, 45 v\u00edtimas s\u00e3o do sexo feminino e 57 do sexo masculino: Pessoas com idade <strong>de 20 a 29 anos<\/strong> (01); <strong>de 30 a 39 anos<\/strong> (02); <strong>de 40 a 49 anos<\/strong> (03); <strong>de 50 a 59 anos<\/strong> (12); pessoas <strong>com 60 anos ou mais<\/strong> (84). <strong>Dos casos confirmados<\/strong>, 1.244 s\u00e3o do sexo feminino e 1.308 do sexo masculino.<\/p>\n","protected":false},"excerpt":{"rendered":"<p>O munic\u00edpio j\u00e1 computa 2.565 casos positivos de Covid-19 e 103 \u00f3bitos; 2.125 pessoas j\u00e1 est\u00e3o recuperadas O boletim epidemiol\u00f3gico divulgado pela Secretaria Municipal de Sa\u00fade na noite deste domingo (25\/10), confirma 2.565 casos positivos de Covid-19 em Te\u00f3filo Otoni, 06 a mais nas \u00faltimas 24h e 103 \u00f3bitos ocorreram at\u00e9 esta data. Ainda de [&hellip;]<\/p>\n","protected":false},"author":1,"featured_media":5353,"comment_status":"open","ping_status":"open","sticky":false,"template":"","format":"standard","meta":{"rop_custom_images_group":[],"rop_custom_messages_group":[],"rop_publish_now":"initial","rop_publish_now_accounts":[],"rop_publish_now_history":[],"rop_publish_now_status":"pending","footnotes":""},"categories":[192],"tags":[1975,67,1974,84],"class_list":["post-5352","post","type-post","status-publish","format-standard","has-post-thumbnail","hentry","category-covid19","tag-26-10-2020","tag-boletim","tag-casos-por-bairros","tag-covid-19"],"_links":{"self":[{"href":"https:\/\/diariotribuna.com.br\/index.php?rest_route=\/wp\/v2\/posts\/5352"}],"collection":[{"href":"https:\/\/diariotribuna.com.br\/index.php?rest_route=\/wp\/v2\/posts"}],"about":[{"href":"https:\/\/diariotribuna.com.br\/index.php?rest_route=\/wp\/v2\/types\/post"}],"author":[{"embeddable":true,"href":"https:\/\/diariotribuna.com.br\/index.php?rest_route=\/wp\/v2\/users\/1"}],"replies":[{"embeddable":true,"href":"https:\/\/diariotribuna.com.br\/index.php?rest_route=%2Fwp%2Fv2%2Fcomments&post=5352"}],"version-history":[{"count":1,"href":"https:\/\/diariotribuna.com.br\/index.php?rest_route=\/wp\/v2\/posts\/5352\/revisions"}],"predecessor-version":[{"id":5354,"href":"https:\/\/diariotribuna.com.br\/index.php?rest_route=\/wp\/v2\/posts\/5352\/revisions\/5354"}],"wp:featuredmedia":[{"embeddable":true,"href":"https:\/\/diariotribuna.com.br\/index.php?rest_route=\/wp\/v2\/media\/5353"}],"wp:attachment":[{"href":"https:\/\/diariotribuna.com.br\/index.php?rest_route=%2Fwp%2Fv2%2Fmedia&parent=5352"}],"wp:term":[{"taxonomy":"category","embeddable":true,"href":"https:\/\/diariotribuna.com.br\/index.php?rest_route=%2Fwp%2Fv2%2Fcategories&post=5352"},{"taxonomy":"post_tag","embeddable":true,"href":"https:\/\/diariotribuna.com.br\/index.php?rest_route=%2Fwp%2Fv2%2Ftags&post=5352"}],"curies":[{"name":"wp","href":"https:\/\/api.w.org\/{rel}","templated":true}]}}