{"id":6235,"date":"2020-11-27T09:11:11","date_gmt":"2020-11-27T12:11:11","guid":{"rendered":"https:\/\/diariotribuna.com.br\/?p=6235"},"modified":"2020-11-27T14:32:47","modified_gmt":"2020-11-27T17:32:47","slug":"quatro-pessoas-morrem-em-grave-acidente-de-transito-na-mgc-418","status":"publish","type":"post","link":"https:\/\/diariotribuna.com.br\/?p=6235","title":{"rendered":"Quatro pessoas morrem em grave acidente de tr\u00e2nsito na MGC 418"},"content":{"rendered":"\n<figure class=\"wp-block-image size-large\"><img loading=\"lazy\" decoding=\"async\" width=\"650\" height=\"590\" src=\"https:\/\/diariotribuna.com.br\/wp-content\/uploads\/2020\/11\/Sem-t\u00edtulo.png\" alt=\"\" class=\"wp-image-6244\" srcset=\"https:\/\/diariotribuna.com.br\/wp-content\/uploads\/2020\/11\/Sem-t\u00edtulo.png 650w, https:\/\/diariotribuna.com.br\/wp-content\/uploads\/2020\/11\/Sem-t\u00edtulo-300x272.png 300w, https:\/\/diariotribuna.com.br\/wp-content\/uploads\/2020\/11\/Sem-t\u00edtulo-463x420.png 463w\" sizes=\"(max-width: 650px) 100vw, 650px\" \/><figcaption><strong>V\u00edtimas Fatais: Jackson Santos Moreira (38 anos), M\u00e1rio Rodrigues de Andrade (62 anos<\/strong>), <strong>Maria Senhora A. Rufino (87 anos<\/strong>), <strong>Jucimara Ramos de Andrade (32 anos<\/strong>)<\/figcaption><\/figure>\n\n\n\n<figure class=\"wp-block-image size-large is-resized\"><img loading=\"lazy\" decoding=\"async\" src=\"https:\/\/diariotribuna.com.br\/wp-content\/uploads\/2020\/11\/1f4e5b89-dee2-442c-a0b3-f5334e4f94ea-1.jpg\" alt=\"\" class=\"wp-image-6248\" width=\"535\" height=\"365\" srcset=\"https:\/\/diariotribuna.com.br\/wp-content\/uploads\/2020\/11\/1f4e5b89-dee2-442c-a0b3-f5334e4f94ea-1.jpg 600w, https:\/\/diariotribuna.com.br\/wp-content\/uploads\/2020\/11\/1f4e5b89-dee2-442c-a0b3-f5334e4f94ea-1-300x205.jpg 300w, https:\/\/diariotribuna.com.br\/wp-content\/uploads\/2020\/11\/1f4e5b89-dee2-442c-a0b3-f5334e4f94ea-1-218x150.jpg 218w\" sizes=\"(max-width: 535px) 100vw, 535px\" \/><\/figure>\n\n\n\n<p><strong>Carlos Chagas &#8211;<\/strong> O acidente ocorreu na tarde de ter\u00e7a-feira (24\/11), no Km 53 da rodovia MGC-418, munic\u00edpio de Carlos Chagas. Uma testemunha qualificada no boletim de ocorr\u00eancia, A.R.P. de 39 anos, disse que, na ter\u00e7a-feira (24\/11), estavam em um vel\u00f3rio na cidade de Carlos Chagas, que as v\u00edtimas Jackson Santos Moreira (38 anos), M\u00e1rio Rodrigues de Andrade (62 anos), Maria Senhora de Andrade Rufino (87 anos), e Jucimara Ramos Andrade (32 anos), sa\u00edram de Calos Chagas com destino \u00e0 cidade de Concei\u00e7\u00e3o da Barra\/ES, por volta das 14h20, com o ve\u00edculo Ford\/Fiesta, cor preta, placa KYT-2975, mas n\u00e3o chegaram ao destino.<\/p>\n\n\n\n<p>Os familiares passaram a procurar o ve\u00edculo e as v\u00edtimas na Rodovia MGC-418, no trecho de Carlos Chagas at\u00e9 Nanuque, mesmo trajeto que as v\u00edtimas passaram e nesta quarta-feira (25), localizaram o ve\u00edculo submerso nas \u00e1guas do C\u00f3rrego do Oito e acionaram a Pol\u00edcia Militar Rodovi\u00e1ria. Os militares acionaram a per\u00edcia t\u00e9cnica e o Corpo de Bombeiros de Te\u00f3filo Otoni, que ap\u00f3s intensos esfor\u00e7os, conseguiram retirar os corpos de dentro do ve\u00edculo. Dois guinchos compareceram no local, mas n\u00e3o conseguiram retirar o ve\u00edculo, ficando o trabalho para o outro dia.<\/p>\n\n\n\n<p>O perito Criminal que esteve no local constatou que o ve\u00edculo Ford\/Fiesta, que transitava no sentido decrescente da via &#8211; Carlos Chagas\/ MG para Concei\u00e7\u00e3o da Barra\/ ES, ao convergir em uma curva acentuada \u00e0 direita, caiu em um abismo \u00e0 sua esquerda e capotou nas \u00e1guas do c\u00f3rrego, e os quatro ocupantes do ve\u00edculo morreram. Ap\u00f3s os trabalhos da per\u00edcia os corpos foram encaminhados ao IML de Te\u00f3filo Otoni, onde foram necropsiados na manh\u00e3 desta quinta-feira (26). (Informa\u00e7\u00f5es: Ocorr\u00eancia registrada pela PMMG Rodovi\u00e1ria).<\/p>\n","protected":false},"excerpt":{"rendered":"<p>Carlos Chagas &#8211; O acidente ocorreu na tarde de ter\u00e7a-feira (24\/11), no Km 53 da rodovia MGC-418, munic\u00edpio de Carlos Chagas. Uma testemunha qualificada no boletim de ocorr\u00eancia, A.R.P. de 39 anos, disse que, na ter\u00e7a-feira (24\/11), estavam em um vel\u00f3rio na cidade de Carlos Chagas, que as v\u00edtimas Jackson Santos Moreira (38 anos), M\u00e1rio [&hellip;]<\/p>\n","protected":false},"author":1,"featured_media":6248,"comment_status":"open","ping_status":"open","sticky":false,"template":"","format":"standard","meta":{"rop_custom_images_group":[],"rop_custom_messages_group":[],"rop_publish_now":"initial","rop_publish_now_accounts":[],"rop_publish_now_history":[],"rop_publish_now_status":"pending","footnotes":""},"categories":[25,18],"tags":[2215,125,95,1030],"class_list":["post-6235","post","type-post","status-publish","format-standard","has-post-thumbnail","hentry","category-destaque","category-regiao","tag-4-fatais","tag-acidente","tag-carlos-chagas","tag-policia-militar-rodoviaria"],"_links":{"self":[{"href":"https:\/\/diariotribuna.com.br\/index.php?rest_route=\/wp\/v2\/posts\/6235"}],"collection":[{"href":"https:\/\/diariotribuna.com.br\/index.php?rest_route=\/wp\/v2\/posts"}],"about":[{"href":"https:\/\/diariotribuna.com.br\/index.php?rest_route=\/wp\/v2\/types\/post"}],"author":[{"embeddable":true,"href":"https:\/\/diariotribuna.com.br\/index.php?rest_route=\/wp\/v2\/users\/1"}],"replies":[{"embeddable":true,"href":"https:\/\/diariotribuna.com.br\/index.php?rest_route=%2Fwp%2Fv2%2Fcomments&post=6235"}],"version-history":[{"count":2,"href":"https:\/\/diariotribuna.com.br\/index.php?rest_route=\/wp\/v2\/posts\/6235\/revisions"}],"predecessor-version":[{"id":6249,"href":"https:\/\/diariotribuna.com.br\/index.php?rest_route=\/wp\/v2\/posts\/6235\/revisions\/6249"}],"wp:featuredmedia":[{"embeddable":true,"href":"https:\/\/diariotribuna.com.br\/index.php?rest_route=\/wp\/v2\/media\/6248"}],"wp:attachment":[{"href":"https:\/\/diariotribuna.com.br\/index.php?rest_route=%2Fwp%2Fv2%2Fmedia&parent=6235"}],"wp:term":[{"taxonomy":"category","embeddable":true,"href":"https:\/\/diariotribuna.com.br\/index.php?rest_route=%2Fwp%2Fv2%2Fcategories&post=6235"},{"taxonomy":"post_tag","embeddable":true,"href":"https:\/\/diariotribuna.com.br\/index.php?rest_route=%2Fwp%2Fv2%2Ftags&post=6235"}],"curies":[{"name":"wp","href":"https:\/\/api.w.org\/{rel}","templated":true}]}}