{"id":624,"date":"2020-06-17T23:58:27","date_gmt":"2020-06-18T02:58:27","guid":{"rendered":"https:\/\/diariotribuna.com.br\/?p=624"},"modified":"2020-06-17T23:59:51","modified_gmt":"2020-06-18T02:59:51","slug":"sobre-o-emburrecimento","status":"publish","type":"post","link":"https:\/\/diariotribuna.com.br\/?p=624","title":{"rendered":"Sobre o emburrecimento&#8230;"},"content":{"rendered":"\n<figure class=\"wp-block-image size-large is-resized\"><img loading=\"lazy\" decoding=\"async\" src=\"https:\/\/diariotribuna.com.br\/wp-content\/uploads\/2020\/06\/Anibal-Gon\u00e7alves.jpg\" alt=\"\" class=\"wp-image-625\" width=\"181\" height=\"232\" srcset=\"https:\/\/diariotribuna.com.br\/wp-content\/uploads\/2020\/06\/Anibal-Gon\u00e7alves.jpg 634w, https:\/\/diariotribuna.com.br\/wp-content\/uploads\/2020\/06\/Anibal-Gon\u00e7alves-234x300.jpg 234w, https:\/\/diariotribuna.com.br\/wp-content\/uploads\/2020\/06\/Anibal-Gon\u00e7alves-328x420.jpg 328w\" sizes=\"(max-width: 181px) 100vw, 181px\" \/><figcaption>      <strong>An\u00edbal Gon\u00e7alves<\/strong><\/figcaption><\/figure>\n\n\n\n<p>A primeira coisa que fa\u00e7o como um cronista do cotidiano, ao atrelar-me \u00e0 canga do teclado, \u00e9 perguntar-me qual ser\u00e1 o assunto da semana. Justamente o que estou fazendo agora nesta ter\u00e7a-feira (16), enquanto o entardecer desaba sobre o c\u00e9u feito um doente anestesiado sobre um leito do Hospital Dr. Raimundo Gobira, em Te\u00f3filo Otoni.<\/p>\n\n\n\n<p>Pois \u00e9, assim como s\u00e3o as pessoas, s\u00e3o as criaturas e \u00e9 justamente por tal fato que os seres humanos s\u00e3o m\u00e1quinas de funcionamento complexo e nada simples de decifrar e entender. Que o digam Coti, propriet\u00e1rio da Carlos Alberto Im\u00f3veis &#8211; e o Dias, da Donna Pizza.<\/p>\n\n\n\n<p>Apesar de ser conhecido como um pensador contumaz, um homem habituado a meditar, o Caja\u00edba, palestrista e \u201cex-petista\u201d teofilotonense, jamais deixou de preocupar-se com as chamadas grandes quest\u00f5es de nosso quadro social. Bem sei que, para muitos, pode at\u00e9 parecer uma postura um tanto quanto elitista e radical quando nosso sapiente dr. Walcir Costa &#8211; este o nome dele constante no batist\u00e9rio -, \u201cgarante\u201d que estamos vivendo um processo cont\u00ednuo e inexor\u00e1vel de emburrecimento constante e permanente.<\/p>\n\n\n\n<p>Her\u00f3is, vil\u00f5es, \u00eddolos e outros demais mitos midi\u00e1ticos mudam a cada temporada, com a tr\u00e1gica obsess\u00e3o consumista aliada ao t\u00e9dio de quem tem tudo e \u00e0 desesperan\u00e7a dos que nada t\u00eam de seu, vai gerando continuamente em cora\u00e7\u00f5es e mentes o culto da futilidade. Sem falar da ades\u00e3o ao desperd\u00edcio da pura ostenta\u00e7\u00e3o mais rid\u00edcula e descabida cultivada com adora\u00e7\u00e3o inamov\u00edvel a cada dia. Sim, \u00e9 verdade. Vivemos em tempos de globaliza\u00e7\u00e3o (\u00f4 palavrinha mais chata e sem vergonha) da mediocridade exaltada aos p\u00edncaros e institucionalizada. N\u00e3o \u00e9 a primeira vez que toco nesse assunto e certamente tamb\u00e9m n\u00e3o vai ser a \u00faltima.<\/p>\n\n\n\n<p>Realmente, para ser o mais sincero poss\u00edvel, n\u00e3o sei quem me parece mais colonizado, se m\u00fasico de banda baiana fantasiado de guerreiro africano ou se os cantores sertanejos travestidos de caub\u00f3is de comercial de cigarro dos tempos idos do reclame. Ser nacionalista, dizer-se nacionalista tornou-se, por si s\u00f3, um termo pejorativo, insultuoso. Tanto que, outro dia, algu\u00e9m veio me indagar se eu j\u00e1 havia ido conhecer Miami, porque n\u00e3o compreendia como \u00e9 que se podia viver sem conhecer o para\u00edso dos sacoleiros classe m\u00e9dia remediada. Ora, vejam.<\/p>\n\n\n\n<p>Ora, p\u00edlulas, se eu tivesse o suficiente numer\u00e1rio sobrando no meu combalido bolso para gastar em viagens, certamente jamais iria torrar meu rico e suado dinheirinho comprando engodos made in China ou brincando de Peter Pan na Disneyl\u00e2ndia, passando o tempo enchendo o bucho com cachorro-quente lambuzado com manteiga de amendoim. Penso que a \u00fanica e \u00faltima diferen\u00e7a que resta, pelo andar da carruagem dos modismos, entre a elite endinheirada, emergente e a miada e sofrida gente lisa \u00e9 o tal de poder aquisitivo. Todo mundo virou farofeiro de elite, tanto faz se em Alcoba\u00e7a, Nova Vi\u00e7osa ou numa praia do Caribe.<\/p>\n\n\n\n<p>Entanto, voltando \u00e0 vaca fria, fazer o qu\u00ea? Quem sabe, ao inv\u00e9s de ficar aqui discorrendo sobre consumismo e futilidades, talvez devesse discorrer liricamente sobre a ilus\u00e3o do primeiro corpo nu de uma mulher langorosamente aninhada em meus bra\u00e7os juvenis l\u00e1 em Coroaci.<\/p>\n\n\n\n<p>Eu poderia escrever sobre uma discuss\u00e3o que tive com minha amada por um n\u00e3o sei qu\u00ea est\u00fapido e banal e que ora me mata de remorsos, talvez nem merecidos. Ou escrever sobre os amigos mortos t\u00e3o precocemente no passado e no presente. Ou sobre o desejo antigo, que em mim reside, de mandar tudo pra m&#8230;., exilar-me l\u00e1 no pequeno para\u00edso do saudoso \u201cSeu Ant\u00f4nio Berilo\u201d, muito perto de Novo Oriente de Minas, e escrever o romance de minha gera\u00e7\u00e3o. Por\u00e9m, na verdade, sou um navegador urbano \u2013 eventualmente ancorado nessa Te\u00f3filo Otoni regada a uma insuport\u00e1vel cacofonia, fruto indesej\u00e1vel da polui\u00e7\u00e3o sonora nessa outrora Cidade do Amor Fraterno \u2013 um mito grego depois da Covid-19, eternamente indeciso entre ir ou ficar&#8230;<\/p>\n\n\n\n<p><strong>Sobre o colunista: An\u00edbal Gon\u00e7alves<\/strong> \u00e9 pedagogo, graduado em Administra\u00e7\u00e3o Escolar, ex-diretor da Escola Estadual de Coroaci &#8211; MG [hoje Dona Sinhaninha Gon\u00e7alves] e professor de Filosofia, Sociologia e Hist\u00f3ria da Educa\u00e7\u00e3o. Foi chefe do Departamento de Educa\u00e7\u00e3o Cooperativista da CLTO. Atualmente, jornalista e radialista da 98 FM (Te\u00f3filo Otoni) e colunista do Jornal Di\u00e1rio Tribuna.<\/p>\n","protected":false},"excerpt":{"rendered":"<p>A primeira coisa que fa\u00e7o como um cronista do cotidiano, ao atrelar-me \u00e0 canga do teclado, \u00e9 perguntar-me qual ser\u00e1 o assunto da semana. Justamente o que estou fazendo agora nesta ter\u00e7a-feira (16), enquanto o entardecer desaba sobre o c\u00e9u feito um doente anestesiado sobre um leito do Hospital Dr. Raimundo Gobira, em Te\u00f3filo Otoni. [&hellip;]<\/p>\n","protected":false},"author":1,"featured_media":625,"comment_status":"open","ping_status":"open","sticky":false,"template":"","format":"standard","meta":{"rop_custom_images_group":[],"rop_custom_messages_group":[],"rop_publish_now":"initial","rop_publish_now_accounts":[],"rop_publish_now_history":[],"rop_publish_now_status":"pending","footnotes":""},"categories":[24],"tags":[199,134,198],"class_list":["post-624","post","type-post","status-publish","format-standard","has-post-thumbnail","hentry","category-opiniao","tag-18-06","tag-anibal","tag-emburrecimento"],"_links":{"self":[{"href":"https:\/\/diariotribuna.com.br\/index.php?rest_route=\/wp\/v2\/posts\/624"}],"collection":[{"href":"https:\/\/diariotribuna.com.br\/index.php?rest_route=\/wp\/v2\/posts"}],"about":[{"href":"https:\/\/diariotribuna.com.br\/index.php?rest_route=\/wp\/v2\/types\/post"}],"author":[{"embeddable":true,"href":"https:\/\/diariotribuna.com.br\/index.php?rest_route=\/wp\/v2\/users\/1"}],"replies":[{"embeddable":true,"href":"https:\/\/diariotribuna.com.br\/index.php?rest_route=%2Fwp%2Fv2%2Fcomments&post=624"}],"version-history":[{"count":3,"href":"https:\/\/diariotribuna.com.br\/index.php?rest_route=\/wp\/v2\/posts\/624\/revisions"}],"predecessor-version":[{"id":628,"href":"https:\/\/diariotribuna.com.br\/index.php?rest_route=\/wp\/v2\/posts\/624\/revisions\/628"}],"wp:featuredmedia":[{"embeddable":true,"href":"https:\/\/diariotribuna.com.br\/index.php?rest_route=\/wp\/v2\/media\/625"}],"wp:attachment":[{"href":"https:\/\/diariotribuna.com.br\/index.php?rest_route=%2Fwp%2Fv2%2Fmedia&parent=624"}],"wp:term":[{"taxonomy":"category","embeddable":true,"href":"https:\/\/diariotribuna.com.br\/index.php?rest_route=%2Fwp%2Fv2%2Fcategories&post=624"},{"taxonomy":"post_tag","embeddable":true,"href":"https:\/\/diariotribuna.com.br\/index.php?rest_route=%2Fwp%2Fv2%2Ftags&post=624"}],"curies":[{"name":"wp","href":"https:\/\/api.w.org\/{rel}","templated":true}]}}