{"id":6728,"date":"2020-12-18T19:32:42","date_gmt":"2020-12-18T22:32:42","guid":{"rendered":"https:\/\/diariotribuna.com.br\/?p=6728"},"modified":"2020-12-18T19:32:44","modified_gmt":"2020-12-18T22:32:44","slug":"teofilo-otoni-registra-125-obitos-por-complicacoes-causadas-pela-covid-19","status":"publish","type":"post","link":"https:\/\/diariotribuna.com.br\/?p=6728","title":{"rendered":"Te\u00f3filo Otoni registra 125 \u00f3bitos por complica\u00e7\u00f5es causadas pela covid-19"},"content":{"rendered":"\n<figure class=\"wp-block-image size-large is-resized\"><img loading=\"lazy\" decoding=\"async\" src=\"https:\/\/diariotribuna.com.br\/wp-content\/uploads\/2020\/12\/Pot\u00e9-1.jpg\" alt=\"\" class=\"wp-image-6729\" width=\"476\" height=\"244\" srcset=\"https:\/\/diariotribuna.com.br\/wp-content\/uploads\/2020\/12\/Pot\u00e9-1.jpg 600w, https:\/\/diariotribuna.com.br\/wp-content\/uploads\/2020\/12\/Pot\u00e9-1-300x154.jpg 300w\" sizes=\"(max-width: 476px) 100vw, 476px\" \/><\/figure>\n\n\n\n<p>O boletim epidemiol\u00f3gico divulgado pela Secretaria Municipal de Sa\u00fade na noite desta sexta-feira (18\/12), confirma <strong>4.002 casos positivos de Covid-19 em Te\u00f3filo Otoni, 40 a mais nas \u00faltimas 24 horas<\/strong> e nesta data <strong>registra mais 01 \u00f3bito<\/strong> por complica\u00e7\u00f5es causadas pela Covid-19, <strong>totalizando 125<\/strong>. At\u00e9 o momento j\u00e1 foram descartados 13.885 casos suspeitos, tem 616 casos ativos, 16 a mais nas \u00faltimas 24 horas, e 3.261 pessoas infectadas j\u00e1 est\u00e3o recuperadas.<\/p>\n\n\n\n<p><strong>O 125\u00ba \u00f3bito<\/strong> ocorreu na quinta-feira (17\/12\/2020) e trata-se de uma idosa de 70 anos. Segundo a secretaria de sa\u00fade a paciente estava internada no Hospital Bom Samaritano, onde recebeu assist\u00eancia e tratamentos necess\u00e1rios. Ela era portadora de comorbidades e teve o resultado confirmado por RT-PCR.<\/p>\n\n\n\n<p><strong>Das Interna\u00e7\u00f5es<\/strong> \u2013 De acordo com a secretaria pelo <strong>SUS, Conv\u00eanio e Particular<\/strong> tem 40 leitos e 33 est\u00e3o ocupados, sendo 16 pacientes de Te\u00f3filo Otoni e 17 de outros munic\u00edpios <strong>(83,00% de ocupa\u00e7\u00e3o<\/strong>). <strong>Leitos de Enfermaria Covid<\/strong> tem 50, sendo que 28 est\u00e3o ocupados, sendo 24 pacientes de Te\u00f3filo Otoni e 04 de outros munic\u00edpios <strong>(56,00% de ocupa\u00e7\u00e3o)<\/strong>.<\/p>\n","protected":false},"excerpt":{"rendered":"<p>O boletim epidemiol\u00f3gico divulgado pela Secretaria Municipal de Sa\u00fade na noite desta sexta-feira (18\/12), confirma 4.002 casos positivos de Covid-19 em Te\u00f3filo Otoni, 40 a mais nas \u00faltimas 24 horas e nesta data registra mais 01 \u00f3bito por complica\u00e7\u00f5es causadas pela Covid-19, totalizando 125. At\u00e9 o momento j\u00e1 foram descartados 13.885 casos suspeitos, tem 616 [&hellip;]<\/p>\n","protected":false},"author":1,"featured_media":6729,"comment_status":"open","ping_status":"open","sticky":false,"template":"","format":"standard","meta":{"rop_custom_images_group":[],"rop_custom_messages_group":[],"rop_publish_now":"initial","rop_publish_now_accounts":[],"rop_publish_now_history":[],"rop_publish_now_status":"pending","footnotes":""},"categories":[192],"tags":[489,84,75],"class_list":["post-6728","post","type-post","status-publish","format-standard","has-post-thumbnail","hentry","category-covid19","tag-boletim-epidemiologico","tag-covid-19","tag-teofilo-otoni"],"_links":{"self":[{"href":"https:\/\/diariotribuna.com.br\/index.php?rest_route=\/wp\/v2\/posts\/6728"}],"collection":[{"href":"https:\/\/diariotribuna.com.br\/index.php?rest_route=\/wp\/v2\/posts"}],"about":[{"href":"https:\/\/diariotribuna.com.br\/index.php?rest_route=\/wp\/v2\/types\/post"}],"author":[{"embeddable":true,"href":"https:\/\/diariotribuna.com.br\/index.php?rest_route=\/wp\/v2\/users\/1"}],"replies":[{"embeddable":true,"href":"https:\/\/diariotribuna.com.br\/index.php?rest_route=%2Fwp%2Fv2%2Fcomments&post=6728"}],"version-history":[{"count":1,"href":"https:\/\/diariotribuna.com.br\/index.php?rest_route=\/wp\/v2\/posts\/6728\/revisions"}],"predecessor-version":[{"id":6730,"href":"https:\/\/diariotribuna.com.br\/index.php?rest_route=\/wp\/v2\/posts\/6728\/revisions\/6730"}],"wp:featuredmedia":[{"embeddable":true,"href":"https:\/\/diariotribuna.com.br\/index.php?rest_route=\/wp\/v2\/media\/6729"}],"wp:attachment":[{"href":"https:\/\/diariotribuna.com.br\/index.php?rest_route=%2Fwp%2Fv2%2Fmedia&parent=6728"}],"wp:term":[{"taxonomy":"category","embeddable":true,"href":"https:\/\/diariotribuna.com.br\/index.php?rest_route=%2Fwp%2Fv2%2Fcategories&post=6728"},{"taxonomy":"post_tag","embeddable":true,"href":"https:\/\/diariotribuna.com.br\/index.php?rest_route=%2Fwp%2Fv2%2Ftags&post=6728"}],"curies":[{"name":"wp","href":"https:\/\/api.w.org\/{rel}","templated":true}]}}