{"id":6731,"date":"2020-12-19T00:48:33","date_gmt":"2020-12-19T03:48:33","guid":{"rendered":"https:\/\/diariotribuna.com.br\/?p=6731"},"modified":"2020-12-19T00:48:34","modified_gmt":"2020-12-19T03:48:34","slug":"cemig-oferece-programacao-especial-de-natal-para-as-criancas","status":"publish","type":"post","link":"https:\/\/diariotribuna.com.br\/?p=6731","title":{"rendered":"Cemig oferece programa\u00e7\u00e3o especial de Natal para as crian\u00e7as"},"content":{"rendered":"\n<p><strong><em>Programa\u00e7\u00e3o on line traz shows e oficinas gratuitas para os pequenos<\/em><\/strong><\/p>\n\n\n\n<figure class=\"wp-block-image size-large is-resized\"><img loading=\"lazy\" decoding=\"async\" src=\"https:\/\/diariotribuna.com.br\/wp-content\/uploads\/2020\/12\/energia-da-cultura-4.jpg\" alt=\"\" class=\"wp-image-6732\" width=\"550\" height=\"308\" srcset=\"https:\/\/diariotribuna.com.br\/wp-content\/uploads\/2020\/12\/energia-da-cultura-4.jpg 600w, https:\/\/diariotribuna.com.br\/wp-content\/uploads\/2020\/12\/energia-da-cultura-4-300x169.jpg 300w\" sizes=\"(max-width: 550px) 100vw, 550px\" \/><\/figure>\n\n\n\n<figure class=\"wp-block-table\"><table><tbody><tr><td>O #EnergiadaCultura desta semana traz mais espet\u00e1culos de luzes e uma programa\u00e7\u00e3o especial para os pequenos. Com o apoio da Cemig, o\u00a0<em>Luzes da Liberdade<\/em>\u00a0faz um Natal com muitas homenagens para os mineiros,\u00a0para voc\u00ea curtir\u00a0com toda a fam\u00edlia, sem sair de casa.<br><br>Confira as atra\u00e7\u00f5es que estar\u00e3o dispon\u00edveis a partir desta sexta-feira, 18 de dezembro,\u00a0na p\u00e1gina da Cemig no Facebook\u00a0\u00a0<a rel=\"noreferrer noopener\" href=\"https:\/\/www.facebook.com\/events\/1070237496723439\/\" target=\"_blank\">https:\/\/www.facebook.com\/events\/1070237496723439\/<\/a><br><br><strong>Programa\u00e7\u00e3o Infantil: Natal On-line<\/strong><br>Entre os dias 21 e 23\/12, das 14h \u00e0s 18h, ser\u00e3o transmitidos shows e oficinas para as crian\u00e7as. Com apresenta\u00e7\u00e3o de Clara Ernest, dire\u00e7\u00e3o de Paula Manata e dire\u00e7\u00e3o de arte de Camila Buzelin.<br><br><strong>Shows<\/strong>: <br><strong>Sexta (18\/12)<\/strong>, \u00e0s 21h, com Giselle Couto e Fernanda VasconcelosArte e vida d\u00e3o o tom do novo trabalho da cantora e compositora Giselle Couto. Entre can\u00e7\u00f5es com influ\u00eancias de elementos da cultura popular, a artista lan\u00e7a, em dezembro, o seu segundo CD, \u201cNatureza\u201d. O \u00e1lbum de in\u00e9ditas reverencia a ancestralidade, os elementos naturais e, claro, o pr\u00f3prio samba. Giselle aparece em sua melhor forma, muito \u00e0 vontade, interpretando as nove faixas do disco de in\u00e9ditas.\u00a0<br><strong>S\u00e1bado (19\/12)<\/strong>, \u00e0s 21h, com Ma\u00edra Baldaia e Elisa de SenaNesse encontro, as artistas Elisa de Sena e Ma\u00edra Baldaia re\u00fanem suas vozes para cantar o feminino e a negritude. Um show afro pop mineiro, repleto de ritmos e texturas, onde a diversidade e as semelhan\u00e7as se re\u00fanem para saudar a ancestralidade e a contemporaneidade em canto.<br><strong>Domingo (20\/12)<\/strong>, \u00e0s 19h, com Regina SouzaRegina Souza lan\u00e7a \u201cChega\u00ed\u201d, seu mais recente trabalho. Com produ\u00e7\u00e3o musical de Du Macedo e Regina e coprodu\u00e7\u00e3o de Felipe Fantoni, o \u00e1lbum foi gravado no in\u00edcio deste ano e traz m\u00fasicas in\u00e9ditas e autorais da artista. Em um formato mais intimista, a apresenta\u00e7\u00e3o traz Regina Souza em voz e viol\u00e3o e Du Macedo em viol\u00e3o, guitarra, cavaquinho e vocais, apresentando todas as can\u00e7\u00f5es do \u00e1lbum e algumas ainda in\u00e9ditas.<br><br><strong>Proje\u00e7\u00f5es na Rua da Bahia<\/strong><br>Para celebrar os anivers\u00e1rios de Minas Gerais e de Belo Horizonte, artistas de todo o Brasil realizam uma s\u00e9rie de proje\u00e7\u00f5es em empenas na Rua da Bahia, no Centro da cidade. As proje\u00e7\u00f5es acontecem nesta sexta, s\u00e1bado e domingo, das 19h \u00e0s 22h, e v\u00e3o retratar o povo mineiro e seus visitantes, al\u00e9m de homenagear a intelectualidade e a arte mineira, representada pela m\u00fasica, artes pl\u00e1sticas, cinema, teatro, entre outros.<br><br>Todas as apresenta\u00e7\u00f5es s\u00e3o gratuitas e ser\u00e3o transmitidas nos canais do circuito.<br>A<strong>companhe no Instagram:<\/strong>\u00a0<a rel=\"noreferrer noopener\" href=\"https:\/\/www.instagram.com\/luzesdaliberdade\/?fbclid=IwAR0KhQsiMMVSMETrwJl-nQwRAMTdzeVr8gde3xCVZhhGEHU6DydBValOegs\" target=\"_blank\">https:\/\/www.instagram.com\/luzesdaliberdade\/<\/a><br><strong>Inscreva-se e ative o sininho no YouTube<\/strong>:\u00a0<a rel=\"noreferrer noopener\" href=\"https:\/\/www.youtube.com\/channel\/UCSCJu_0s_N4qpoCz5Z0_Ljg?fbclid=IwAR1-qTrwQabnnt0gPQ0vi1btG0Wo1PM2MBTD9v8HmiXlIyIlheQPVfyYjQY\" target=\"_blank\">https:\/\/www.youtube.com\/channel\/UCSCJu_0s_N4qpoCz5Z0_Ljg<\/a><br><strong>Assista tamb\u00e9m pelo site Luzes da Liberdade:<\/strong>\u00a0<a rel=\"noreferrer noopener\" href=\"https:\/\/l.facebook.com\/l.php?u=http%3A%2F%2Fluzesdaliberdade.com.br%2F%3Ffbclid%3DIwAR2wfyATZTjJxE6oVcfq_QFb8huKiRsRz6zqaBzFzUhRX1lO1cSg9Jp8tMk&amp;h=AT1Q0I2evIy1rOYckBPFQ3Hw3dUX8qWy0LaSF0tMvkVzs96DB-MDQVzQUfWIk6IiKH0CHyWrAbYtxhHB-rHYE-gC6Azh2GQVj_QZ8V1Jeataro5uIIqVcwHvTUtIMBVwdEs&amp;__tn__=q&amp;c%5b0%5d=AT23wZ7j00CsXrWHQ7vq97m47OeIrZ48b4NK4FavvMjuNwXTnizItKQLPfFuBIZpKG_KVNlqYReYOd__DTeoZbPkDumcLp34FFm6vrZUDCicos1jpLuD8MKwxF7F0BnlsfIACXfYxQQLlVAPrhDpTGS0\" target=\"_blank\">http:\/\/luzesdaliberdade.com.br<\/a>\u00a0\u00a0<\/td><\/tr><tr><td>\u00a0<br><strong>Ger\u00eancia de Comunica\u00e7\u00e3o e Marketing<\/strong><\/td><\/tr><\/tbody><\/table><\/figure>\n","protected":false},"excerpt":{"rendered":"<p>Programa\u00e7\u00e3o on line traz shows e oficinas gratuitas para os pequenos O #EnergiadaCultura desta semana traz mais espet\u00e1culos de luzes e uma programa\u00e7\u00e3o especial para os pequenos. Com o apoio da Cemig, o\u00a0Luzes da Liberdade\u00a0faz um Natal com muitas homenagens para os mineiros,\u00a0para voc\u00ea curtir\u00a0com toda a fam\u00edlia, sem sair de casa. Confira as atra\u00e7\u00f5es [&hellip;]<\/p>\n","protected":false},"author":1,"featured_media":6732,"comment_status":"open","ping_status":"open","sticky":false,"template":"","format":"standard","meta":{"rop_custom_images_group":[],"rop_custom_messages_group":[],"rop_publish_now":"initial","rop_publish_now_accounts":[],"rop_publish_now_history":[],"rop_publish_now_status":"pending","footnotes":""},"categories":[19],"tags":[72,2351,1948,70,2296],"class_list":["post-6731","post","type-post","status-publish","format-standard","has-post-thumbnail","hentry","category-gerais","tag-cemig","tag-criancas","tag-energia-da-cultura","tag-minas-gerais","tag-natal"],"_links":{"self":[{"href":"https:\/\/diariotribuna.com.br\/index.php?rest_route=\/wp\/v2\/posts\/6731"}],"collection":[{"href":"https:\/\/diariotribuna.com.br\/index.php?rest_route=\/wp\/v2\/posts"}],"about":[{"href":"https:\/\/diariotribuna.com.br\/index.php?rest_route=\/wp\/v2\/types\/post"}],"author":[{"embeddable":true,"href":"https:\/\/diariotribuna.com.br\/index.php?rest_route=\/wp\/v2\/users\/1"}],"replies":[{"embeddable":true,"href":"https:\/\/diariotribuna.com.br\/index.php?rest_route=%2Fwp%2Fv2%2Fcomments&post=6731"}],"version-history":[{"count":2,"href":"https:\/\/diariotribuna.com.br\/index.php?rest_route=\/wp\/v2\/posts\/6731\/revisions"}],"predecessor-version":[{"id":6734,"href":"https:\/\/diariotribuna.com.br\/index.php?rest_route=\/wp\/v2\/posts\/6731\/revisions\/6734"}],"wp:featuredmedia":[{"embeddable":true,"href":"https:\/\/diariotribuna.com.br\/index.php?rest_route=\/wp\/v2\/media\/6732"}],"wp:attachment":[{"href":"https:\/\/diariotribuna.com.br\/index.php?rest_route=%2Fwp%2Fv2%2Fmedia&parent=6731"}],"wp:term":[{"taxonomy":"category","embeddable":true,"href":"https:\/\/diariotribuna.com.br\/index.php?rest_route=%2Fwp%2Fv2%2Fcategories&post=6731"},{"taxonomy":"post_tag","embeddable":true,"href":"https:\/\/diariotribuna.com.br\/index.php?rest_route=%2Fwp%2Fv2%2Ftags&post=6731"}],"curies":[{"name":"wp","href":"https:\/\/api.w.org\/{rel}","templated":true}]}}