{"id":6735,"date":"2020-12-19T01:03:48","date_gmt":"2020-12-19T04:03:48","guid":{"rendered":"https:\/\/diariotribuna.com.br\/?p=6735"},"modified":"2020-12-19T01:03:48","modified_gmt":"2020-12-19T04:03:48","slug":"presidente-do-tjmg-inaugura-novo-forum-em-mirai","status":"publish","type":"post","link":"https:\/\/diariotribuna.com.br\/?p=6735","title":{"rendered":"Presidente do TJMG inaugura novo f\u00f3rum em Mira\u00ed"},"content":{"rendered":"\n<p><strong>Edifica\u00e7\u00e3o vai oferecer condi\u00e7\u00f5es adequadas \u00e0 presta\u00e7\u00e3o jurisdicional de qualidade \u00e0 comunidade local<\/strong><\/p>\n\n\n\n<figure class=\"wp-block-image size-large is-resized\"><img loading=\"lazy\" decoding=\"async\" src=\"https:\/\/diariotribuna.com.br\/wp-content\/uploads\/2020\/12\/unnamed-5.jpg\" alt=\"\" class=\"wp-image-6736\" width=\"485\" height=\"323\" srcset=\"https:\/\/diariotribuna.com.br\/wp-content\/uploads\/2020\/12\/unnamed-5.jpg 650w, https:\/\/diariotribuna.com.br\/wp-content\/uploads\/2020\/12\/unnamed-5-300x200.jpg 300w, https:\/\/diariotribuna.com.br\/wp-content\/uploads\/2020\/12\/unnamed-5-630x420.jpg 630w\" sizes=\"(max-width: 485px) 100vw, 485px\" \/><figcaption><strong>Presidente Gilson Lemes disse que foi uma honra a entrega do pr\u00e9dio quando a comarca de Mira\u00ed completa 85 anos de sua instala\u00e7\u00e3o<\/strong><\/figcaption><\/figure>\n\n\n\n<p>O presidente do Tribunal de Justi\u00e7a de Minas Gerais (TJMG), desembargador Gilson Soares Lemes, inaugurou na tarde desta ter\u00e7a-feira, (15\/12), o novo F\u00f3rum Ministro Ant\u00f4nio Martins Vilas Boas, na Comarca de Mira\u00ed, Zona da Mata mineira, a 310 km de Belo Horizonte.<\/p>\n\n\n\n<p>&#8220;\u00c9 uma honra ser testemunha deste dia, pois, juntamente com a entrega oficial do novo pr\u00e9dio, est\u00e1 sendo edificada uma importante p\u00e1gina da hist\u00f3ria desta comarca, que em 2020 completou 85 anos de sua instala\u00e7\u00e3o&#8221;, disse o presidente.<\/p>\n\n\n\n<p>A nova edifica\u00e7\u00e3o, que faz parte do Plano de Acelera\u00e7\u00e3o de Obras do TJMG, possui mais de 700 metros quadrados de \u00e1rea constru\u00edda, amplas salas, sistema de ar condicionado, acessibilidade, e estacionamento.<\/p>\n\n\n\n<p>O f\u00f3rum est\u00e1 localizado no bairro F\u00e1brica, em Mira\u00ed, na Rua Adauto Silveira Alves, nome que homenageia um servidor. A placa da rua foi instalada hoje pela sua esposa, Odaleia Barroca Silveira, filhos, netos, com a presen\u00e7a do presidente Gilson Lemes e do prefeito de Mira\u00ed, Luiz Fortuce.<\/p>\n\n\n\n<figure class=\"wp-block-image size-large is-resized\"><img loading=\"lazy\" decoding=\"async\" src=\"https:\/\/diariotribuna.com.br\/wp-content\/uploads\/2020\/12\/unnamed-1-2.jpg\" alt=\"\" class=\"wp-image-6737\" width=\"464\" height=\"309\" srcset=\"https:\/\/diariotribuna.com.br\/wp-content\/uploads\/2020\/12\/unnamed-1-2.jpg 650w, https:\/\/diariotribuna.com.br\/wp-content\/uploads\/2020\/12\/unnamed-1-2-300x200.jpg 300w, https:\/\/diariotribuna.com.br\/wp-content\/uploads\/2020\/12\/unnamed-1-2-630x420.jpg 630w\" sizes=\"(max-width: 464px) 100vw, 464px\" \/><figcaption><strong>Edifica\u00e7\u00e3o tem 700 metros quadrados de \u00e1rea constru\u00edda, amplas salas, sistema de ar condicionado, acessibilidade, e estacionamento<\/strong><\/figcaption><\/figure>\n\n\n\n<p>No discurso, o presidente lembrou o compositor e cantor Ataulfo Alves, nascido na cidade, em 2 de maio de 1909, recitando parte da letra da m\u00fasica &#8220;Mira\u00ed&#8221;, atrav\u00e9s da qual o sambista homenageou sua terra. &#8220;Para mim \u00e9 uma honra estar aqui na terra natal do grande Ataulfo Alves&#8221;, ressaltou o presidente.<\/p>\n\n\n\n<p>O presidente Gilson Lemes tamb\u00e9m citou o desembargador Ant\u00f4nio Marcos Alvim Soares, cujo irm\u00e3o, Leon Gilson Alvim Soares, foi juiz na Comarca de Mira\u00ed, e o juiz Consuelo Silveira Neto que tamb\u00e9m assessorou o desembargador Alvim Soares e com ele construiu s\u00f3lida amizade.<\/p>\n\n\n\n<p>Tamb\u00e9m participou da comitiva a desembargadora Val\u00e9ria Rodrigues Queiroz, superintendente da Coordenadoria da Inf\u00e2ncia e da Juventude (Coinj) do TJMG, que foi ju\u00edza diretora do foro de Mira\u00ed. &#8220;A exemplo do que aconteceu com tantos que aqui atuaram, ela criou por esta comunidade um afeto todo especial&#8221;, disse o presidente Gilson Lemes.<\/p>\n\n\n\n<p>O desembargador Peixoto Henriques, natural da cidade vizinha de Cataguases, que teve papel de destaque na constru\u00e7\u00e3o do novo f\u00f3rum, e o desembargador Jaubert Carneiro Jaques, atual superintendente de Planejamento Administrativo e Gest\u00e3o de Bens, que tamb\u00e9m passou pela comarca de Mira\u00ed, e que simbolicamente integrou a comitiva, tamb\u00e9m foram citados.<\/p>\n\n\n\n<figure class=\"wp-block-image size-large is-resized\"><img loading=\"lazy\" decoding=\"async\" src=\"https:\/\/diariotribuna.com.br\/wp-content\/uploads\/2020\/12\/unnamed-2-1.jpg\" alt=\"\" class=\"wp-image-6738\" width=\"445\" height=\"296\" srcset=\"https:\/\/diariotribuna.com.br\/wp-content\/uploads\/2020\/12\/unnamed-2-1.jpg 650w, https:\/\/diariotribuna.com.br\/wp-content\/uploads\/2020\/12\/unnamed-2-1-300x200.jpg 300w, https:\/\/diariotribuna.com.br\/wp-content\/uploads\/2020\/12\/unnamed-2-1-630x420.jpg 630w\" sizes=\"(max-width: 445px) 100vw, 445px\" \/><figcaption><strong>Nova sede do Judici\u00e1rio de Mira\u00ed fica na rua Adauto Silveira Alves, que ganhou este nome em homenagem a servidor da comarca<\/strong><\/figcaption><\/figure>\n\n\n\n<p><strong>Novos f\u00f3runs &#8211; <\/strong>O chefe da Corte Mineira destacou a import\u00e2ncia da nova sede para a comarca, com aproximadamente 15 mil habitantes. Disse que o antigo f\u00f3rum se tornou insuficiente e ultrapassado para atender \u00e0 crescente demanda da comunidade por Justi\u00e7a e \u00e0 moderniza\u00e7\u00e3o que os novos tempos exigem.<\/p>\n\n\n\n<p>&#8220;Aqui, refiro-me n\u00e3o apenas ao aspecto tecnol\u00f3gico, mas tamb\u00e9m \u00e0 necessidade premente de oferecermos \u00e0 sociedade edifica\u00e7\u00f5es acess\u00edveis e sustent\u00e1veis&#8221;, frisou o presidente. Neste contexto ressaltou que em resposta a esses desafios, surgiu o Plano de Acelera\u00e7\u00e3o de Obras do TJMG que segue, com entusiasmo, nesta gest\u00e3o.<\/p>\n\n\n\n<p>O presidente Gilson Lemes enfatizou que a entrega do novo f\u00f3rum \u00e9 resultado do compromisso do TJMG de oferecer \u00e0 sociedade uma presta\u00e7\u00e3o jurisdicional de mais qualidade e com ambientes mais adequados e dignos a magistrados, promotores de justi\u00e7a, advogados, defensores p\u00fablicos, servidores, colaboradores, estagi\u00e1rios e jurisdicionados.<\/p>\n\n\n\n<p>Tamb\u00e9m no discurso, o presidente agradeceu ao prefeito de Mira\u00ed, Luiz Fortuce, e ao juiz Felipe Cancela Teixeira J\u00fanior, diretor do foro, que tiveram atua\u00e7\u00e3o decisiva para que a nova sede se tornasse realidade. Ele acrescentou os agradecimentos \u00e0 atual diretora do foro da Comarca de Mira\u00ed, ju\u00edza Priscila Carvalho de Andrade, &#8220;cuja colabora\u00e7\u00e3o foi imprescind\u00edvel para o bom andamento dos trabalhos&#8221;.<\/p>\n\n\n\n<figure class=\"wp-block-image size-large is-resized\"><img loading=\"lazy\" decoding=\"async\" src=\"https:\/\/diariotribuna.com.br\/wp-content\/uploads\/2020\/12\/unnamed-3-1.jpg\" alt=\"\" class=\"wp-image-6739\" width=\"489\" height=\"325\" srcset=\"https:\/\/diariotribuna.com.br\/wp-content\/uploads\/2020\/12\/unnamed-3-1.jpg 650w, https:\/\/diariotribuna.com.br\/wp-content\/uploads\/2020\/12\/unnamed-3-1-300x200.jpg 300w, https:\/\/diariotribuna.com.br\/wp-content\/uploads\/2020\/12\/unnamed-3-1-630x420.jpg 630w\" sizes=\"(max-width: 489px) 100vw, 489px\" \/><figcaption><strong>Presidente do TJMG, Gilson Lemes, agradeceu a todos que, direta ou indiretamente, contribu\u00edram para a constru\u00e7\u00e3o da nova sede<\/strong><\/figcaption><\/figure>\n\n\n\n<p>O presidente Gilson Lemes fez um agradecimento especial ao ex-presidente Nelson Missias de Morais que estabeleceu a constru\u00e7\u00e3o de novos f\u00f3runs pelo interior de Minas como uma das prioridades de sua gest\u00e3o.<\/p>\n\n\n\n<p>Tamb\u00e9m tiveram participa\u00e7\u00e3o expressiva para que a meta se concretizasse o superintendente de Obras \u00e0 \u00e9poca, desembargador Amauri Pinto Ferreira,o juiz auxiliar da Presid\u00eancia Jair Francisco dos Santos e a equipe da Diretoria de Engenharia e Gest\u00e3o Predial do TJMG, sob o comando do diretor Marcelo Junqueira.<\/p>\n\n\n\n<p>Outro que recebeu destaque no discurso do presidente Gilson Lemes, foi o ministro Ant\u00f4nio Martins Vilas Boas, que d\u00e1 nome ao f\u00f3rum e que desempenhou as fun\u00e7\u00f5es de juiz municipal de Mira\u00ed, no ano de 1927. &#8220;Sei do parentesco do ministro Vilas Boas com o Desembargador Alberto Vilas Boas, nosso querido Colega do TJMG. O ministro foi um homem p\u00fablico not\u00e1vel, que foi delegado, promotor, pol\u00edtico, procurador da Rep\u00fablica de Minas Gerais, procurador-geral do Estado, desembargador do Tribunal de Justi\u00e7a de Minas Gerais e ministro do Supremo Tribunal Federal, nomeado pelo presidente Juscelino Kubitschek, em decreto de 13 de fevereiro de 1957. Dono de uma longa e rica trajet\u00f3ria, marcada pela integridade, sabedoria e operosidade&#8221;, disse o presidente Gilson Lemes.<\/p>\n\n\n\n<p>A diretora do foro da Comarca de Mira\u00ed, ju\u00edza Priscila Carvalho de Andrade, disse que, hoje, s\u00e3o 4.345 feitos ativos na comarca. Afirmou que o antigo pr\u00e9dio, foi cedido para o TJMG em 1994, quando a comarca era bem menor. &#8220;Foi um pr\u00e9dio que nos atendeu muito bem. Contudo, era uma edifica\u00e7\u00e3o muito antiga e que apresentava problemas de espa\u00e7o e estrutura para atender a popula\u00e7\u00e3o&#8221;, disse a magistrada.<\/p>\n\n\n\n<p>Para a ju\u00edza, a renova\u00e7\u00e3o \u00e9 muito benvinda e chega no momento certo. Al\u00e9m de Mira\u00ed, a comarca \u00e9 composta pela cidade de S\u00e3o Sebasti\u00e3o da Vagem Alegre e pelo distrito de Dores da Vit\u00f3ria.<\/p>\n\n\n\n<p><strong>Presen\u00e7as &#8211;<\/strong> Tamb\u00e9m participaram da cerim\u00f4nia de inaugura\u00e7\u00e3o do F\u00f3rum Ministro Ant\u00f4nio Martins Vilas Boas, os desembargadores Bruno Terra dias, Val\u00e9ria Rodrigues Queir\u00f3z, Ant\u00f4nio Marcos Alvim Soares e Vitor In\u00e1cio Peixoto Parreiras Peixoto Henriques; a ju\u00edza Priscila Carvalho de Andrade; o prefeito de Mira\u00ed, Luiz Fortuce; e demais autoridades dos poderes Judici\u00e1rio, Legislativo e Executivo da regi\u00e3o.<\/p>\n\n\n\n<p><strong>(Assessoria de Comunica\u00e7\u00e3o Institucional &#8211; Ascom<\/strong> \/ <strong>Tribunal de Justi\u00e7a de Minas Gerais &#8211; TJMG)<\/strong><\/p>\n","protected":false},"excerpt":{"rendered":"<p>Edifica\u00e7\u00e3o vai oferecer condi\u00e7\u00f5es adequadas \u00e0 presta\u00e7\u00e3o jurisdicional de qualidade \u00e0 comunidade local O presidente do Tribunal de Justi\u00e7a de Minas Gerais (TJMG), desembargador Gilson Soares Lemes, inaugurou na tarde desta ter\u00e7a-feira, (15\/12), o novo F\u00f3rum Ministro Ant\u00f4nio Martins Vilas Boas, na Comarca de Mira\u00ed, Zona da Mata mineira, a 310 km de Belo Horizonte. [&hellip;]<\/p>\n","protected":false},"author":1,"featured_media":6738,"comment_status":"open","ping_status":"open","sticky":false,"template":"","format":"standard","meta":{"rop_custom_images_group":[],"rop_custom_messages_group":[],"rop_publish_now":"initial","rop_publish_now_accounts":[],"rop_publish_now_history":[],"rop_publish_now_status":"pending","footnotes":""},"categories":[31],"tags":[2353,2352,53],"class_list":["post-6735","post","type-post","status-publish","format-standard","has-post-thumbnail","hentry","category-juridico","tag-mirai","tag-novo-forum","tag-tjmg"],"_links":{"self":[{"href":"https:\/\/diariotribuna.com.br\/index.php?rest_route=\/wp\/v2\/posts\/6735"}],"collection":[{"href":"https:\/\/diariotribuna.com.br\/index.php?rest_route=\/wp\/v2\/posts"}],"about":[{"href":"https:\/\/diariotribuna.com.br\/index.php?rest_route=\/wp\/v2\/types\/post"}],"author":[{"embeddable":true,"href":"https:\/\/diariotribuna.com.br\/index.php?rest_route=\/wp\/v2\/users\/1"}],"replies":[{"embeddable":true,"href":"https:\/\/diariotribuna.com.br\/index.php?rest_route=%2Fwp%2Fv2%2Fcomments&post=6735"}],"version-history":[{"count":1,"href":"https:\/\/diariotribuna.com.br\/index.php?rest_route=\/wp\/v2\/posts\/6735\/revisions"}],"predecessor-version":[{"id":6740,"href":"https:\/\/diariotribuna.com.br\/index.php?rest_route=\/wp\/v2\/posts\/6735\/revisions\/6740"}],"wp:featuredmedia":[{"embeddable":true,"href":"https:\/\/diariotribuna.com.br\/index.php?rest_route=\/wp\/v2\/media\/6738"}],"wp:attachment":[{"href":"https:\/\/diariotribuna.com.br\/index.php?rest_route=%2Fwp%2Fv2%2Fmedia&parent=6735"}],"wp:term":[{"taxonomy":"category","embeddable":true,"href":"https:\/\/diariotribuna.com.br\/index.php?rest_route=%2Fwp%2Fv2%2Fcategories&post=6735"},{"taxonomy":"post_tag","embeddable":true,"href":"https:\/\/diariotribuna.com.br\/index.php?rest_route=%2Fwp%2Fv2%2Ftags&post=6735"}],"curies":[{"name":"wp","href":"https:\/\/api.w.org\/{rel}","templated":true}]}}