{"id":6741,"date":"2020-12-20T22:55:31","date_gmt":"2020-12-21T01:55:31","guid":{"rendered":"https:\/\/diariotribuna.com.br\/?p=6741"},"modified":"2020-12-20T22:55:31","modified_gmt":"2020-12-21T01:55:31","slug":"covid-19-secretaria-de-saude-confirma-mais-03-obitos-em-teofilo-otoni","status":"publish","type":"post","link":"https:\/\/diariotribuna.com.br\/?p=6741","title":{"rendered":"COVID-19: Secretaria de Sa\u00fade confirma mais 03 \u00f3bitos em Te\u00f3filo Otoni"},"content":{"rendered":"\n<figure class=\"wp-block-image size-large is-resized\"><img loading=\"lazy\" decoding=\"async\" src=\"https:\/\/diariotribuna.com.br\/wp-content\/uploads\/2020\/12\/90127239_2607949282827065_4095575144385216512_n-2.jpg\" alt=\"\" class=\"wp-image-6742\" width=\"502\" height=\"280\" srcset=\"https:\/\/diariotribuna.com.br\/wp-content\/uploads\/2020\/12\/90127239_2607949282827065_4095575144385216512_n-2.jpg 600w, https:\/\/diariotribuna.com.br\/wp-content\/uploads\/2020\/12\/90127239_2607949282827065_4095575144385216512_n-2-300x168.jpg 300w\" sizes=\"(max-width: 502px) 100vw, 502px\" \/><\/figure>\n\n\n\n<p>A Secretaria Municipal de Sa\u00fade divulgou boletim epidemiol\u00f3gico na noite deste domingo (20\/12), confirmando o registro de <strong>mais 03 \u00f3bitos<\/strong> por complica\u00e7\u00f5es causadas pela covid-19 em Te\u00f3filo Otoni, <strong>totalizando 128<\/strong> at\u00e9 esta data. Os \u00f3bitos ocorreram na sexta-feira (18), s\u00e1bado (19) e neste domingo (20\/12\/2020), sendo duas mulheres e um homem. Tem ainda 01 \u00f3bito em investiga\u00e7\u00e3o.<\/p>\n\n\n\n<p><strong>O 1\u00ba \u00f3bito<\/strong> foi de uma mulher de 53 anos, que estava internada no Hospital Philadelfia. A paciente era portadora de comorbidades e teve o resultado confirmado por teste r\u00e1pido. <strong>O 2\u00ba \u00f3bito<\/strong> trata-se de uma mulher de 67 anos, que estava internada no Hospital Santa Ros\u00e1lia. A paciente era portadora de comorbidades e teve o resultado confirmado por RT-PCR. <strong>O 3\u00ba \u00f3bito<\/strong> trata-se de um homem de 72 anos, que estava internado no Hospital Santa Ros\u00e1lia. O paciente era portador de comorbidades e teve o resultado confirmado por RT-PCR. A secretaria de sa\u00fade informa que os tr\u00eas receberam assist\u00eancia e tratamento necess\u00e1rios.<\/p>\n\n\n\n<p>Nesta data o munic\u00edpio computa <strong>4.060 casos positivos de Covid-19<\/strong> em Te\u00f3filo Otoni,<strong> 14 a mais nas \u00faltimas 24 horas<\/strong>. At\u00e9 o momento j\u00e1 <strong>foram descartados 14.005<\/strong> casos suspeitos, <strong>tem 646 casos ativos<\/strong>, 06 a menos nas \u00faltimas 24 horas, e <strong>3.287 pessoas infectadas j\u00e1 est\u00e3o recuperadas<\/strong>.<\/p>\n\n\n\n<p><strong>Das Interna\u00e7\u00f5es<\/strong> \u2013 De acordo com a secretaria pelo <strong>SUS, Conv\u00eanio e Particular<\/strong> tem 40 leitos de UTI Covid e 37 est\u00e3o ocupados, sendo 18 pacientes de Te\u00f3filo Otoni e 19 de outros munic\u00edpios <strong>(92,50% de ocupa\u00e7\u00e3o<\/strong>). Tem <strong>50 Leitos de Enfermaria Covid<\/strong> e 24 est\u00e3o ocupados, sendo 21 pacientes de Te\u00f3filo Otoni e 03 de outros munic\u00edpios <strong>(48,00% de ocupa\u00e7\u00e3o)<\/strong>.<\/p>\n","protected":false},"excerpt":{"rendered":"<p>A Secretaria Municipal de Sa\u00fade divulgou boletim epidemiol\u00f3gico na noite deste domingo (20\/12), confirmando o registro de mais 03 \u00f3bitos por complica\u00e7\u00f5es causadas pela covid-19 em Te\u00f3filo Otoni, totalizando 128 at\u00e9 esta data. Os \u00f3bitos ocorreram na sexta-feira (18), s\u00e1bado (19) e neste domingo (20\/12\/2020), sendo duas mulheres e um homem. Tem ainda 01 \u00f3bito [&hellip;]<\/p>\n","protected":false},"author":1,"featured_media":6742,"comment_status":"open","ping_status":"open","sticky":false,"template":"","format":"standard","meta":{"rop_custom_images_group":[],"rop_custom_messages_group":[],"rop_publish_now":"initial","rop_publish_now_accounts":[],"rop_publish_now_history":[],"rop_publish_now_status":"pending","footnotes":""},"categories":[192],"tags":[2355,489,84,2354,75],"class_list":["post-6741","post","type-post","status-publish","format-standard","has-post-thumbnail","hentry","category-covid19","tag-20-12-2020","tag-boletim-epidemiologico","tag-covid-19","tag-domingo","tag-teofilo-otoni"],"_links":{"self":[{"href":"https:\/\/diariotribuna.com.br\/index.php?rest_route=\/wp\/v2\/posts\/6741"}],"collection":[{"href":"https:\/\/diariotribuna.com.br\/index.php?rest_route=\/wp\/v2\/posts"}],"about":[{"href":"https:\/\/diariotribuna.com.br\/index.php?rest_route=\/wp\/v2\/types\/post"}],"author":[{"embeddable":true,"href":"https:\/\/diariotribuna.com.br\/index.php?rest_route=\/wp\/v2\/users\/1"}],"replies":[{"embeddable":true,"href":"https:\/\/diariotribuna.com.br\/index.php?rest_route=%2Fwp%2Fv2%2Fcomments&post=6741"}],"version-history":[{"count":1,"href":"https:\/\/diariotribuna.com.br\/index.php?rest_route=\/wp\/v2\/posts\/6741\/revisions"}],"predecessor-version":[{"id":6743,"href":"https:\/\/diariotribuna.com.br\/index.php?rest_route=\/wp\/v2\/posts\/6741\/revisions\/6743"}],"wp:featuredmedia":[{"embeddable":true,"href":"https:\/\/diariotribuna.com.br\/index.php?rest_route=\/wp\/v2\/media\/6742"}],"wp:attachment":[{"href":"https:\/\/diariotribuna.com.br\/index.php?rest_route=%2Fwp%2Fv2%2Fmedia&parent=6741"}],"wp:term":[{"taxonomy":"category","embeddable":true,"href":"https:\/\/diariotribuna.com.br\/index.php?rest_route=%2Fwp%2Fv2%2Fcategories&post=6741"},{"taxonomy":"post_tag","embeddable":true,"href":"https:\/\/diariotribuna.com.br\/index.php?rest_route=%2Fwp%2Fv2%2Ftags&post=6741"}],"curies":[{"name":"wp","href":"https:\/\/api.w.org\/{rel}","templated":true}]}}