{"id":6778,"date":"2020-12-23T11:34:59","date_gmt":"2020-12-23T14:34:59","guid":{"rendered":"https:\/\/diariotribuna.com.br\/?p=6778"},"modified":"2020-12-25T23:55:01","modified_gmt":"2020-12-26T02:55:01","slug":"produtor-rural-esteja-em-dia-com-a-vacina-contra-a-brucelose-e-evite-multa","status":"publish","type":"post","link":"https:\/\/diariotribuna.com.br\/?p=6778","title":{"rendered":"PRODUTOR RURAL \u2013 Esteja em dia com a vacina contra a brucelose e evite multa"},"content":{"rendered":"\n<figure class=\"wp-block-image size-large is-resized\"><img loading=\"lazy\" decoding=\"async\" src=\"https:\/\/diariotribuna.com.br\/wp-content\/uploads\/2020\/12\/ae5cc9e1-8a2d-4ae8-8846-aa215bcf99a0.jpg\" alt=\"\" class=\"wp-image-6780\" width=\"272\" height=\"362\" srcset=\"https:\/\/diariotribuna.com.br\/wp-content\/uploads\/2020\/12\/ae5cc9e1-8a2d-4ae8-8846-aa215bcf99a0.jpg 700w, https:\/\/diariotribuna.com.br\/wp-content\/uploads\/2020\/12\/ae5cc9e1-8a2d-4ae8-8846-aa215bcf99a0-225x300.jpg 225w, https:\/\/diariotribuna.com.br\/wp-content\/uploads\/2020\/12\/ae5cc9e1-8a2d-4ae8-8846-aa215bcf99a0-696x928.jpg 696w, https:\/\/diariotribuna.com.br\/wp-content\/uploads\/2020\/12\/ae5cc9e1-8a2d-4ae8-8846-aa215bcf99a0-315x420.jpg 315w\" sizes=\"(max-width: 272px) 100vw, 272px\" \/><figcaption><strong>Paulo S\u00e9rgio Almeida Santos \u2013 Contador, diretor da empresa Vitaly Almeida Contabilidade &amp; Rural<\/strong><\/figcaption><\/figure>\n\n\n\n<figure class=\"wp-block-image size-large is-resized\"><img loading=\"lazy\" decoding=\"async\" src=\"https:\/\/diariotribuna.com.br\/wp-content\/uploads\/2020\/12\/Vacina-Brucelose-x-VITALY.png\" alt=\"\" class=\"wp-image-6779\" width=\"468\" height=\"380\"\/><\/figure>\n\n\n\n<p>A BRUCELOSE \u00e9 uma das causas de perdas econ\u00f4micas na produ\u00e7\u00e3o pecu\u00e1ria, j\u00e1 que pode provocar queda na produ\u00e7\u00e3o de leite, menor ganho de peso dos animais e aborto. A doen\u00e7a \u00e9 causada pela bact\u00e9ria Brucella abortus, sendo classificada como uma zoonose, pois pode ser transmitida do animal infectado para o ser humano.<\/p>\n\n\n\n<p>Importante o produtor rural procurar um m\u00e9dico veterin\u00e1rio regularmente cadastrado no IMA para vacinar de forma adequada as bezerras, j\u00e1 que a vacina utilizada \u00e9 do tipo viva atenuada, podendo causar a doen\u00e7a no ser humano caso haja algum tipo de acidente durante a aplica\u00e7\u00e3o.<\/p>\n\n\n\n<p><strong>CUIDADOS COM A VACINA\u00c7\u00c3O \u2013<\/strong> As bezerras imunizadas com a vacina B19 devem ser marcadas no lado esquerdo da face com o n\u00famero zero. A compra da vacina contra brucelose somente \u00e9 permitida mediante apresenta\u00e7\u00e3o do receitu\u00e1rio, emitido por m\u00e9dico veterin\u00e1rio cadastrado no IMA, que fica retido no estabelecimento comercial. A vacina adquirida deve ser mantida entre dois e oito graus cent\u00edgrados do momento da compra at\u00e9 a vacina\u00e7\u00e3o das f\u00eameas.<\/p>\n\n\n\n<p><strong>IDADE \u2013<\/strong> A vacina\u00e7\u00e3o contra brucelose \u00e9 obrigat\u00f3ria em todas as f\u00eameas das esp\u00e9cies bovinas na FAIXA ET\u00c1RIA DE 3 A 8 MESES;<\/p>\n\n\n\n<p><strong>PRAZO \u2013<\/strong> O produtor rural deve vacinar suas bezerras SEMESTRALMENTE, declarando por meio da entrega dos ATESTADOS DE VACINA\u00c7\u00c3O AO IMA at\u00e9 o dia 10 ap\u00f3s o fechamento de cada semestre (10 de janeiro e 10 de julho);<\/p>\n\n\n\n<p><strong>MULTA \u2013<\/strong> Quem n\u00e3o vacinar \u00e9 pass\u00edvel de MULTA DE R$ 92,79 POR ANIMAL N\u00c3O VACINADO. Al\u00e9m disso, quem deixar de declarar a vacina\u00e7\u00e3o contra brucelose ao IMA poder\u00e1 ser MULTADO EM AT\u00c9 R$ 18,55 POR ANIMAL N\u00c3O DECLARADO.<\/p>\n\n\n\n<p><strong>PAULO S\u00c9RGIO ALMEIDA SANTOS<\/strong> &#8211; Contador; Diretor da empresa VITALY ALMEIDA Contabilidade &amp; Rural; Forma\u00e7\u00e3o em T\u00e9cnico em Contabilidade (E.E. Alfredo S\u00e1 &#8211; Te\u00f3filo Otoni); Forma\u00e7\u00e3o Superior em Ci\u00eancias Cont\u00e1beis (Doctum-Te\u00f3filo Otoni); P\u00f3s Graduando em Gest\u00e3o Financeira e Controladoria (FGV-Governador Valadares); Diretor do SINDCONT Nordeste Mineiro; Conselheiro da Junta de Recursos Fiscais em Te\u00f3filo Otoni; Diretor do CMDCA em Itambacuri; Diretor da ASSETI em Itambacuri; Diretor da CDL Itambacuri.<\/p>\n\n\n\n<p><strong>Cr\u00edticas\/sugest\u00f5es: <a href=\"mailto:vitalyalmeida@gmail.com\">vitalyalmeida@gmail.com<\/a><\/strong><\/p>\n","protected":false},"excerpt":{"rendered":"<p>A BRUCELOSE \u00e9 uma das causas de perdas econ\u00f4micas na produ\u00e7\u00e3o pecu\u00e1ria, j\u00e1 que pode provocar queda na produ\u00e7\u00e3o de leite, menor ganho de peso dos animais e aborto. A doen\u00e7a \u00e9 causada pela bact\u00e9ria Brucella abortus, sendo classificada como uma zoonose, pois pode ser transmitida do animal infectado para o ser humano. Importante o [&hellip;]<\/p>\n","protected":false},"author":1,"featured_media":6779,"comment_status":"open","ping_status":"open","sticky":false,"template":"","format":"standard","meta":{"rop_custom_images_group":[],"rop_custom_messages_group":[],"rop_publish_now":"initial","rop_publish_now_accounts":[],"rop_publish_now_history":[],"rop_publish_now_status":"pending","footnotes":""},"categories":[24],"tags":[42,540,75,2362],"class_list":["post-6778","post","type-post","status-publish","format-standard","has-post-thumbnail","hentry","category-opiniao","tag-diario-tribuna","tag-paulo-sergio-almeida-santos","tag-teofilo-otoni","tag-vacina-contra-a-brucelose-bovina"],"_links":{"self":[{"href":"https:\/\/diariotribuna.com.br\/index.php?rest_route=\/wp\/v2\/posts\/6778"}],"collection":[{"href":"https:\/\/diariotribuna.com.br\/index.php?rest_route=\/wp\/v2\/posts"}],"about":[{"href":"https:\/\/diariotribuna.com.br\/index.php?rest_route=\/wp\/v2\/types\/post"}],"author":[{"embeddable":true,"href":"https:\/\/diariotribuna.com.br\/index.php?rest_route=\/wp\/v2\/users\/1"}],"replies":[{"embeddable":true,"href":"https:\/\/diariotribuna.com.br\/index.php?rest_route=%2Fwp%2Fv2%2Fcomments&post=6778"}],"version-history":[{"count":1,"href":"https:\/\/diariotribuna.com.br\/index.php?rest_route=\/wp\/v2\/posts\/6778\/revisions"}],"predecessor-version":[{"id":6781,"href":"https:\/\/diariotribuna.com.br\/index.php?rest_route=\/wp\/v2\/posts\/6778\/revisions\/6781"}],"wp:featuredmedia":[{"embeddable":true,"href":"https:\/\/diariotribuna.com.br\/index.php?rest_route=\/wp\/v2\/media\/6779"}],"wp:attachment":[{"href":"https:\/\/diariotribuna.com.br\/index.php?rest_route=%2Fwp%2Fv2%2Fmedia&parent=6778"}],"wp:term":[{"taxonomy":"category","embeddable":true,"href":"https:\/\/diariotribuna.com.br\/index.php?rest_route=%2Fwp%2Fv2%2Fcategories&post=6778"},{"taxonomy":"post_tag","embeddable":true,"href":"https:\/\/diariotribuna.com.br\/index.php?rest_route=%2Fwp%2Fv2%2Ftags&post=6778"}],"curies":[{"name":"wp","href":"https:\/\/api.w.org\/{rel}","templated":true}]}}