{"id":6782,"date":"2020-12-23T14:04:17","date_gmt":"2020-12-23T17:04:17","guid":{"rendered":"https:\/\/diariotribuna.com.br\/?p=6782"},"modified":"2020-12-23T14:04:18","modified_gmt":"2020-12-23T17:04:18","slug":"uma-pergunta","status":"publish","type":"post","link":"https:\/\/diariotribuna.com.br\/?p=6782","title":{"rendered":"Uma pergunta&#8230;"},"content":{"rendered":"\n<figure class=\"wp-block-image size-large is-resized\"><img loading=\"lazy\" decoding=\"async\" src=\"https:\/\/diariotribuna.com.br\/wp-content\/uploads\/2020\/12\/f9718fac-dbb2-45bc-ab17-a6cc5a19a494-5.jpg\" alt=\"\" class=\"wp-image-6786\" width=\"315\" height=\"260\" srcset=\"https:\/\/diariotribuna.com.br\/wp-content\/uploads\/2020\/12\/f9718fac-dbb2-45bc-ab17-a6cc5a19a494-5.jpg 700w, https:\/\/diariotribuna.com.br\/wp-content\/uploads\/2020\/12\/f9718fac-dbb2-45bc-ab17-a6cc5a19a494-5-300x248.jpg 300w, https:\/\/diariotribuna.com.br\/wp-content\/uploads\/2020\/12\/f9718fac-dbb2-45bc-ab17-a6cc5a19a494-5-696x575.jpg 696w, https:\/\/diariotribuna.com.br\/wp-content\/uploads\/2020\/12\/f9718fac-dbb2-45bc-ab17-a6cc5a19a494-5-509x420.jpg 509w\" sizes=\"(max-width: 315px) 100vw, 315px\" \/><figcaption><strong>An\u00edbal Gon\u00e7alves &#8211; Pedagogo<\/strong><\/figcaption><\/figure>\n\n\n\n<p>Em uma edi\u00e7\u00e3o desta minha coluna dirigi uma pergunta aos eleitores e eleitoras: onde estou&#8230;? Antes que se fa\u00e7a qualquer an\u00e1lise sobre a minha pergunta, \u00e9 preciso ter em mente que o meu posicionamento pol\u00edtico-partid\u00e1rio \u2013 \u00e0 dist\u00e2ncia dos caciques e dos \u00edndios \u2013 sempre foi e \u00e9 a condi\u00e7\u00e3o sine qua non [essencial] para a exist\u00eancia da minha independ\u00eancia diante dos gestores p\u00fablicos, sejam os atuais ou aqueles que os precederam.<\/p>\n\n\n\n<p>Mas para que possamos perceber a minha pergunta de forma panor\u00e2mica e n\u00e3o apenas como mais uma aleivosia contra a atual gest\u00e3o municipal, vejamos o que nos revela a t\u00e3o decantada democracia, aqui propalada como participa\u00e7\u00e3o popular pelo \u201cjeito petista de administrar\u201d.<\/p>\n\n\n\n<p>Em 1734, Voltaire faz uma compara\u00e7\u00e3o entre as institui\u00e7\u00f5es pol\u00edticas de Roma e da Inglaterra e mostrou que a C\u00e2mara dos Lordes e a C\u00e2mara dos Comuns s\u00e3o os \u00e1rbitros da na\u00e7\u00e3o e a balan\u00e7a que faltava aos romanos, pois em Roma os grandes e o povo estavam sempre divididos, sem intermedi\u00e1rios. E a hist\u00f3ria nos confirma que os regimes totalit\u00e1rios n\u00e3o tiveram e ainda n\u00e3o t\u00eam, como em Cuba \u2013 que o petismo tanto exalta, um parlamento em pleno funcionamento.<\/p>\n\n\n\n<p>\u00c9 sabido que o Poder Legislativo \u2013 leia-se, por exemplo, a C\u00e2mara Municipal de Te\u00f3filo Otoni, tem as fun\u00e7\u00f5es de legislar, fiscalizar e debater temas de interesse da sociedade. Em Te\u00f3filo Otoni, por\u00e9m, como posso demonstrar, h\u00e1 um certo vazio do poder, por motivo da falta de transpar\u00eancia do Executivo municipal, que n\u00e3o informa os dados requeridos em profundidade pelo Legislativo.<\/p>\n\n\n\n<p>Os temas de interesse da popula\u00e7\u00e3o, debatidos naquela casa legislativa, s\u00e3o oportunos e bem formulados, a exemplo dos diversos pedidos de esclarecimentos aos titulares das diversas secretarias municipais.<\/p>\n\n\n\n<p>A t\u00e3o alardeada participa\u00e7\u00e3o popular pela atual gest\u00e3o municipal nos d\u00e1 oportunidade tamb\u00e9m para uma considera\u00e7\u00e3o acerca do que se chama hoje \u201cdemocracia semi-direta\u201d, ou seja, a participa\u00e7\u00e3o direta do eleitorado em algumas quest\u00f5es pol\u00eamicas e de import\u00e2ncia para a comunidade.<\/p>\n\n\n\n<p>Nesse contexto, a atual gest\u00e3o municipal j\u00e1 perdeu a credibilidade e a confian\u00e7a de expressiva parcela da popula\u00e7\u00e3o teofilotonense, criando um grande problema para a sustenta\u00e7\u00e3o da nossa democracia e gerando uma equivocada polariza\u00e7\u00e3o pol\u00edtico-partid\u00e1ria sem eira nem beira.<\/p>\n\n\n\n<p>Assim, minha indaga\u00e7\u00e3o: \u201cOnde estou&#8230;?\u201d reverbera nos ouvidos moucos da atual gest\u00e3o municipal, que a partir do entendimento de alguns e profecia de outros eventuais integrantes do poder, s\u00f3 fez e faz satanizar este colunista, na busca incessante para transform\u00e1-lo no inimigo p\u00fablico n\u00famero um do petismo \u2013 ou do sucupirismo.<\/p>\n\n\n\n<p>Nada melhor do que um dia ap\u00f3s o outro&#8230;<\/p>\n\n\n\n<p>N\u00e3o jogo no time de \u201cquanto pior, melhor\u201d.<\/p>\n\n\n\n<p>Torci pelo \u00eaxito da atual gest\u00e3o municipal, mas sem ufanismo. Urge, contudo, que se fa\u00e7a uma reforma profunda no modus operandi da gest\u00e3o municipal \u2013 por ora diplomada e empossada \u2013, a partir deste 2021, reduzindo a zero as iniciativas med\u00edocres e passando a considerar, mesmo que sob forma de cr\u00edticas, as sugest\u00f5es que possam fazer funcionar com efic\u00e1cia o governo em Te\u00f3filo Otoni.<\/p>\n\n\n\n<p><strong>An\u00edbal Gon\u00e7alves<\/strong> \u00e9 pedagogo, graduado em Administra\u00e7\u00e3o Escolar, ex-diretor da Escola Estadual de Coroaci &#8211; MG [hoje Dona Sinhaninha Gon\u00e7alves] e professor de Filosofia, Sociologia e Hist\u00f3ria da Educa\u00e7\u00e3o. Foi chefe do Departamento de Educa\u00e7\u00e3o Cooperativista da CLTO. Atualmente, jornalista e radialista da 98 FM (Te\u00f3filo Otoni) e colunista do Jornal Di\u00e1rio Tribuna.<\/p>\n","protected":false},"excerpt":{"rendered":"<p>Em uma edi\u00e7\u00e3o desta minha coluna dirigi uma pergunta aos eleitores e eleitoras: onde estou&#8230;? Antes que se fa\u00e7a qualquer an\u00e1lise sobre a minha pergunta, \u00e9 preciso ter em mente que o meu posicionamento pol\u00edtico-partid\u00e1rio \u2013 \u00e0 dist\u00e2ncia dos caciques e dos \u00edndios \u2013 sempre foi e \u00e9 a condi\u00e7\u00e3o sine qua non [essencial] para [&hellip;]<\/p>\n","protected":false},"author":1,"featured_media":6786,"comment_status":"open","ping_status":"open","sticky":false,"template":"","format":"standard","meta":{"rop_custom_images_group":[],"rop_custom_messages_group":[],"rop_publish_now":"initial","rop_publish_now_accounts":[],"rop_publish_now_history":[],"rop_publish_now_status":"pending","footnotes":""},"categories":[24],"tags":[2361,346,42,75,2363],"class_list":["post-6782","post","type-post","status-publish","format-standard","has-post-thumbnail","hentry","category-opiniao","tag-23-12-2020","tag-anibal-goncalves","tag-diario-tribuna","tag-teofilo-otoni","tag-uma-pergunta"],"_links":{"self":[{"href":"https:\/\/diariotribuna.com.br\/index.php?rest_route=\/wp\/v2\/posts\/6782"}],"collection":[{"href":"https:\/\/diariotribuna.com.br\/index.php?rest_route=\/wp\/v2\/posts"}],"about":[{"href":"https:\/\/diariotribuna.com.br\/index.php?rest_route=\/wp\/v2\/types\/post"}],"author":[{"embeddable":true,"href":"https:\/\/diariotribuna.com.br\/index.php?rest_route=\/wp\/v2\/users\/1"}],"replies":[{"embeddable":true,"href":"https:\/\/diariotribuna.com.br\/index.php?rest_route=%2Fwp%2Fv2%2Fcomments&post=6782"}],"version-history":[{"count":2,"href":"https:\/\/diariotribuna.com.br\/index.php?rest_route=\/wp\/v2\/posts\/6782\/revisions"}],"predecessor-version":[{"id":6787,"href":"https:\/\/diariotribuna.com.br\/index.php?rest_route=\/wp\/v2\/posts\/6782\/revisions\/6787"}],"wp:featuredmedia":[{"embeddable":true,"href":"https:\/\/diariotribuna.com.br\/index.php?rest_route=\/wp\/v2\/media\/6786"}],"wp:attachment":[{"href":"https:\/\/diariotribuna.com.br\/index.php?rest_route=%2Fwp%2Fv2%2Fmedia&parent=6782"}],"wp:term":[{"taxonomy":"category","embeddable":true,"href":"https:\/\/diariotribuna.com.br\/index.php?rest_route=%2Fwp%2Fv2%2Fcategories&post=6782"},{"taxonomy":"post_tag","embeddable":true,"href":"https:\/\/diariotribuna.com.br\/index.php?rest_route=%2Fwp%2Fv2%2Ftags&post=6782"}],"curies":[{"name":"wp","href":"https:\/\/api.w.org\/{rel}","templated":true}]}}